{"id":64945,"date":"2026-09-04T19:58:18","date_gmt":"2026-09-04T22:58:18","guid":{"rendered":"https:\/\/temucotelevision.cl\/web\/?p=64945"},"modified":"2026-09-04T19:58:18","modified_gmt":"2026-09-04T22:58:18","slug":"master-media-chile-celebra-septiembre-con-el-regreso-de-aires-de-chile-y-la-mayor-campana-de-difusion-de-cueca-del-pais","status":"publish","type":"post","link":"https:\/\/temucotelevision.cl\/web\/2026\/09\/04\/master-media-chile-celebra-septiembre-con-el-regreso-de-aires-de-chile-y-la-mayor-campana-de-difusion-de-cueca-del-pais\/","title":{"rendered":"Master Media Chile celebra septiembre con el regreso de Aires de Chile y la mayor campa\u00f1a de difusi\u00f3n de cueca del pa\u00eds"},"content":{"rendered":"<div class=\"pvc_clear\"><\/div><p id=\"pvc_stats_64945\" class=\"pvc_stats total_only  \" data-element-id=\"64945\" style=\"\"><i class=\"pvc-stats-icon large\" aria-hidden=\"true\"><svg aria-hidden=\"true\" focusable=\"false\" data-prefix=\"far\" data-icon=\"chart-bar\" role=\"img\" xmlns=\"http:\/\/www.w3.org\/2000\/svg\" viewBox=\"0 0 512 512\" class=\"svg-inline--fa fa-chart-bar fa-w-16 fa-2x\"><path fill=\"currentColor\" d=\"M396.8 352h22.4c6.4 0 12.8-6.4 12.8-12.8V108.8c0-6.4-6.4-12.8-12.8-12.8h-22.4c-6.4 0-12.8 6.4-12.8 12.8v230.4c0 6.4 6.4 12.8 12.8 12.8zm-192 0h22.4c6.4 0 12.8-6.4 12.8-12.8V140.8c0-6.4-6.4-12.8-12.8-12.8h-22.4c-6.4 0-12.8 6.4-12.8 12.8v198.4c0 6.4 6.4 12.8 12.8 12.8zm96 0h22.4c6.4 0 12.8-6.4 12.8-12.8V204.8c0-6.4-6.4-12.8-12.8-12.8h-22.4c-6.4 0-12.8 6.4-12.8 12.8v134.4c0 6.4 6.4 12.8 12.8 12.8zM496 400H48V80c0-8.84-7.16-16-16-16H16C7.16 64 0 71.16 0 80v336c0 17.67 14.33 32 32 32h464c8.84 0 16-7.16 16-16v-16c0-8.84-7.16-16-16-16zm-387.2-48h22.4c6.4 0 12.8-6.4 12.8-12.8v-70.4c0-6.4-6.4-12.8-12.8-12.8h-22.4c-6.4 0-12.8 6.4-12.8 12.8v70.4c0 6.4 6.4 12.8 12.8 12.8z\" class=\"\"><\/path><\/svg><\/i> <img loading=\"lazy\" decoding=\"async\" width=\"16\" height=\"16\" alt=\"Loading\" src=\"https:\/\/temucotelevision.cl\/web\/wp-content\/plugins\/page-views-count\/ajax-loader-2x.gif\" border=0 \/><\/p><div class=\"pvc_clear\"><\/div>\n<p class=\"wp-block-paragraph\"><strong>El despliegue contempla la campa\u00f1a nacional La Fiesta de la Cueca 2026, el acceso liberado a la Enciclopedia Digital de la M\u00fasica Chilena, la edici\u00f3n de un disco de vinilo homenaje, el reconocimiento a figuras del folclor y el regreso del programa Aires de Chile el 27 de agosto con alcance en Chile y el extranjero.<\/strong><\/p>\n\n\n\n<p class=\"wp-block-paragraph\">En septiembre&nbsp;<strong>Master Media Chile&nbsp;<\/strong>dio a conocer un programa de actividades destinado a relevar el rol de la canci\u00f3n chilena dentro de la cultura e identidad del pa\u00eds, a trav\u00e9s de&nbsp;<strong>iniciativas orientadas a la difusi\u00f3n, rescate y valorizaci\u00f3n de nuestro acervo sonoro.<\/strong><\/p>\n\n\n\n<p class=\"wp-block-paragraph\">La compa\u00f1\u00eda, con m\u00e1s de d<strong>os d\u00e9cadas y media de trabajo continuo y un repertorio que supera los 400 int\u00e9rpretes chilenos,<\/strong>&nbsp;impulsa esta agenda como parte de su labor de resguardo de la memoria musical nacional.<\/p>\n\n\n\n<p class=\"wp-block-paragraph\"><strong>Los 5 ejes de la agenda 2026<\/strong><\/p>\n\n\n\n<p class=\"wp-block-paragraph\"><strong>1.Fiesta de la cueca 2026, la campa\u00f1a m\u00e1s grande de m\u00fasica tradicional.<\/strong><\/p>\n\n\n\n<p class=\"wp-block-paragraph\">Durante todo septiembre,&nbsp;<strong>La Fiesta de la Cueca 2026<\/strong>&nbsp;se desplegar\u00e1 a nivel nacional con un repertorio elegido de c<strong>uecas, tonadas y m\u00fasica de ra\u00edz folcl\u00f3rica<\/strong>. La campa\u00f1a tendr\u00e1 presencia&nbsp;<strong>en radios, canales de TV, plataformas de streaming, redes sociales, municipios y centros culturales a lo largo de todo Chile,<\/strong>&nbsp;con obras interpretadas exclusivamente por artistas del cat\u00e1logo oficial de&nbsp;<strong>Master Media Chile,<\/strong>&nbsp;quienes cuentan con las autorizaciones editoriales para su difusi\u00f3n.<\/p>\n\n\n\n<p class=\"wp-block-paragraph\"><strong>2.Regreso del programa de televisi\u00f3n Aires de Chile con proyecci\u00f3n internacional:<\/strong><\/p>\n\n\n\n<p class=\"wp-block-paragraph\">A trav\u00e9s de&nbsp;<strong>ARCHI, TV Chile -la se\u00f1al internacional de TVN-, UCV Televisi\u00f3n, TV+ y la plataforma canadiense TVDANSE,<\/strong>&nbsp;el 27 de agosto regres\u00f3 a la pantalla el programa de&nbsp;<strong>Master Media Chile,<\/strong>&nbsp;creado para mostrar la riqueza del pa\u00eds a los chilenos y proyectarla al extranjero mediante recorridos por territorios, historias, gastronom\u00eda, m\u00fasica y patrimonio; en esta nueva temporada presentar\u00e1 un ciclo especial de septiembre con folclore festivo, espect\u00e1culos art\u00edsticos, el mapa sonoro de Chile, cueca, muestras ecuestres y micro-documentales con ambientaci\u00f3n de \u00e9poca, llegando as\u00ed a audiencias en todo Chile y a millones de espectadores en el exterior.<\/p>\n\n\n\n<p class=\"wp-block-paragraph\"><strong>3.Enciclopedia digital de la m\u00fasica chilena con acceso liberado y gratuito<\/strong><\/p>\n\n\n\n<p class=\"wp-block-paragraph\">Como aporte al pa\u00eds,<strong>&nbsp;la empresa liberar\u00e1 sin costo este archivo interactivo&nbsp;<\/strong>creado para&nbsp;<strong>conservar, compartir y destacar la riqueza musical local.<\/strong>&nbsp;Concebido como herramienta f<strong>ormativa, permitir\u00e1 que profesores, alumnos, acad\u00e9micos y p\u00fablico general exploren la evoluci\u00f3n de la m\u00fasica chilena<\/strong>&nbsp;con un enfoque moderno y pedag\u00f3gico. Se extiende la invitaci\u00f3n a entidades p\u00fablicas y privadas, colegios y agrupaciones culturales a sumar el link de descarga en sus canales para ampliar su alcance.<\/p>\n\n\n\n<p class=\"wp-block-paragraph\"><strong>4.Edici\u00f3n de vinilo conmemorativo de colecci\u00f3n:<\/strong><\/p>\n\n\n\n<p class=\"wp-block-paragraph\"><strong>Como testimonio material del patrimonio sonoro, se fabricar\u00e1 un LP de edici\u00f3n limitada.<\/strong>&nbsp;El disco rendir\u00e1 tributo a las voces y conjuntos que han marcado la historia de la canci\u00f3n chilena, reafirmando el compromiso de la empresa con la conservaci\u00f3n y promoci\u00f3n de la producci\u00f3n nacional. La obra busca convertirse en un objeto simb\u00f3lico que refleje la contribuci\u00f3n de cientos de creadores que forman parte de su archivo hist\u00f3rico.<\/p>\n\n\n\n<p class=\"wp-block-paragraph\"><strong>5.Reconocimiento a referentes del folclore chileno:&nbsp;<\/strong><\/p>\n\n\n\n<p class=\"wp-block-paragraph\">El plan considera un homenaje a nombres fundamentales de su cat\u00e1logo, entre los que sobresalen:<\/p>\n\n\n\n<p class=\"wp-block-paragraph\">\u2013 Los Huasos del Algarrobal: Agrupaci\u00f3n que este a\u00f1o conmemora seis d\u00e9cadas de actividad ininterrumpida defendiendo la cueca y la tonada.<\/p>\n\n\n\n<p class=\"wp-block-paragraph\">\u2013 Los Huasos Quincheros: Conjunto con m\u00e1s de cien a\u00f1os de historia, considerado uno de los pilares m\u00e1s influyentes de la m\u00fasica de ra\u00edz nacional.<\/p>\n\n\n\n<p class=\"wp-block-paragraph\">A lo largo de su trayectoria,&nbsp;<strong>Master Media Chile<\/strong>&nbsp;ha distribuido y promovido repertorio nacional en estilos como&nbsp;<strong>folclore, m\u00fasica popular, ranchera y cumbia<\/strong>, contribuyendo a mantener vigente un legado fundamental de la cultura chilena para las nuevas generaciones.<\/p>\n\n\n\n<p class=\"wp-block-paragraph\">Con motivo del mes de la patria,&nbsp;<strong>Master Media Chile<\/strong>&nbsp;destac\u00f3 la importancia de preservar las tradiciones y el legado de los creadores de la m\u00fasica chilena, subrayando su compromiso con mantener vigente ese patrimonio, acercarlo a los j\u00f3venes y garantizar su acceso a toda la ciudadan\u00eda, al considerar la canci\u00f3n nacional como un pilar de la identidad cultural del pa\u00eds.<\/p>\n","protected":false},"excerpt":{"rendered":"<div class=\"pvc_clear\"><\/div>\n<p id=\"pvc_stats_64945\" class=\"pvc_stats total_only  \" data-element-id=\"64945\" style=\"\"><i class=\"pvc-stats-icon large\" aria-hidden=\"true\"><svg aria-hidden=\"true\" focusable=\"false\" data-prefix=\"far\" data-icon=\"chart-bar\" role=\"img\" xmlns=\"http:\/\/www.w3.org\/2000\/svg\" viewBox=\"0 0 512 512\" class=\"svg-inline--fa fa-chart-bar fa-w-16 fa-2x\"><path fill=\"currentColor\" d=\"M396.8 352h22.4c6.4 0 12.8-6.4 12.8-12.8V108.8c0-6.4-6.4-12.8-12.8-12.8h-22.4c-6.4 0-12.8 6.4-12.8 12.8v230.4c0 6.4 6.4 12.8 12.8 12.8zm-192 0h22.4c6.4 0 12.8-6.4 12.8-12.8V140.8c0-6.4-6.4-12.8-12.8-12.8h-22.4c-6.4 0-12.8 6.4-12.8 12.8v198.4c0 6.4 6.4 12.8 12.8 12.8zm96 0h22.4c6.4 0 12.8-6.4 12.8-12.8V204.8c0-6.4-6.4-12.8-12.8-12.8h-22.4c-6.4 0-12.8 6.4-12.8 12.8v134.4c0 6.4 6.4 12.8 12.8 12.8zM496 400H48V80c0-8.84-7.16-16-16-16H16C7.16 64 0 71.16 0 80v336c0 17.67 14.33 32 32 32h464c8.84 0 16-7.16 16-16v-16c0-8.84-7.16-16-16-16zm-387.2-48h22.4c6.4 0 12.8-6.4 12.8-12.8v-70.4c0-6.4-6.4-12.8-12.8-12.8h-22.4c-6.4 0-12.8 6.4-12.8 12.8v70.4c0 6.4 6.4 12.8 12.8 12.8z\" class=\"\"><\/path><\/svg><\/i> <img loading=\"lazy\" decoding=\"async\" width=\"16\" height=\"16\" alt=\"Loading\" src=\"https:\/\/temucotelevision.cl\/web\/wp-content\/plugins\/page-views-count\/ajax-loader-2x.gif\" border=0 \/><\/p>\n<div class=\"pvc_clear\"><\/div>\n<p>El despliegue contempla la campa\u00f1a nacional La Fiesta de la Cueca 2026, el acceso liberado a la Enciclopedia Digital de<\/p>\n","protected":false},"author":143,"featured_media":64948,"comment_status":"open","ping_status":"open","sticky":false,"template":"","format":"standard","meta":{"colormag_page_container_layout":"default_layout","colormag_page_sidebar_layout":"default_layout","advanced_seo_description":"","jetpack_seo_html_title":"","jetpack_seo_noindex":false,"jetpack_seo_schema_type":"","_jetpack_newsletter_access":"","_jetpack_dont_email_post_to_subs":false,"_jetpack_newsletter_tier_id":0,"_jetpack_memberships_contains_paywalled_content":false,"_jetpack_feature_clip_id":0,"_jetpack_memberships_contains_paid_content":false,"footnotes":"","jetpack_publicize_message":"","jetpack_publicize_feature_enabled":true,"jetpack_social_post_already_shared":true,"jetpack_social_options":{"image_generator_settings":{"template":"highway","default_image_id":0,"font":"","enabled":false},"version":2},"jetpack_post_was_ever_published":false},"categories":[369],"tags":[],"class_list":["post-64945","post","type-post","status-publish","format-standard","has-post-thumbnail","hentry","category-musica"],"a3_pvc":{"activated":true,"total_views":9,"today_views":9},"jetpack_publicize_connections":[],"jetpack_sharing_enabled":true,"jetpack_likes_enabled":true,"jetpack_featured_media_url":"https:\/\/temucotelevision.cl\/web\/wp-content\/uploads\/2026\/09\/8249f6e1-0255-726f-0218-39af89dfc0bc-1.png","_links":{"self":[{"href":"https:\/\/temucotelevision.cl\/web\/wp-json\/wp\/v2\/posts\/64945","targetHints":{"allow":["GET"]}}],"collection":[{"href":"https:\/\/temucotelevision.cl\/web\/wp-json\/wp\/v2\/posts"}],"about":[{"href":"https:\/\/temucotelevision.cl\/web\/wp-json\/wp\/v2\/types\/post"}],"author":[{"embeddable":true,"href":"https:\/\/temucotelevision.cl\/web\/wp-json\/wp\/v2\/users\/143"}],"replies":[{"embeddable":true,"href":"https:\/\/temucotelevision.cl\/web\/wp-json\/wp\/v2\/comments?post=64945"}],"version-history":[{"count":1,"href":"https:\/\/temucotelevision.cl\/web\/wp-json\/wp\/v2\/posts\/64945\/revisions"}],"predecessor-version":[{"id":64947,"href":"https:\/\/temucotelevision.cl\/web\/wp-json\/wp\/v2\/posts\/64945\/revisions\/64947"}],"wp:featuredmedia":[{"embeddable":true,"href":"https:\/\/temucotelevision.cl\/web\/wp-json\/wp\/v2\/media\/64948"}],"wp:attachment":[{"href":"https:\/\/temucotelevision.cl\/web\/wp-json\/wp\/v2\/media?parent=64945"}],"wp:term":[{"taxonomy":"category","embeddable":true,"href":"https:\/\/temucotelevision.cl\/web\/wp-json\/wp\/v2\/categories?post=64945"},{"taxonomy":"post_tag","embeddable":true,"href":"https:\/\/temucotelevision.cl\/web\/wp-json\/wp\/v2\/tags?post=64945"}],"curies":[{"name":"wp","href":"https:\/\/api.w.org\/{rel}","templated":true}]}}