{"id":64942,"date":"2026-09-04T16:15:12","date_gmt":"2026-09-04T19:15:12","guid":{"rendered":"https:\/\/temucotelevision.cl\/web\/?p=64942"},"modified":"2026-09-04T17:33:00","modified_gmt":"2026-09-04T20:33:00","slug":"hg-regresa-a-la-musica-con-su-ep-desorganizado","status":"publish","type":"post","link":"https:\/\/temucotelevision.cl\/web\/2026\/09\/04\/hg-regresa-a-la-musica-con-su-ep-desorganizado\/","title":{"rendered":"HG regresa a la m\u00fasica con su EP \u201cDesorganizado\u201d"},"content":{"rendered":"<div class=\"pvc_clear\"><\/div><p id=\"pvc_stats_64942\" class=\"pvc_stats total_only  \" data-element-id=\"64942\" style=\"\"><i class=\"pvc-stats-icon large\" aria-hidden=\"true\"><svg aria-hidden=\"true\" focusable=\"false\" data-prefix=\"far\" data-icon=\"chart-bar\" role=\"img\" xmlns=\"http:\/\/www.w3.org\/2000\/svg\" viewBox=\"0 0 512 512\" class=\"svg-inline--fa fa-chart-bar fa-w-16 fa-2x\"><path fill=\"currentColor\" d=\"M396.8 352h22.4c6.4 0 12.8-6.4 12.8-12.8V108.8c0-6.4-6.4-12.8-12.8-12.8h-22.4c-6.4 0-12.8 6.4-12.8 12.8v230.4c0 6.4 6.4 12.8 12.8 12.8zm-192 0h22.4c6.4 0 12.8-6.4 12.8-12.8V140.8c0-6.4-6.4-12.8-12.8-12.8h-22.4c-6.4 0-12.8 6.4-12.8 12.8v198.4c0 6.4 6.4 12.8 12.8 12.8zm96 0h22.4c6.4 0 12.8-6.4 12.8-12.8V204.8c0-6.4-6.4-12.8-12.8-12.8h-22.4c-6.4 0-12.8 6.4-12.8 12.8v134.4c0 6.4 6.4 12.8 12.8 12.8zM496 400H48V80c0-8.84-7.16-16-16-16H16C7.16 64 0 71.16 0 80v336c0 17.67 14.33 32 32 32h464c8.84 0 16-7.16 16-16v-16c0-8.84-7.16-16-16-16zm-387.2-48h22.4c6.4 0 12.8-6.4 12.8-12.8v-70.4c0-6.4-6.4-12.8-12.8-12.8h-22.4c-6.4 0-12.8 6.4-12.8 12.8v70.4c0 6.4 6.4 12.8 12.8 12.8z\" class=\"\"><\/path><\/svg><\/i> <img loading=\"lazy\" decoding=\"async\" width=\"16\" height=\"16\" alt=\"Loading\" src=\"https:\/\/temucotelevision.cl\/web\/wp-content\/plugins\/page-views-count\/ajax-loader-2x.gif\" border=0 \/><\/p><div class=\"pvc_clear\"><\/div>\n<p class=\"wp-block-paragraph\"><strong>\u201cDesorganizado\u201d<\/strong>&nbsp;es el nuevo&nbsp;<strong>EP del artista argentino HG<\/strong>. El material ya se encuentra disponible en las plataformas digitales y marca el regreso del m\u00fasico luego de m\u00e1s de una d\u00e9cada alejado de la composici\u00f3n y de la actividad art\u00edstica.<\/p>\n\n\n\n<p class=\"wp-block-paragraph\">Este disco constituye un trabajo que nace desde la introspecci\u00f3n y las experiencias personales. A lo largo de sus cuatro canciones, el EP propone un recorrido por los procesos de transformaci\u00f3n, el amor, la ansiedad, las relaciones humanas y la b\u00fasqueda de la autosuperaci\u00f3n. Cada una de las composiciones encuentra un punto de uni\u00f3n en la necesidad de aceptar los cambios, aprender de las vivencias y volver a creer en uno mismo.<\/p>\n\n\n\n<p class=\"wp-block-paragraph\"><strong>\u201cRepresenta un quiebre, representa volver a hacer lo que amo, que es la m\u00fasica y creer en m\u00ed, creer que puedo salir. Si bien, a veces, los sentimientos, las relaciones y dem\u00e1s no quedan en el tiempo, las canciones s\u00ed. As\u00ed que representa eso: volver a hacer lo que yo quiero, lo que m\u00e1s placer me da en la vida\u201d,<\/strong>&nbsp;comenta HG.<\/p>\n\n\n\n<p class=\"wp-block-paragraph\">El disco se define por una identidad electr\u00f3nica y se construy\u00f3 de manera espont\u00e1nea a partir de la primera canci\u00f3n compuesta por el artista luego de doce a\u00f1os sin escribir m\u00fasica. A medida que avanzaba el proceso de grabaci\u00f3n nacieron las dem\u00e1s composiciones, hasta conformar una obra de cuatro canciones que cuentan una historia y que reflejan un momento particular de su vida. El t\u00edtulo surgi\u00f3 a partir de una reflexi\u00f3n en una sesi\u00f3n de terapia y termin\u00f3 por sintetizar el concepto general del material.<\/p>\n\n\n\n<p class=\"wp-block-paragraph\"><strong>\u201cDesorganizado\u201d<\/strong>&nbsp;lleg\u00f3 para constituirse en una obra atravesada por la honestidad, la experimentaci\u00f3n sonora y la b\u00fasqueda de una identidad propia. El EP representa el inicio de una nueva etapa art\u00edstica para el m\u00fasico, quien vuelve a encontrarse con la creaci\u00f3n desde un lugar m\u00e1s libre, intuitivo y personal.<\/p>\n\n\n\n<figure class=\"wp-block-embed is-type-rich is-provider-spotify wp-block-embed-spotify wp-embed-aspect-21-9 wp-has-aspect-ratio\"><div class=\"wp-block-embed__wrapper\">\n<iframe title=\"Spotify Embed: Desorganizado\" style=\"border-radius: 12px\" width=\"100%\" height=\"352\" frameborder=\"0\" allowfullscreen allow=\"autoplay; clipboard-write; encrypted-media; fullscreen; picture-in-picture\" loading=\"lazy\" src=\"https:\/\/open.spotify.com\/embed\/album\/7dUmUuBfdVZceAGNN6xxO8?si=4ovSAqw3T62x87WwbADwZw&amp;utm_source=oembed\"><\/iframe>\n<\/div><\/figure>\n","protected":false},"excerpt":{"rendered":"<div class=\"pvc_clear\"><\/div>\n<p id=\"pvc_stats_64942\" class=\"pvc_stats total_only  \" data-element-id=\"64942\" style=\"\"><i class=\"pvc-stats-icon large\" aria-hidden=\"true\"><svg aria-hidden=\"true\" focusable=\"false\" data-prefix=\"far\" data-icon=\"chart-bar\" role=\"img\" xmlns=\"http:\/\/www.w3.org\/2000\/svg\" viewBox=\"0 0 512 512\" class=\"svg-inline--fa fa-chart-bar fa-w-16 fa-2x\"><path fill=\"currentColor\" d=\"M396.8 352h22.4c6.4 0 12.8-6.4 12.8-12.8V108.8c0-6.4-6.4-12.8-12.8-12.8h-22.4c-6.4 0-12.8 6.4-12.8 12.8v230.4c0 6.4 6.4 12.8 12.8 12.8zm-192 0h22.4c6.4 0 12.8-6.4 12.8-12.8V140.8c0-6.4-6.4-12.8-12.8-12.8h-22.4c-6.4 0-12.8 6.4-12.8 12.8v198.4c0 6.4 6.4 12.8 12.8 12.8zm96 0h22.4c6.4 0 12.8-6.4 12.8-12.8V204.8c0-6.4-6.4-12.8-12.8-12.8h-22.4c-6.4 0-12.8 6.4-12.8 12.8v134.4c0 6.4 6.4 12.8 12.8 12.8zM496 400H48V80c0-8.84-7.16-16-16-16H16C7.16 64 0 71.16 0 80v336c0 17.67 14.33 32 32 32h464c8.84 0 16-7.16 16-16v-16c0-8.84-7.16-16-16-16zm-387.2-48h22.4c6.4 0 12.8-6.4 12.8-12.8v-70.4c0-6.4-6.4-12.8-12.8-12.8h-22.4c-6.4 0-12.8 6.4-12.8 12.8v70.4c0 6.4 6.4 12.8 12.8 12.8z\" class=\"\"><\/path><\/svg><\/i> <img loading=\"lazy\" decoding=\"async\" width=\"16\" height=\"16\" alt=\"Loading\" src=\"https:\/\/temucotelevision.cl\/web\/wp-content\/plugins\/page-views-count\/ajax-loader-2x.gif\" border=0 \/><\/p>\n<div class=\"pvc_clear\"><\/div>\n<p>\u201cDesorganizado\u201d&nbsp;es el nuevo&nbsp;EP del artista argentino HG. El material ya se encuentra disponible en las plataformas digitales y marca el<\/p>\n","protected":false},"author":143,"featured_media":64943,"comment_status":"open","ping_status":"open","sticky":false,"template":"","format":"standard","meta":{"colormag_page_container_layout":"default_layout","colormag_page_sidebar_layout":"default_layout","advanced_seo_description":"","jetpack_seo_html_title":"","jetpack_seo_noindex":false,"jetpack_seo_schema_type":"","_jetpack_newsletter_access":"","_jetpack_dont_email_post_to_subs":false,"_jetpack_newsletter_tier_id":0,"_jetpack_memberships_contains_paywalled_content":false,"_jetpack_feature_clip_id":0,"_jetpack_memberships_contains_paid_content":false,"footnotes":"","jetpack_publicize_message":"","jetpack_publicize_feature_enabled":true,"jetpack_social_post_already_shared":true,"jetpack_social_options":{"image_generator_settings":{"template":"highway","default_image_id":0,"font":"","enabled":false},"version":2},"jetpack_post_was_ever_published":false},"categories":[369],"tags":[],"class_list":["post-64942","post","type-post","status-publish","format-standard","has-post-thumbnail","hentry","category-musica"],"a3_pvc":{"activated":true,"total_views":11,"today_views":11},"jetpack_publicize_connections":[],"jetpack_sharing_enabled":true,"jetpack_likes_enabled":true,"jetpack_featured_media_url":"https:\/\/temucotelevision.cl\/web\/wp-content\/uploads\/2026\/09\/IMG-20260716-WA0288.jpg","_links":{"self":[{"href":"https:\/\/temucotelevision.cl\/web\/wp-json\/wp\/v2\/posts\/64942","targetHints":{"allow":["GET"]}}],"collection":[{"href":"https:\/\/temucotelevision.cl\/web\/wp-json\/wp\/v2\/posts"}],"about":[{"href":"https:\/\/temucotelevision.cl\/web\/wp-json\/wp\/v2\/types\/post"}],"author":[{"embeddable":true,"href":"https:\/\/temucotelevision.cl\/web\/wp-json\/wp\/v2\/users\/143"}],"replies":[{"embeddable":true,"href":"https:\/\/temucotelevision.cl\/web\/wp-json\/wp\/v2\/comments?post=64942"}],"version-history":[{"count":1,"href":"https:\/\/temucotelevision.cl\/web\/wp-json\/wp\/v2\/posts\/64942\/revisions"}],"predecessor-version":[{"id":64944,"href":"https:\/\/temucotelevision.cl\/web\/wp-json\/wp\/v2\/posts\/64942\/revisions\/64944"}],"wp:featuredmedia":[{"embeddable":true,"href":"https:\/\/temucotelevision.cl\/web\/wp-json\/wp\/v2\/media\/64943"}],"wp:attachment":[{"href":"https:\/\/temucotelevision.cl\/web\/wp-json\/wp\/v2\/media?parent=64942"}],"wp:term":[{"taxonomy":"category","embeddable":true,"href":"https:\/\/temucotelevision.cl\/web\/wp-json\/wp\/v2\/categories?post=64942"},{"taxonomy":"post_tag","embeddable":true,"href":"https:\/\/temucotelevision.cl\/web\/wp-json\/wp\/v2\/tags?post=64942"}],"curies":[{"name":"wp","href":"https:\/\/api.w.org\/{rel}","templated":true}]}}