{"id":64940,"date":"2026-09-05T10:59:24","date_gmt":"2026-09-05T13:59:24","guid":{"rendered":"https:\/\/temucotelevision.cl\/web\/?p=64940"},"modified":"2026-09-05T10:59:24","modified_gmt":"2026-09-05T13:59:24","slug":"papa-huella-cero-la-innovadora-apuesta-que-busca-una-produccion-de-papa-mas-sustentable-en-la-araucania","status":"publish","type":"post","link":"https:\/\/temucotelevision.cl\/web\/2026\/09\/05\/papa-huella-cero-la-innovadora-apuesta-que-busca-una-produccion-de-papa-mas-sustentable-en-la-araucania\/","title":{"rendered":"Papa Huella Cero: la innovadora apuesta que busca una producci\u00f3n de papa m\u00e1s sustentable en La Araucan\u00eda"},"content":{"rendered":"<div class=\"pvc_clear\"><\/div><p id=\"pvc_stats_64940\" class=\"pvc_stats total_only  \" data-element-id=\"64940\" style=\"\"><i class=\"pvc-stats-icon large\" aria-hidden=\"true\"><svg aria-hidden=\"true\" focusable=\"false\" data-prefix=\"far\" data-icon=\"chart-bar\" role=\"img\" xmlns=\"http:\/\/www.w3.org\/2000\/svg\" viewBox=\"0 0 512 512\" class=\"svg-inline--fa fa-chart-bar fa-w-16 fa-2x\"><path fill=\"currentColor\" d=\"M396.8 352h22.4c6.4 0 12.8-6.4 12.8-12.8V108.8c0-6.4-6.4-12.8-12.8-12.8h-22.4c-6.4 0-12.8 6.4-12.8 12.8v230.4c0 6.4 6.4 12.8 12.8 12.8zm-192 0h22.4c6.4 0 12.8-6.4 12.8-12.8V140.8c0-6.4-6.4-12.8-12.8-12.8h-22.4c-6.4 0-12.8 6.4-12.8 12.8v198.4c0 6.4 6.4 12.8 12.8 12.8zm96 0h22.4c6.4 0 12.8-6.4 12.8-12.8V204.8c0-6.4-6.4-12.8-12.8-12.8h-22.4c-6.4 0-12.8 6.4-12.8 12.8v134.4c0 6.4 6.4 12.8 12.8 12.8zM496 400H48V80c0-8.84-7.16-16-16-16H16C7.16 64 0 71.16 0 80v336c0 17.67 14.33 32 32 32h464c8.84 0 16-7.16 16-16v-16c0-8.84-7.16-16-16-16zm-387.2-48h22.4c6.4 0 12.8-6.4 12.8-12.8v-70.4c0-6.4-6.4-12.8-12.8-12.8h-22.4c-6.4 0-12.8 6.4-12.8 12.8v70.4c0 6.4 6.4 12.8 12.8 12.8z\" class=\"\"><\/path><\/svg><\/i> <img loading=\"lazy\" decoding=\"async\" width=\"16\" height=\"16\" alt=\"Loading\" src=\"https:\/\/temucotelevision.cl\/web\/wp-content\/plugins\/page-views-count\/ajax-loader-2x.gif\" border=0 \/><\/p><div class=\"pvc_clear\"><\/div>\n<p class=\"wp-block-paragraph\">&nbsp;Con el objetivo de acercar nuevas tecnolog\u00edas y promover pr\u00e1cticas sustentables, se desarroll\u00f3 en Puerto Saavedra un seminario sobre Innovaci\u00f3n y Gesti\u00f3n del Recurso H\u00eddrico. El evento, organizado por Indap Araucan\u00eda y la Consultora Ingenias, estuvo dirigido especialmente a los productores de papa de la regi\u00f3n, brindando un importante espacio para informarse sobre la oferta de capacitaci\u00f3n t\u00e9cnica y el acceso a financiamiento.<\/p>\n\n\n\n<p class=\"wp-block-paragraph\">La directora regional (s) de Indap, Ingrid Cid, destac\u00f3 la relevancia de la actividad para los agricultores del Programa de Asesor\u00eda T\u00e9cnica (SAT). &#8220;No todos los d\u00edas tenemos acceso a la informaci\u00f3n y a las tecnolog\u00edas que llevan la vanguardia en el tema de las papas&#8221;, se\u00f1al\u00f3, enfatizando que estas instancias permiten mejorar la productividad, optimizar el riego y valorar adecuadamente el agua.<\/p>\n\n\n\n<p class=\"wp-block-paragraph\">El encuentro tambi\u00e9n cont\u00f3 con la participaci\u00f3n de la Comisi\u00f3n Nacional de Riego (CNR). Eliano Pardo, coordinador regional de la entidad, explic\u00f3 las alternativas de financiamiento disponibles para proyectos de riego. Pardo aclar\u00f3 que los fondos de la CNR no son excluyentes de los apoyos de Indap y est\u00e1n abiertos a un amplio espectro de usuarios, desde peque\u00f1os agricultores hasta medianos empresarios, incluyendo a organizaciones de canalistas para el revestimiento de canales.<\/p>\n\n\n\n<p class=\"wp-block-paragraph\"><strong>\u201cPAPA HUELLA CERO\u201d<\/strong><\/p>\n\n\n\n<p class=\"wp-block-paragraph\">Uno de los puntos m\u00e1s destacados de la jornada fue la presentaci\u00f3n del proyecto &#8220;Papa Huella Cero&#8221;, a cargo del ingeniero agr\u00f3nomo del Centro Regional de la Papa del Instituto de Investigaciones Agropecuarias &nbsp;(Inia), Mario Hidalgo. Esta iniciativa es ejecutada por Inia y cuenta con el financiamiento de la Fundaci\u00f3n para la Innovaci\u00f3n Agraria (FIA). El programa, que tiene una duraci\u00f3n de 36 meses, busca promover una producci\u00f3n de papa m\u00e1s sostenible, competitiva y resiliente. Su objetivo general es disminuir la utilizaci\u00f3n de agroqu\u00edmicos en los sistemas productivos mediante la implementaci\u00f3n de un protocolo de transici\u00f3n agroecol\u00f3gica en condiciones productivas reales.<\/p>\n\n\n\n<p class=\"wp-block-paragraph\">El proyecto beneficiar\u00e1 directamente a 200 agricultores. Las comunas participantes incluyen a Carahue, Puerto Saavedra, Freire, Tolt\u00e9n, Teodoro Schmidt y Nueva Imperial, a las que se suma Gorbea, seg\u00fan detall\u00f3 Hidalgo durante su exposici\u00f3n.<\/p>\n\n\n\n<p class=\"wp-block-paragraph\">Para lograr sus metas, el proyecto &#8220;Papa Huella Cero&#8221; se estructura en cuatro componentes centrales. En primer lugar, contempla un diagn\u00f3stico ambiental que eval\u00faa el uso de plaguicidas en los sistemas de papa mediante la aplicaci\u00f3n de la metodolog\u00eda EIQ (Coeficiente de Impacto Ambiental) y la generaci\u00f3n de informaci\u00f3n base para la toma de decisiones. Adem\u00e1s, integra el desarrollo tecnol\u00f3gico, el cual incluye la implementaci\u00f3n de una aplicaci\u00f3n m\u00f3vil que servir\u00e1 como herramienta de apoyo para decisiones sustentables y simulaci\u00f3n de escenarios de impacto ambiental.<\/p>\n\n\n\n<p class=\"wp-block-paragraph\">Otro eje fundamental es la validaci\u00f3n en terreno mediante la implementaci\u00f3n de sitios demostrativos, el dise\u00f1o e implementaci\u00f3n de planes de manejo predial y el seguimiento y evaluaci\u00f3n en los predios productores. Finalmente, la iniciativa se enfoca en la transferencia y capacitaci\u00f3n a trav\u00e9s de capacitaciones y talleres t\u00e9cnicos, difusi\u00f3n de resultados y un trabajo participativo directo con los productores y equipos t\u00e9cnicos.<\/p>\n\n\n\n<p class=\"wp-block-paragraph\">Seg\u00fan explic\u00f3 Hidalgo, el diagn\u00f3stico inicial arroj\u00f3 que el coeficiente EIQ en la zona promedia los 300 puntos \u2014el doble del l\u00edmite recomendado de 150\u2014, impulsado principalmente por el uso intensivo de fungicidas para combatir el tiz\u00f3n tard\u00edo en comunas como Saavedra. Para revertir esta situaci\u00f3n, la nueva aplicaci\u00f3n m\u00f3vil, que ser\u00e1 gratuita y es impulsada por el Inia, permitir\u00e1 a los agricultores consultar de forma inmediata el nivel de toxicidad de todos los productos autorizados por el Servicio Agr\u00edcola y Ganadero.<\/p>\n\n\n\n<p class=\"wp-block-paragraph\">Adem\u00e1s de los beneficios ambientales, el proyecto ha dejado en evidencia una preocupante realidad sanitaria: la falta de equipos de protecci\u00f3n personal por parte de los agricultores al aplicar los qu\u00edmicos, lo que aumenta gravemente el riesgo de enfermedades como el c\u00e1ncer. Por ello, las primeras capacitaciones se enfocar\u00e1n fuertemente en el resguardo de la salud humana, demostrando que la innovaci\u00f3n agr\u00edcola debe ir de la mano con el bienestar integral de las comunidades rurales.<\/p>\n\n\n\n<div class=\"wp-block-jetpack-tiled-gallery aligncenter is-style-rectangular\"><div class=\"\"><div class=\"tiled-gallery__gallery\"><div class=\"tiled-gallery__row\"><div class=\"tiled-gallery__col\" style=\"flex-basis:50.00000%\"><figure class=\"tiled-gallery__item\"><img decoding=\"async\" srcset=\"https:\/\/i0.wp.com\/temucotelevision.cl\/web\/wp-content\/uploads\/2026\/09\/directora-regional-s-de-Indap-Ingrid-Cid-1000x667.jpg?strip=info&#038;w=600&#038;ssl=1 600w,https:\/\/i0.wp.com\/temucotelevision.cl\/web\/wp-content\/uploads\/2026\/09\/directora-regional-s-de-Indap-Ingrid-Cid-1000x667.jpg?strip=info&#038;w=900&#038;ssl=1 900w,https:\/\/i0.wp.com\/temucotelevision.cl\/web\/wp-content\/uploads\/2026\/09\/directora-regional-s-de-Indap-Ingrid-Cid-1000x667.jpg?strip=info&#038;w=1000&#038;ssl=1 1000w\" alt=\"\" data-height=\"1280\" data-id=\"64951\" data-link=\"https:\/\/temucotelevision.cl\/web\/?attachment_id=64951\" data-url=\"https:\/\/temucotelevision.cl\/web\/wp-content\/uploads\/2026\/09\/directora-regional-s-de-Indap-Ingrid-Cid-1000x667.jpg\" data-width=\"1920\" src=\"https:\/\/i0.wp.com\/temucotelevision.cl\/web\/wp-content\/uploads\/2026\/09\/directora-regional-s-de-Indap-Ingrid-Cid-1000x667.jpg?ssl=1\" data-amp-layout=\"responsive\"\/><\/figure><\/div><div class=\"tiled-gallery__col\" style=\"flex-basis:50.00000%\"><figure class=\"tiled-gallery__item\"><img decoding=\"async\" srcset=\"https:\/\/i0.wp.com\/temucotelevision.cl\/web\/wp-content\/uploads\/2026\/09\/mario-hidalgo-inia-tranapuente-1000x667.jpg?strip=info&#038;w=600&#038;ssl=1 600w,https:\/\/i0.wp.com\/temucotelevision.cl\/web\/wp-content\/uploads\/2026\/09\/mario-hidalgo-inia-tranapuente-1000x667.jpg?strip=info&#038;w=900&#038;ssl=1 900w,https:\/\/i0.wp.com\/temucotelevision.cl\/web\/wp-content\/uploads\/2026\/09\/mario-hidalgo-inia-tranapuente-1000x667.jpg?strip=info&#038;w=1000&#038;ssl=1 1000w\" alt=\"\" data-height=\"1280\" data-id=\"64952\" data-link=\"https:\/\/temucotelevision.cl\/web\/?attachment_id=64952\" data-url=\"https:\/\/temucotelevision.cl\/web\/wp-content\/uploads\/2026\/09\/mario-hidalgo-inia-tranapuente-1000x667.jpg\" data-width=\"1920\" src=\"https:\/\/i0.wp.com\/temucotelevision.cl\/web\/wp-content\/uploads\/2026\/09\/mario-hidalgo-inia-tranapuente-1000x667.jpg?ssl=1\" data-amp-layout=\"responsive\"\/><\/figure><\/div><\/div><\/div><\/div><\/div>\n","protected":false},"excerpt":{"rendered":"<div class=\"pvc_clear\"><\/div>\n<p id=\"pvc_stats_64940\" class=\"pvc_stats total_only  \" data-element-id=\"64940\" style=\"\"><i class=\"pvc-stats-icon large\" aria-hidden=\"true\"><svg aria-hidden=\"true\" focusable=\"false\" data-prefix=\"far\" data-icon=\"chart-bar\" role=\"img\" xmlns=\"http:\/\/www.w3.org\/2000\/svg\" viewBox=\"0 0 512 512\" class=\"svg-inline--fa fa-chart-bar fa-w-16 fa-2x\"><path fill=\"currentColor\" d=\"M396.8 352h22.4c6.4 0 12.8-6.4 12.8-12.8V108.8c0-6.4-6.4-12.8-12.8-12.8h-22.4c-6.4 0-12.8 6.4-12.8 12.8v230.4c0 6.4 6.4 12.8 12.8 12.8zm-192 0h22.4c6.4 0 12.8-6.4 12.8-12.8V140.8c0-6.4-6.4-12.8-12.8-12.8h-22.4c-6.4 0-12.8 6.4-12.8 12.8v198.4c0 6.4 6.4 12.8 12.8 12.8zm96 0h22.4c6.4 0 12.8-6.4 12.8-12.8V204.8c0-6.4-6.4-12.8-12.8-12.8h-22.4c-6.4 0-12.8 6.4-12.8 12.8v134.4c0 6.4 6.4 12.8 12.8 12.8zM496 400H48V80c0-8.84-7.16-16-16-16H16C7.16 64 0 71.16 0 80v336c0 17.67 14.33 32 32 32h464c8.84 0 16-7.16 16-16v-16c0-8.84-7.16-16-16-16zm-387.2-48h22.4c6.4 0 12.8-6.4 12.8-12.8v-70.4c0-6.4-6.4-12.8-12.8-12.8h-22.4c-6.4 0-12.8 6.4-12.8 12.8v70.4c0 6.4 6.4 12.8 12.8 12.8z\" class=\"\"><\/path><\/svg><\/i> <img loading=\"lazy\" decoding=\"async\" width=\"16\" height=\"16\" alt=\"Loading\" src=\"https:\/\/temucotelevision.cl\/web\/wp-content\/plugins\/page-views-count\/ajax-loader-2x.gif\" border=0 \/><\/p>\n<div class=\"pvc_clear\"><\/div>\n<p>&nbsp;Con el objetivo de acercar nuevas tecnolog\u00edas y promover pr\u00e1cticas sustentables, se desarroll\u00f3 en Puerto Saavedra un seminario sobre Innovaci\u00f3n<\/p>\n","protected":false},"author":1,"featured_media":64950,"comment_status":"open","ping_status":"open","sticky":false,"template":"","format":"standard","meta":{"colormag_page_container_layout":"default_layout","colormag_page_sidebar_layout":"default_layout","advanced_seo_description":"","jetpack_seo_html_title":"","jetpack_seo_noindex":false,"jetpack_seo_schema_type":"","_jetpack_newsletter_access":"","_jetpack_dont_email_post_to_subs":false,"_jetpack_newsletter_tier_id":0,"_jetpack_memberships_contains_paywalled_content":false,"_jetpack_feature_clip_id":0,"_jetpack_memberships_contains_paid_content":false,"footnotes":"","jetpack_publicize_message":"Puerto Saavedra: El proyecto ejecutado por INIA y financiado por FIA beneficiar\u00e1 directamente a 200 agricultores de siete comunas de La Araucan\u00eda, incorporando tecnolog\u00eda, capacitaci\u00f3n y herramientas para disminuir el uso de agroqu\u00edmicos.","jetpack_publicize_feature_enabled":true,"jetpack_social_post_already_shared":false,"jetpack_social_options":{"image_generator_settings":{"template":"highway","default_image_id":0,"font":"","enabled":false},"version":2},"jetpack_post_was_ever_published":false},"categories":[15],"tags":[340],"class_list":["post-64940","post","type-post","status-publish","format-standard","has-post-thumbnail","hentry","category-la-araucania","tag-puerto-saavedra"],"a3_pvc":{"activated":true,"total_views":988,"today_views":11},"jetpack_publicize_connections":[],"jetpack_sharing_enabled":true,"jetpack_likes_enabled":true,"jetpack_featured_media_url":"https:\/\/temucotelevision.cl\/web\/wp-content\/uploads\/2026\/09\/seminarioindap1-scaled.jpg","_links":{"self":[{"href":"https:\/\/temucotelevision.cl\/web\/wp-json\/wp\/v2\/posts\/64940","targetHints":{"allow":["GET"]}}],"collection":[{"href":"https:\/\/temucotelevision.cl\/web\/wp-json\/wp\/v2\/posts"}],"about":[{"href":"https:\/\/temucotelevision.cl\/web\/wp-json\/wp\/v2\/types\/post"}],"author":[{"embeddable":true,"href":"https:\/\/temucotelevision.cl\/web\/wp-json\/wp\/v2\/users\/1"}],"replies":[{"embeddable":true,"href":"https:\/\/temucotelevision.cl\/web\/wp-json\/wp\/v2\/comments?post=64940"}],"version-history":[{"count":2,"href":"https:\/\/temucotelevision.cl\/web\/wp-json\/wp\/v2\/posts\/64940\/revisions"}],"predecessor-version":[{"id":64953,"href":"https:\/\/temucotelevision.cl\/web\/wp-json\/wp\/v2\/posts\/64940\/revisions\/64953"}],"wp:featuredmedia":[{"embeddable":true,"href":"https:\/\/temucotelevision.cl\/web\/wp-json\/wp\/v2\/media\/64950"}],"wp:attachment":[{"href":"https:\/\/temucotelevision.cl\/web\/wp-json\/wp\/v2\/media?parent=64940"}],"wp:term":[{"taxonomy":"category","embeddable":true,"href":"https:\/\/temucotelevision.cl\/web\/wp-json\/wp\/v2\/categories?post=64940"},{"taxonomy":"post_tag","embeddable":true,"href":"https:\/\/temucotelevision.cl\/web\/wp-json\/wp\/v2\/tags?post=64940"}],"curies":[{"name":"wp","href":"https:\/\/api.w.org\/{rel}","templated":true}]}}