{"id":64927,"date":"2026-09-02T12:30:36","date_gmt":"2026-09-02T15:30:36","guid":{"rendered":"https:\/\/temucotelevision.cl\/web\/?p=64927"},"modified":"2026-09-02T12:30:36","modified_gmt":"2026-09-02T15:30:36","slug":"historica-siembra-en-ranquil-lonquimay-da-el-vamos-al-proyecto-de-praderas-de-alfalfa","status":"publish","type":"post","link":"https:\/\/temucotelevision.cl\/web\/2026\/09\/02\/historica-siembra-en-ranquil-lonquimay-da-el-vamos-al-proyecto-de-praderas-de-alfalfa\/","title":{"rendered":"Hist\u00f3rica siembra en Ranquil: Lonquimay da el vamos al proyecto de praderas de alfalfa"},"content":{"rendered":"<div class=\"pvc_clear\"><\/div><p id=\"pvc_stats_64927\" class=\"pvc_stats total_only  \" data-element-id=\"64927\" style=\"\"><i class=\"pvc-stats-icon large\" aria-hidden=\"true\"><svg aria-hidden=\"true\" focusable=\"false\" data-prefix=\"far\" data-icon=\"chart-bar\" role=\"img\" xmlns=\"http:\/\/www.w3.org\/2000\/svg\" viewBox=\"0 0 512 512\" class=\"svg-inline--fa fa-chart-bar fa-w-16 fa-2x\"><path fill=\"currentColor\" d=\"M396.8 352h22.4c6.4 0 12.8-6.4 12.8-12.8V108.8c0-6.4-6.4-12.8-12.8-12.8h-22.4c-6.4 0-12.8 6.4-12.8 12.8v230.4c0 6.4 6.4 12.8 12.8 12.8zm-192 0h22.4c6.4 0 12.8-6.4 12.8-12.8V140.8c0-6.4-6.4-12.8-12.8-12.8h-22.4c-6.4 0-12.8 6.4-12.8 12.8v198.4c0 6.4 6.4 12.8 12.8 12.8zm96 0h22.4c6.4 0 12.8-6.4 12.8-12.8V204.8c0-6.4-6.4-12.8-12.8-12.8h-22.4c-6.4 0-12.8 6.4-12.8 12.8v134.4c0 6.4 6.4 12.8 12.8 12.8zM496 400H48V80c0-8.84-7.16-16-16-16H16C7.16 64 0 71.16 0 80v336c0 17.67 14.33 32 32 32h464c8.84 0 16-7.16 16-16v-16c0-8.84-7.16-16-16-16zm-387.2-48h22.4c6.4 0 12.8-6.4 12.8-12.8v-70.4c0-6.4-6.4-12.8-12.8-12.8h-22.4c-6.4 0-12.8 6.4-12.8 12.8v70.4c0 6.4 6.4 12.8 12.8 12.8z\" class=\"\"><\/path><\/svg><\/i> <img loading=\"lazy\" decoding=\"async\" width=\"16\" height=\"16\" alt=\"Loading\" src=\"https:\/\/temucotelevision.cl\/web\/wp-content\/plugins\/page-views-count\/ajax-loader-2x.gif\" border=0 \/><\/p><div class=\"pvc_clear\"><\/div>\n<p class=\"wp-block-paragraph\"><em>Con una inversi\u00f3n superior a los $639 millones financiados por el GORE Araucan\u00eda, la iniciativa busca transformar la productividad ganadera local, beneficiando a 350 productores de la comuna.<\/em><\/p>\n\n\n\n<p class=\"wp-block-paragraph\">En una emotiva y significativa jornada desarrollada en el sector de Ranquil, autoridades junto a beneficiarios dieron el vamos oficial a la etapa de cultivo de alfalfa mediante una siembra demostrativa.&nbsp;<\/p>\n\n\n\n<p class=\"wp-block-paragraph\">La actividad marca el hito clave del proyecto &#8220;Establecimiento de Praderas de Alfalfa para Lonquimay&#8221;, iniciativa financiada \u00edntegramente por el Gobierno Regional de La Araucan\u00eda y ejecutada por la Municipalidad de Lonquimay.&nbsp;<\/p>\n\n\n\n<p class=\"wp-block-paragraph\">Gracias a una inversi\u00f3n de m\u00e1s de $639 millones, el proyecto tiene como objetivo central aumentar de manera sustancial la calidad nutricional del forraje disponible en la comuna cordillerana, un factor cr\u00edtico para mitigar las complejidades clim\u00e1ticas de la zona y potenciar la productividad y rentabilidad de la ganader\u00eda local.&nbsp;<\/p>\n\n\n\n<p class=\"wp-block-paragraph\">La alfalfa sobrevive a temperaturas bajo cero, lo que asegura el forraje para el ganado durante el invierno, mitigando as\u00ed las complejidades clim\u00e1ticas de la zona y potenciando la productividad y rentabilidad de la ganader\u00eda local.&nbsp;<\/p>\n\n\n\n<p class=\"wp-block-paragraph\">Al recordar la violencia y el dolor de la masacre de Ranquil de 1934, el Gobernador de La Araucan\u00eda, Ren\u00e9 Saffirio, subray\u00f3 la importancia de esta inversi\u00f3n p\u00fablica como un motor de desarrollo y justicia territorial para el sector.&nbsp;<\/p>\n\n\n\n<p class=\"wp-block-paragraph\">\u201c<em>Estamos trayendo esperanza y futuro para los campesinos de este sector, incorporando praderas de alfalfa en m\u00e1s de 350 hect\u00e1reas, que esperamos que rindan su fruto a lo menos durante los pr\u00f3ximos 10 a\u00f1os. As\u00ed so\u00f1amos La Araucan\u00eda: trabajando todos y en todos los rincones de la regi\u00f3n, aprovechando al m\u00e1ximo los recursos del Gobierno Regional para traer esperanza a estas familias\u201d,<\/em>&nbsp;agreg\u00f3 la m\u00e1xima autoridad regional.<\/p>\n\n\n\n<p class=\"wp-block-paragraph\">Durante la actividad, los asistentes conocieron m\u00e1s detalle del despliegue t\u00e9cnico contemplado en el componente principal del programa, el cual asegura un acompa\u00f1amiento integral desde el origen del predio hasta su cosecha. Esto incluye desde la toma rigurosa de muestras de suelo, preparaci\u00f3n y encalado, hasta la siembra de semillas de alta calidad y la aplicaci\u00f3n precisa de fertilizantes.<\/p>\n\n\n\n<p class=\"wp-block-paragraph\">Eduardo Y\u00e1\u00f1ez, alcalde de Lonquimay, destac\u00f3 que este programa nace de las visitas del Gobernador Ren\u00e9 Saffirio a los concejos comunales para ofrecer una respuesta definitiva a las necesidades de los productores durante el invierno.&nbsp;<\/p>\n\n\n\n<p class=\"wp-block-paragraph\">\u201c<em>Es una soluci\u00f3n definitiva el establecimiento de estas hect\u00e1reas que le va a permitir a los agricultores y productores de nuestra comuna tener el forraje necesario en los per\u00edodos cr\u00edticos, que son los per\u00edodos de invierno. Estamos muy contentos, as\u00ed que agradecer al gobernador y a su Consejo Regional por la aprobaci\u00f3n de una iniciativa que hace muchos a\u00f1os no se ejecutaba\u201d,<\/em>&nbsp;agreg\u00f3.<\/p>\n\n\n\n<p class=\"wp-block-paragraph\">Uno de los pilares fundamentales que destacaron los beneficiarios durante la jornada es la implementaci\u00f3n de una asesor\u00eda t\u00e9cnica permanente y en terreno.&nbsp;<\/p>\n\n\n\n<p class=\"wp-block-paragraph\">Humberto Lizama, uno de los beneficiarios, agradeci\u00f3 el trabajo de la Municipalidad, el Consejo Regional y el GORE Araucan\u00eda.&nbsp;<em>\u201cTenemos buenas autoridades que nos ayudan. Eso es muy agradecido por todos\u201d<\/em>, y agreg\u00f3 que ese programa de establecimiento de praderas de alfalfa&nbsp;<em>\u201ces muy buen proyecto y un buen beneficio para la gente\u201d.<\/em><\/p>\n\n\n\n<div class=\"wp-block-jetpack-tiled-gallery aligncenter is-style-rectangular\"><div class=\"\"><div class=\"tiled-gallery__gallery\"><div class=\"tiled-gallery__row\"><div class=\"tiled-gallery__col\" style=\"flex-basis:50.00000%\"><figure class=\"tiled-gallery__item\"><img decoding=\"async\" srcset=\"https:\/\/i0.wp.com\/temucotelevision.cl\/web\/wp-content\/uploads\/2026\/09\/WhatsApp-Image-2026-09-02-at-10.31.58-1-1000x666.jpeg?strip=info&#038;w=600&#038;ssl=1 600w,https:\/\/i0.wp.com\/temucotelevision.cl\/web\/wp-content\/uploads\/2026\/09\/WhatsApp-Image-2026-09-02-at-10.31.58-1-1000x666.jpeg?strip=info&#038;w=900&#038;ssl=1 900w,https:\/\/i0.wp.com\/temucotelevision.cl\/web\/wp-content\/uploads\/2026\/09\/WhatsApp-Image-2026-09-02-at-10.31.58-1-1000x666.jpeg?strip=info&#038;w=1000&#038;ssl=1 1000w\" alt=\"\" data-height=\"1706\" data-id=\"64929\" data-link=\"https:\/\/temucotelevision.cl\/web\/?attachment_id=64929\" data-url=\"https:\/\/temucotelevision.cl\/web\/wp-content\/uploads\/2026\/09\/WhatsApp-Image-2026-09-02-at-10.31.58-1-1000x666.jpeg\" data-width=\"2560\" src=\"https:\/\/i0.wp.com\/temucotelevision.cl\/web\/wp-content\/uploads\/2026\/09\/WhatsApp-Image-2026-09-02-at-10.31.58-1-1000x666.jpeg?ssl=1\" data-amp-layout=\"responsive\"\/><\/figure><\/div><div class=\"tiled-gallery__col\" style=\"flex-basis:50.00000%\"><figure class=\"tiled-gallery__item\"><img decoding=\"async\" srcset=\"https:\/\/i0.wp.com\/temucotelevision.cl\/web\/wp-content\/uploads\/2026\/09\/WhatsApp-Image-2026-09-02-at-10.31.58-1000x666.jpeg?strip=info&#038;w=600&#038;ssl=1 600w,https:\/\/i0.wp.com\/temucotelevision.cl\/web\/wp-content\/uploads\/2026\/09\/WhatsApp-Image-2026-09-02-at-10.31.58-1000x666.jpeg?strip=info&#038;w=900&#038;ssl=1 900w,https:\/\/i0.wp.com\/temucotelevision.cl\/web\/wp-content\/uploads\/2026\/09\/WhatsApp-Image-2026-09-02-at-10.31.58-1000x666.jpeg?strip=info&#038;w=1000&#038;ssl=1 1000w\" alt=\"\" data-height=\"1706\" data-id=\"64930\" data-link=\"https:\/\/temucotelevision.cl\/web\/?attachment_id=64930\" data-url=\"https:\/\/temucotelevision.cl\/web\/wp-content\/uploads\/2026\/09\/WhatsApp-Image-2026-09-02-at-10.31.58-1000x666.jpeg\" data-width=\"2560\" src=\"https:\/\/i0.wp.com\/temucotelevision.cl\/web\/wp-content\/uploads\/2026\/09\/WhatsApp-Image-2026-09-02-at-10.31.58-1000x666.jpeg?ssl=1\" data-amp-layout=\"responsive\"\/><\/figure><\/div><\/div><\/div><\/div><\/div>\n","protected":false},"excerpt":{"rendered":"<div class=\"pvc_clear\"><\/div>\n<p id=\"pvc_stats_64927\" class=\"pvc_stats total_only  \" data-element-id=\"64927\" style=\"\"><i class=\"pvc-stats-icon large\" aria-hidden=\"true\"><svg aria-hidden=\"true\" focusable=\"false\" data-prefix=\"far\" data-icon=\"chart-bar\" role=\"img\" xmlns=\"http:\/\/www.w3.org\/2000\/svg\" viewBox=\"0 0 512 512\" class=\"svg-inline--fa fa-chart-bar fa-w-16 fa-2x\"><path fill=\"currentColor\" d=\"M396.8 352h22.4c6.4 0 12.8-6.4 12.8-12.8V108.8c0-6.4-6.4-12.8-12.8-12.8h-22.4c-6.4 0-12.8 6.4-12.8 12.8v230.4c0 6.4 6.4 12.8 12.8 12.8zm-192 0h22.4c6.4 0 12.8-6.4 12.8-12.8V140.8c0-6.4-6.4-12.8-12.8-12.8h-22.4c-6.4 0-12.8 6.4-12.8 12.8v198.4c0 6.4 6.4 12.8 12.8 12.8zm96 0h22.4c6.4 0 12.8-6.4 12.8-12.8V204.8c0-6.4-6.4-12.8-12.8-12.8h-22.4c-6.4 0-12.8 6.4-12.8 12.8v134.4c0 6.4 6.4 12.8 12.8 12.8zM496 400H48V80c0-8.84-7.16-16-16-16H16C7.16 64 0 71.16 0 80v336c0 17.67 14.33 32 32 32h464c8.84 0 16-7.16 16-16v-16c0-8.84-7.16-16-16-16zm-387.2-48h22.4c6.4 0 12.8-6.4 12.8-12.8v-70.4c0-6.4-6.4-12.8-12.8-12.8h-22.4c-6.4 0-12.8 6.4-12.8 12.8v70.4c0 6.4 6.4 12.8 12.8 12.8z\" class=\"\"><\/path><\/svg><\/i> <img loading=\"lazy\" decoding=\"async\" width=\"16\" height=\"16\" alt=\"Loading\" src=\"https:\/\/temucotelevision.cl\/web\/wp-content\/plugins\/page-views-count\/ajax-loader-2x.gif\" border=0 \/><\/p>\n<div class=\"pvc_clear\"><\/div>\n<p>Con una inversi\u00f3n superior a los $639 millones financiados por el GORE Araucan\u00eda, la iniciativa busca transformar la productividad ganadera<\/p>\n","protected":false},"author":1,"featured_media":64928,"comment_status":"open","ping_status":"open","sticky":false,"template":"","format":"standard","meta":{"colormag_page_container_layout":"default_layout","colormag_page_sidebar_layout":"default_layout","advanced_seo_description":"","jetpack_seo_html_title":"","jetpack_seo_noindex":false,"jetpack_seo_schema_type":"","_jetpack_newsletter_access":"","_jetpack_dont_email_post_to_subs":false,"_jetpack_newsletter_tier_id":0,"_jetpack_memberships_contains_paywalled_content":false,"_jetpack_feature_clip_id":0,"_jetpack_memberships_contains_paid_content":false,"footnotes":"","jetpack_publicize_message":"Con una inversi\u00f3n superior a los $639 millones financiados por el GORE Araucan\u00eda, la iniciativa beneficiar\u00e1 a 350 productores ganaderos de la comuna cordillerana.","jetpack_publicize_feature_enabled":true,"jetpack_social_post_already_shared":false,"jetpack_social_options":{"image_generator_settings":{"template":"highway","default_image_id":0,"font":"","enabled":false},"version":2},"jetpack_post_was_ever_published":false},"categories":[15],"tags":[172],"class_list":["post-64927","post","type-post","status-publish","format-standard","has-post-thumbnail","hentry","category-la-araucania","tag-lonquimay"],"a3_pvc":{"activated":true,"total_views":4820,"today_views":11},"jetpack_publicize_connections":[],"jetpack_sharing_enabled":true,"jetpack_likes_enabled":true,"jetpack_featured_media_url":"https:\/\/temucotelevision.cl\/web\/wp-content\/uploads\/2026\/09\/WhatsApp-Image-2026-09-02-at-10.31.58-2.jpeg","_links":{"self":[{"href":"https:\/\/temucotelevision.cl\/web\/wp-json\/wp\/v2\/posts\/64927","targetHints":{"allow":["GET"]}}],"collection":[{"href":"https:\/\/temucotelevision.cl\/web\/wp-json\/wp\/v2\/posts"}],"about":[{"href":"https:\/\/temucotelevision.cl\/web\/wp-json\/wp\/v2\/types\/post"}],"author":[{"embeddable":true,"href":"https:\/\/temucotelevision.cl\/web\/wp-json\/wp\/v2\/users\/1"}],"replies":[{"embeddable":true,"href":"https:\/\/temucotelevision.cl\/web\/wp-json\/wp\/v2\/comments?post=64927"}],"version-history":[{"count":1,"href":"https:\/\/temucotelevision.cl\/web\/wp-json\/wp\/v2\/posts\/64927\/revisions"}],"predecessor-version":[{"id":64931,"href":"https:\/\/temucotelevision.cl\/web\/wp-json\/wp\/v2\/posts\/64927\/revisions\/64931"}],"wp:featuredmedia":[{"embeddable":true,"href":"https:\/\/temucotelevision.cl\/web\/wp-json\/wp\/v2\/media\/64928"}],"wp:attachment":[{"href":"https:\/\/temucotelevision.cl\/web\/wp-json\/wp\/v2\/media?parent=64927"}],"wp:term":[{"taxonomy":"category","embeddable":true,"href":"https:\/\/temucotelevision.cl\/web\/wp-json\/wp\/v2\/categories?post=64927"},{"taxonomy":"post_tag","embeddable":true,"href":"https:\/\/temucotelevision.cl\/web\/wp-json\/wp\/v2\/tags?post=64927"}],"curies":[{"name":"wp","href":"https:\/\/api.w.org\/{rel}","templated":true}]}}