{"id":64922,"date":"2026-09-01T16:54:18","date_gmt":"2026-09-01T19:54:18","guid":{"rendered":"https:\/\/temucotelevision.cl\/web\/?p=64922"},"modified":"2026-09-01T16:54:18","modified_gmt":"2026-09-01T19:54:18","slug":"ataque-a-inspectores-municipales-deja-ocho-lesionados-y-cinco-detenidos-en-temuco","status":"publish","type":"post","link":"https:\/\/temucotelevision.cl\/web\/2026\/09\/01\/ataque-a-inspectores-municipales-deja-ocho-lesionados-y-cinco-detenidos-en-temuco\/","title":{"rendered":"Ataque a inspectores municipales deja ocho lesionados y cinco detenidos en Temuco"},"content":{"rendered":"<div class=\"pvc_clear\"><\/div><p id=\"pvc_stats_64922\" class=\"pvc_stats total_only  \" data-element-id=\"64922\" style=\"\"><i class=\"pvc-stats-icon large\" aria-hidden=\"true\"><svg aria-hidden=\"true\" focusable=\"false\" data-prefix=\"far\" data-icon=\"chart-bar\" role=\"img\" xmlns=\"http:\/\/www.w3.org\/2000\/svg\" viewBox=\"0 0 512 512\" class=\"svg-inline--fa fa-chart-bar fa-w-16 fa-2x\"><path fill=\"currentColor\" d=\"M396.8 352h22.4c6.4 0 12.8-6.4 12.8-12.8V108.8c0-6.4-6.4-12.8-12.8-12.8h-22.4c-6.4 0-12.8 6.4-12.8 12.8v230.4c0 6.4 6.4 12.8 12.8 12.8zm-192 0h22.4c6.4 0 12.8-6.4 12.8-12.8V140.8c0-6.4-6.4-12.8-12.8-12.8h-22.4c-6.4 0-12.8 6.4-12.8 12.8v198.4c0 6.4 6.4 12.8 12.8 12.8zm96 0h22.4c6.4 0 12.8-6.4 12.8-12.8V204.8c0-6.4-6.4-12.8-12.8-12.8h-22.4c-6.4 0-12.8 6.4-12.8 12.8v134.4c0 6.4 6.4 12.8 12.8 12.8zM496 400H48V80c0-8.84-7.16-16-16-16H16C7.16 64 0 71.16 0 80v336c0 17.67 14.33 32 32 32h464c8.84 0 16-7.16 16-16v-16c0-8.84-7.16-16-16-16zm-387.2-48h22.4c6.4 0 12.8-6.4 12.8-12.8v-70.4c0-6.4-6.4-12.8-12.8-12.8h-22.4c-6.4 0-12.8 6.4-12.8 12.8v70.4c0 6.4 6.4 12.8 12.8 12.8z\" class=\"\"><\/path><\/svg><\/i> <img loading=\"lazy\" decoding=\"async\" width=\"16\" height=\"16\" alt=\"Loading\" src=\"https:\/\/temucotelevision.cl\/web\/wp-content\/plugins\/page-views-count\/ajax-loader-2x.gif\" border=0 \/><\/p><div class=\"pvc_clear\"><\/div>\n<p class=\"wp-block-paragraph\">El procedimiento desarrollado por inspectores municipales en apoyo con Carabineros, permiti\u00f3 neutralizar la ocupaci\u00f3n indebida de calles neur\u00e1lgicas del centro de la capital regional. Pese a la violenta reacci\u00f3n de los ambulantes, el municipio reafirm\u00f3 su compromiso con el orden y la seguridad.<\/p>\n\n\n\n<p class=\"wp-block-paragraph\">En el marco del plan integral de recuperaci\u00f3n de espacios p\u00fablicos que impulsa la Municipalidad de Temuco, personal de la Direcci\u00f3n de Seguridad P\u00fablica (DISEP) llev\u00f3 a cabo un operativo de control preventivo en la intersecci\u00f3n de calle Diego Portales con General Aldunate, el cual culmin\u00f3 con cinco personas detenidas -todas pertenecientes a un mismo clan familiar dedicado al comercio informal- y ocho inspectores municipales lesionados.<\/p>\n\n\n\n<p class=\"wp-block-paragraph\">El despliegue comenz\u00f3 a las 07:00 horas con el objetivo de evitar la instalaci\u00f3n no autorizada de vendedores ambulantes en el cuadrante c\u00e9ntrico. En ese contexto, integrantes del denominado clan \u00abPacheco\u00bb arremetieron contra el contingente municipal mediante agresiones de pie, pu\u00f1o y el lanzamiento de objetos contundentes, dejando inicialmente a seis funcionarios con diversas contusiones.<\/p>\n\n\n\n<p class=\"wp-block-paragraph\">Ante la flagrancia del ataque, personal municipal y Carabineros de Chile actuaron con celeridad para contener la situaci\u00f3n, logrando la captura inicial de cuatro agresores (tres hombres y una mujer). Minutos m\u00e1s tarde, mientras los efectivos policiales recababan los antecedentes del procedimiento, otras dos mujeres vinculadas al mismo grupo familiar atacaron sorpresivamente a una inspectora en presencia de la polic\u00eda uniformada, siendo reducidas y arrestadas de forma inmediata.<\/p>\n\n\n\n<p class=\"wp-block-paragraph\">El procedimiento dej\u00f3 tres hombres y dos mujeres detenidos, a disposici\u00f3n del Ministerio P\u00fablico por agresi\u00f3n a personal de servicio y des\u00f3rdenes en la v\u00eda p\u00fablica en el contexto de la nueva Ley de Seguridad Municipal. Mientras que los funcionarios lesionados fueron trasladados hasta el Consultorio Miraflores para su debida constataci\u00f3n de lesiones. El caso m\u00e1s complejo corresponde a un fiscalizador que result\u00f3 con un golpe de pu\u00f1o en el rostro y un corte profundo en la ceja izquierda producto del impacto de un elemento contundente.<\/p>\n\n\n\n<p class=\"wp-block-paragraph\">El alcalde de Temuco, Roberto Neira, asegur\u00f3 que los inspectores sufrieron \u201cacciones matonescas de estos clanes familiares delictuales que se toman el centro de la ciudad. Nuevamente fuimos a copar el centro de Temuco como lo estamos haciendo rutinariamente para recuperar las calles para los temuquenses. Es as\u00ed que un grupo de personas, actuando de forma extremadamente violenta, agredieron a 8 de nuestros funcionarios municipales los cuales resultaron lesionados\u201d.<\/p>\n\n\n\n<p class=\"wp-block-paragraph\">Por \u00faltimo, el director de la DISEP, Richard Guti\u00e9rrez, adelant\u00f3 que el municipio va \u201ca seguir materializando este tipo de servicios con la finalidad de evitar que estos clanes familiares, verdaderos delincuentes, se ubiquen en estos lugares y aprovechen el bien de uso p\u00fablico para vender todos sus productos irregularmente adquiridos\u201d, finaliz\u00f3.<\/p>\n\n\n\n<div class=\"wp-block-jetpack-tiled-gallery aligncenter is-style-rectangular\"><div class=\"\"><div class=\"tiled-gallery__gallery\"><div class=\"tiled-gallery__row\"><div class=\"tiled-gallery__col\" style=\"flex-basis:50.00000%\"><figure class=\"tiled-gallery__item\"><img decoding=\"async\" srcset=\"https:\/\/i0.wp.com\/temucotelevision.cl\/web\/wp-content\/uploads\/2026\/09\/WhatsApp-Image-2026-09-01-at-13.21.11-1-1000x563.jpeg?strip=info&#038;w=600&#038;ssl=1 600w,https:\/\/i0.wp.com\/temucotelevision.cl\/web\/wp-content\/uploads\/2026\/09\/WhatsApp-Image-2026-09-01-at-13.21.11-1-1000x563.jpeg?strip=info&#038;w=900&#038;ssl=1 900w,https:\/\/i0.wp.com\/temucotelevision.cl\/web\/wp-content\/uploads\/2026\/09\/WhatsApp-Image-2026-09-01-at-13.21.11-1-1000x563.jpeg?strip=info&#038;w=1000&#038;ssl=1 1000w\" alt=\"\" data-height=\"900\" data-id=\"64924\" data-link=\"https:\/\/temucotelevision.cl\/web\/?attachment_id=64924\" data-url=\"https:\/\/temucotelevision.cl\/web\/wp-content\/uploads\/2026\/09\/WhatsApp-Image-2026-09-01-at-13.21.11-1-1000x563.jpeg\" data-width=\"1600\" src=\"https:\/\/i0.wp.com\/temucotelevision.cl\/web\/wp-content\/uploads\/2026\/09\/WhatsApp-Image-2026-09-01-at-13.21.11-1-1000x563.jpeg?ssl=1\" data-amp-layout=\"responsive\"\/><\/figure><\/div><div class=\"tiled-gallery__col\" style=\"flex-basis:50.00000%\"><figure class=\"tiled-gallery__item\"><img decoding=\"async\" srcset=\"https:\/\/i0.wp.com\/temucotelevision.cl\/web\/wp-content\/uploads\/2026\/09\/WhatsApp-Image-2026-09-01-at-13.21.11-1000x563.jpeg?strip=info&#038;w=600&#038;ssl=1 600w,https:\/\/i0.wp.com\/temucotelevision.cl\/web\/wp-content\/uploads\/2026\/09\/WhatsApp-Image-2026-09-01-at-13.21.11-1000x563.jpeg?strip=info&#038;w=900&#038;ssl=1 900w,https:\/\/i0.wp.com\/temucotelevision.cl\/web\/wp-content\/uploads\/2026\/09\/WhatsApp-Image-2026-09-01-at-13.21.11-1000x563.jpeg?strip=info&#038;w=1000&#038;ssl=1 1000w\" alt=\"\" data-height=\"900\" data-id=\"64925\" data-link=\"https:\/\/temucotelevision.cl\/web\/?attachment_id=64925\" data-url=\"https:\/\/temucotelevision.cl\/web\/wp-content\/uploads\/2026\/09\/WhatsApp-Image-2026-09-01-at-13.21.11-1000x563.jpeg\" data-width=\"1600\" src=\"https:\/\/i0.wp.com\/temucotelevision.cl\/web\/wp-content\/uploads\/2026\/09\/WhatsApp-Image-2026-09-01-at-13.21.11-1000x563.jpeg?ssl=1\" data-amp-layout=\"responsive\"\/><\/figure><\/div><\/div><\/div><\/div><\/div>\n","protected":false},"excerpt":{"rendered":"<div class=\"pvc_clear\"><\/div>\n<p id=\"pvc_stats_64922\" class=\"pvc_stats total_only  \" data-element-id=\"64922\" style=\"\"><i class=\"pvc-stats-icon large\" aria-hidden=\"true\"><svg aria-hidden=\"true\" focusable=\"false\" data-prefix=\"far\" data-icon=\"chart-bar\" role=\"img\" xmlns=\"http:\/\/www.w3.org\/2000\/svg\" viewBox=\"0 0 512 512\" class=\"svg-inline--fa fa-chart-bar fa-w-16 fa-2x\"><path fill=\"currentColor\" d=\"M396.8 352h22.4c6.4 0 12.8-6.4 12.8-12.8V108.8c0-6.4-6.4-12.8-12.8-12.8h-22.4c-6.4 0-12.8 6.4-12.8 12.8v230.4c0 6.4 6.4 12.8 12.8 12.8zm-192 0h22.4c6.4 0 12.8-6.4 12.8-12.8V140.8c0-6.4-6.4-12.8-12.8-12.8h-22.4c-6.4 0-12.8 6.4-12.8 12.8v198.4c0 6.4 6.4 12.8 12.8 12.8zm96 0h22.4c6.4 0 12.8-6.4 12.8-12.8V204.8c0-6.4-6.4-12.8-12.8-12.8h-22.4c-6.4 0-12.8 6.4-12.8 12.8v134.4c0 6.4 6.4 12.8 12.8 12.8zM496 400H48V80c0-8.84-7.16-16-16-16H16C7.16 64 0 71.16 0 80v336c0 17.67 14.33 32 32 32h464c8.84 0 16-7.16 16-16v-16c0-8.84-7.16-16-16-16zm-387.2-48h22.4c6.4 0 12.8-6.4 12.8-12.8v-70.4c0-6.4-6.4-12.8-12.8-12.8h-22.4c-6.4 0-12.8 6.4-12.8 12.8v70.4c0 6.4 6.4 12.8 12.8 12.8z\" class=\"\"><\/path><\/svg><\/i> <img loading=\"lazy\" decoding=\"async\" width=\"16\" height=\"16\" alt=\"Loading\" src=\"https:\/\/temucotelevision.cl\/web\/wp-content\/plugins\/page-views-count\/ajax-loader-2x.gif\" border=0 \/><\/p>\n<div class=\"pvc_clear\"><\/div>\n<p>El procedimiento desarrollado por inspectores municipales en apoyo con Carabineros, permiti\u00f3 neutralizar la ocupaci\u00f3n indebida de calles neur\u00e1lgicas del centro<\/p>\n","protected":false},"author":1,"featured_media":64923,"comment_status":"open","ping_status":"open","sticky":false,"template":"","format":"standard","meta":{"colormag_page_container_layout":"default_layout","colormag_page_sidebar_layout":"default_layout","advanced_seo_description":"","jetpack_seo_html_title":"","jetpack_seo_noindex":false,"jetpack_seo_schema_type":"","_jetpack_newsletter_access":"","_jetpack_dont_email_post_to_subs":false,"_jetpack_newsletter_tier_id":0,"_jetpack_memberships_contains_paywalled_content":false,"_jetpack_feature_clip_id":0,"_jetpack_memberships_contains_paid_content":false,"footnotes":"","jetpack_publicize_message":"Tres hombres y dos mujeres fueron detenidos luego de una serie de agresiones contra inspectores municipales durante un procedimiento de control al comercio ambulante no autorizado.","jetpack_publicize_feature_enabled":true,"jetpack_social_post_already_shared":false,"jetpack_social_options":{"image_generator_settings":{"template":"highway","default_image_id":0,"font":"","enabled":false},"version":2},"jetpack_post_was_ever_published":false},"categories":[15,16],"tags":[349],"class_list":["post-64922","post","type-post","status-publish","format-standard","has-post-thumbnail","hentry","category-la-araucania","category-policial","tag-ataque"],"a3_pvc":{"activated":true,"total_views":4832,"today_views":26},"jetpack_publicize_connections":[],"jetpack_sharing_enabled":true,"jetpack_likes_enabled":true,"jetpack_featured_media_url":"https:\/\/temucotelevision.cl\/web\/wp-content\/uploads\/2026\/09\/WhatsApp-Image-2026-09-01-at-13.21.12.jpeg","_links":{"self":[{"href":"https:\/\/temucotelevision.cl\/web\/wp-json\/wp\/v2\/posts\/64922","targetHints":{"allow":["GET"]}}],"collection":[{"href":"https:\/\/temucotelevision.cl\/web\/wp-json\/wp\/v2\/posts"}],"about":[{"href":"https:\/\/temucotelevision.cl\/web\/wp-json\/wp\/v2\/types\/post"}],"author":[{"embeddable":true,"href":"https:\/\/temucotelevision.cl\/web\/wp-json\/wp\/v2\/users\/1"}],"replies":[{"embeddable":true,"href":"https:\/\/temucotelevision.cl\/web\/wp-json\/wp\/v2\/comments?post=64922"}],"version-history":[{"count":1,"href":"https:\/\/temucotelevision.cl\/web\/wp-json\/wp\/v2\/posts\/64922\/revisions"}],"predecessor-version":[{"id":64926,"href":"https:\/\/temucotelevision.cl\/web\/wp-json\/wp\/v2\/posts\/64922\/revisions\/64926"}],"wp:featuredmedia":[{"embeddable":true,"href":"https:\/\/temucotelevision.cl\/web\/wp-json\/wp\/v2\/media\/64923"}],"wp:attachment":[{"href":"https:\/\/temucotelevision.cl\/web\/wp-json\/wp\/v2\/media?parent=64922"}],"wp:term":[{"taxonomy":"category","embeddable":true,"href":"https:\/\/temucotelevision.cl\/web\/wp-json\/wp\/v2\/categories?post=64922"},{"taxonomy":"post_tag","embeddable":true,"href":"https:\/\/temucotelevision.cl\/web\/wp-json\/wp\/v2\/tags?post=64922"}],"curies":[{"name":"wp","href":"https:\/\/api.w.org\/{rel}","templated":true}]}}