{"id":64916,"date":"2026-08-31T22:10:06","date_gmt":"2026-09-01T01:10:06","guid":{"rendered":"https:\/\/temucotelevision.cl\/web\/?p=64916"},"modified":"2026-08-31T22:10:32","modified_gmt":"2026-09-01T01:10:32","slug":"alerta-en-pucon-socavon-obliga-a-suspender-el-transito-en-la-ruta-segunda-faja","status":"publish","type":"post","link":"https:\/\/temucotelevision.cl\/web\/2026\/08\/31\/alerta-en-pucon-socavon-obliga-a-suspender-el-transito-en-la-ruta-segunda-faja\/","title":{"rendered":"\u00a1Alerta en Puc\u00f3n! Socav\u00f3n obliga a suspender el tr\u00e1nsito en la Ruta Segunda Faja"},"content":{"rendered":"<div class=\"pvc_clear\"><\/div><p id=\"pvc_stats_64916\" class=\"pvc_stats total_only  \" data-element-id=\"64916\" style=\"\"><i class=\"pvc-stats-icon large\" aria-hidden=\"true\"><svg aria-hidden=\"true\" focusable=\"false\" data-prefix=\"far\" data-icon=\"chart-bar\" role=\"img\" xmlns=\"http:\/\/www.w3.org\/2000\/svg\" viewBox=\"0 0 512 512\" class=\"svg-inline--fa fa-chart-bar fa-w-16 fa-2x\"><path fill=\"currentColor\" d=\"M396.8 352h22.4c6.4 0 12.8-6.4 12.8-12.8V108.8c0-6.4-6.4-12.8-12.8-12.8h-22.4c-6.4 0-12.8 6.4-12.8 12.8v230.4c0 6.4 6.4 12.8 12.8 12.8zm-192 0h22.4c6.4 0 12.8-6.4 12.8-12.8V140.8c0-6.4-6.4-12.8-12.8-12.8h-22.4c-6.4 0-12.8 6.4-12.8 12.8v198.4c0 6.4 6.4 12.8 12.8 12.8zm96 0h22.4c6.4 0 12.8-6.4 12.8-12.8V204.8c0-6.4-6.4-12.8-12.8-12.8h-22.4c-6.4 0-12.8 6.4-12.8 12.8v134.4c0 6.4 6.4 12.8 12.8 12.8zM496 400H48V80c0-8.84-7.16-16-16-16H16C7.16 64 0 71.16 0 80v336c0 17.67 14.33 32 32 32h464c8.84 0 16-7.16 16-16v-16c0-8.84-7.16-16-16-16zm-387.2-48h22.4c6.4 0 12.8-6.4 12.8-12.8v-70.4c0-6.4-6.4-12.8-12.8-12.8h-22.4c-6.4 0-12.8 6.4-12.8 12.8v70.4c0 6.4 6.4 12.8 12.8 12.8z\" class=\"\"><\/path><\/svg><\/i> <img loading=\"lazy\" decoding=\"async\" width=\"16\" height=\"16\" alt=\"Loading\" src=\"https:\/\/temucotelevision.cl\/web\/wp-content\/plugins\/page-views-count\/ajax-loader-2x.gif\" border=0 \/><\/p><div class=\"pvc_clear\"><\/div>\n<p class=\"wp-block-paragraph\">La acumulaci\u00f3n de residuos en un curso de agua del sector Candelaria provoc\u00f3 el resquebrajamiento del pavimento, poniendo en peligro el normal paso de veh\u00edculos, asegur\u00e1ndose una labor importante para restituir la v\u00eda.<\/p>\n\n\n\n<p class=\"wp-block-paragraph\">Un gran socav\u00f3n qued\u00f3 al descubierto este lunes 31 de agosto, lo que gener\u00f3 -hasta nuevo aviso- la suspensi\u00f3n del tr\u00e1nsito vehicular en el kil\u00f3metro 6 de la Ruta Segunda Faja, en la comuna de Puc\u00f3n y que une a esta zona con Villarrica, espec\u00edficamente en el Puente Candelaria.&nbsp;<\/p>\n\n\n\n<p class=\"wp-block-paragraph\">La decisi\u00f3n la tomaron, en terreno, personeros de la Oficina de Gesti\u00f3n del Riesgo de Desastres (GRD) de la Municipalidad de Puc\u00f3n, Carabineros y de la empresa global, encomendada para el mantenimiento del camino por Vialidad de la Regi\u00f3n de La Araucan\u00eda.<\/p>\n\n\n\n<p class=\"wp-block-paragraph\">CIERRE DE LA V\u00cdA&nbsp;<\/p>\n\n\n\n<p class=\"wp-block-paragraph\">\u201cConforme a los antecedentes recabados, se tom\u00f3 la decisi\u00f3n en conjunto con personal de emergencia de la Municipalidad cerrar la v\u00eda de Segunda Faja a la altura del puente Candelaria, dando paso exclusivamente a los vecinos residentes\u201d, explic\u00f3 en el mismo lugar el capit\u00e1n de Carabineros, Danilo Rojas, subcomisario de los servicios de la Novena Comisar\u00eda de Puc\u00f3n.<\/p>\n\n\n\n<p class=\"wp-block-paragraph\">Seg\u00fan el asesor de GRD municipal, Esteban Backit, \u201cse gener\u00f3 un socav\u00f3n producto de la ca\u00edda de varios cerritos que est\u00e1n ac\u00e1 al lado, debido al escurrimiento de mucho material, lo que fisur\u00f3 el pavimento\u201d.<\/p>\n\n\n\n<p class=\"wp-block-paragraph\">\u201cEn conjunto con la empresa global, con el residente y tambi\u00e9n con carabineros, se ha tomado la terminaci\u00f3n de cortar e interrumpir el tr\u00e1nsito en este sector hasta que las condiciones seguras lo ameriten y los equipos t\u00e9cnicos puedan generar una evaluaci\u00f3n y tambi\u00e9n una reparaci\u00f3n de lo que acaba de ocurrir\u201d, agreg\u00f3 el personero de la entidad edilicia puconina.<\/p>\n\n\n\n<p class=\"wp-block-paragraph\">ALTERNATIVAS&nbsp;<\/p>\n\n\n\n<p class=\"wp-block-paragraph\">Frente a ello, a partir de este mismo lunes 31 de agosto, se les recomienda a los vecinos y conductores circular desde la Segunda Faja por la Subida Krause o Candelaria y Los Riscos, \u201cque sabemos no han estado en muy buenas condiciones, pero hemos notificado a Vialidad para que pueda generar la mantenci\u00f3n de sus caminos\u201d, recalc\u00f3 Backit, quien de todos modos inform\u00f3 que se ha dispuesto la maquinaria municipal con miras a hacer la mantenci\u00f3n preventiva de todo el mencionado circuito.<\/p>\n\n\n\n<p class=\"wp-block-paragraph\">OPORTUNA RESPUESTA&nbsp;<\/p>\n\n\n\n<p class=\"wp-block-paragraph\">Consultada por la respuesta de los equipos de emergencia, la presidenta de la Junta de Vecinos del sector Candelaria de Puc\u00f3n, Eva Soto, coment\u00f3 que \u201cdamos las gracias porque acudieron \u2018al tiro\u2019 cuando hicimos el llamado. La (oficina de) emergencia, operaciones y toda la Municipalidad, estuvieron en terreno para ver el problema que tenemos aqu\u00ed en este puente Candelaria de Segunda Faja. Lo mejor era suspender el paso de veh\u00edculos, porque est\u00e1 demasiado peligroso el camino\u201d, indic\u00f3 la dirigente vecinal puconina.<\/p>\n\n\n\n<div class=\"wp-block-jetpack-tiled-gallery aligncenter is-style-rectangular\"><div class=\"\"><div class=\"tiled-gallery__gallery\"><div class=\"tiled-gallery__row\"><div class=\"tiled-gallery__col\" style=\"flex-basis:66.78550%\"><figure class=\"tiled-gallery__item\"><img decoding=\"async\" srcset=\"https:\/\/i0.wp.com\/temucotelevision.cl\/web\/wp-content\/uploads\/2026\/08\/3-16-1000x750.jpeg?strip=info&#038;w=600&#038;ssl=1 600w,https:\/\/i0.wp.com\/temucotelevision.cl\/web\/wp-content\/uploads\/2026\/08\/3-16-1000x750.jpeg?strip=info&#038;w=900&#038;ssl=1 900w,https:\/\/i0.wp.com\/temucotelevision.cl\/web\/wp-content\/uploads\/2026\/08\/3-16-1000x750.jpeg?strip=info&#038;w=1000&#038;ssl=1 1000w\" alt=\"\" data-height=\"960\" data-id=\"64919\" data-link=\"https:\/\/temucotelevision.cl\/web\/?attachment_id=64919\" data-url=\"https:\/\/temucotelevision.cl\/web\/wp-content\/uploads\/2026\/08\/3-16-1000x750.jpeg\" data-width=\"1280\" src=\"https:\/\/i0.wp.com\/temucotelevision.cl\/web\/wp-content\/uploads\/2026\/08\/3-16-1000x750.jpeg?ssl=1\" data-amp-layout=\"responsive\"\/><\/figure><\/div><div class=\"tiled-gallery__col\" style=\"flex-basis:33.21450%\"><figure class=\"tiled-gallery__item\"><img decoding=\"async\" srcset=\"https:\/\/i0.wp.com\/temucotelevision.cl\/web\/wp-content\/uploads\/2026\/08\/4-11-1000x750.jpeg?strip=info&#038;w=600&#038;ssl=1 600w,https:\/\/i0.wp.com\/temucotelevision.cl\/web\/wp-content\/uploads\/2026\/08\/4-11-1000x750.jpeg?strip=info&#038;w=900&#038;ssl=1 900w,https:\/\/i0.wp.com\/temucotelevision.cl\/web\/wp-content\/uploads\/2026\/08\/4-11-1000x750.jpeg?strip=info&#038;w=1000&#038;ssl=1 1000w\" alt=\"\" data-height=\"960\" data-id=\"64918\" data-link=\"https:\/\/temucotelevision.cl\/web\/?attachment_id=64918\" data-url=\"https:\/\/temucotelevision.cl\/web\/wp-content\/uploads\/2026\/08\/4-11-1000x750.jpeg\" data-width=\"1280\" src=\"https:\/\/i0.wp.com\/temucotelevision.cl\/web\/wp-content\/uploads\/2026\/08\/4-11-1000x750.jpeg?ssl=1\" data-amp-layout=\"responsive\"\/><\/figure><figure class=\"tiled-gallery__item\"><img decoding=\"async\" srcset=\"https:\/\/i0.wp.com\/temucotelevision.cl\/web\/wp-content\/uploads\/2026\/08\/SECUNDARIA-11-1000x750.jpeg?strip=info&#038;w=600&#038;ssl=1 600w,https:\/\/i0.wp.com\/temucotelevision.cl\/web\/wp-content\/uploads\/2026\/08\/SECUNDARIA-11-1000x750.jpeg?strip=info&#038;w=900&#038;ssl=1 900w,https:\/\/i0.wp.com\/temucotelevision.cl\/web\/wp-content\/uploads\/2026\/08\/SECUNDARIA-11-1000x750.jpeg?strip=info&#038;w=1000&#038;ssl=1 1000w\" alt=\"\" data-height=\"960\" data-id=\"64920\" data-link=\"https:\/\/temucotelevision.cl\/web\/?attachment_id=64920\" data-url=\"https:\/\/temucotelevision.cl\/web\/wp-content\/uploads\/2026\/08\/SECUNDARIA-11-1000x750.jpeg\" data-width=\"1280\" src=\"https:\/\/i0.wp.com\/temucotelevision.cl\/web\/wp-content\/uploads\/2026\/08\/SECUNDARIA-11-1000x750.jpeg?ssl=1\" data-amp-layout=\"responsive\"\/><\/figure><\/div><\/div><\/div><\/div><\/div>\n","protected":false},"excerpt":{"rendered":"<div class=\"pvc_clear\"><\/div>\n<p id=\"pvc_stats_64916\" class=\"pvc_stats total_only  \" data-element-id=\"64916\" style=\"\"><i class=\"pvc-stats-icon large\" aria-hidden=\"true\"><svg aria-hidden=\"true\" focusable=\"false\" data-prefix=\"far\" data-icon=\"chart-bar\" role=\"img\" xmlns=\"http:\/\/www.w3.org\/2000\/svg\" viewBox=\"0 0 512 512\" class=\"svg-inline--fa fa-chart-bar fa-w-16 fa-2x\"><path fill=\"currentColor\" d=\"M396.8 352h22.4c6.4 0 12.8-6.4 12.8-12.8V108.8c0-6.4-6.4-12.8-12.8-12.8h-22.4c-6.4 0-12.8 6.4-12.8 12.8v230.4c0 6.4 6.4 12.8 12.8 12.8zm-192 0h22.4c6.4 0 12.8-6.4 12.8-12.8V140.8c0-6.4-6.4-12.8-12.8-12.8h-22.4c-6.4 0-12.8 6.4-12.8 12.8v198.4c0 6.4 6.4 12.8 12.8 12.8zm96 0h22.4c6.4 0 12.8-6.4 12.8-12.8V204.8c0-6.4-6.4-12.8-12.8-12.8h-22.4c-6.4 0-12.8 6.4-12.8 12.8v134.4c0 6.4 6.4 12.8 12.8 12.8zM496 400H48V80c0-8.84-7.16-16-16-16H16C7.16 64 0 71.16 0 80v336c0 17.67 14.33 32 32 32h464c8.84 0 16-7.16 16-16v-16c0-8.84-7.16-16-16-16zm-387.2-48h22.4c6.4 0 12.8-6.4 12.8-12.8v-70.4c0-6.4-6.4-12.8-12.8-12.8h-22.4c-6.4 0-12.8 6.4-12.8 12.8v70.4c0 6.4 6.4 12.8 12.8 12.8z\" class=\"\"><\/path><\/svg><\/i> <img loading=\"lazy\" decoding=\"async\" width=\"16\" height=\"16\" alt=\"Loading\" src=\"https:\/\/temucotelevision.cl\/web\/wp-content\/plugins\/page-views-count\/ajax-loader-2x.gif\" border=0 \/><\/p>\n<div class=\"pvc_clear\"><\/div>\n<p>La acumulaci\u00f3n de residuos en un curso de agua del sector Candelaria provoc\u00f3 el resquebrajamiento del pavimento, poniendo en peligro<\/p>\n","protected":false},"author":1,"featured_media":64917,"comment_status":"open","ping_status":"open","sticky":false,"template":"","format":"standard","meta":{"colormag_page_container_layout":"default_layout","colormag_page_sidebar_layout":"default_layout","advanced_seo_description":"","jetpack_seo_html_title":"","jetpack_seo_noindex":false,"jetpack_seo_schema_type":"","_jetpack_newsletter_access":"","_jetpack_dont_email_post_to_subs":false,"_jetpack_newsletter_tier_id":0,"_jetpack_memberships_contains_paywalled_content":false,"_jetpack_feature_clip_id":0,"_jetpack_memberships_contains_paid_content":false,"footnotes":"","jetpack_publicize_message":"El socav\u00f3n fue detectado durante este lunes en el kil\u00f3metro 6, a la altura del Puente Candelaria, obligando a suspender el tr\u00e1nsito vehicular hasta que existan condiciones seguras.","jetpack_publicize_feature_enabled":true,"jetpack_social_post_already_shared":false,"jetpack_social_options":{"image_generator_settings":{"template":"highway","default_image_id":0,"font":"","enabled":false},"version":2},"jetpack_post_was_ever_published":false},"categories":[15],"tags":[2789],"class_list":["post-64916","post","type-post","status-publish","format-standard","has-post-thumbnail","hentry","category-la-araucania","tag-socavon"],"a3_pvc":{"activated":true,"total_views":3623,"today_views":12},"jetpack_publicize_connections":[],"jetpack_sharing_enabled":true,"jetpack_likes_enabled":true,"jetpack_featured_media_url":"https:\/\/temucotelevision.cl\/web\/wp-content\/uploads\/2026\/08\/PRINCIPAL-3.jpeg","_links":{"self":[{"href":"https:\/\/temucotelevision.cl\/web\/wp-json\/wp\/v2\/posts\/64916","targetHints":{"allow":["GET"]}}],"collection":[{"href":"https:\/\/temucotelevision.cl\/web\/wp-json\/wp\/v2\/posts"}],"about":[{"href":"https:\/\/temucotelevision.cl\/web\/wp-json\/wp\/v2\/types\/post"}],"author":[{"embeddable":true,"href":"https:\/\/temucotelevision.cl\/web\/wp-json\/wp\/v2\/users\/1"}],"replies":[{"embeddable":true,"href":"https:\/\/temucotelevision.cl\/web\/wp-json\/wp\/v2\/comments?post=64916"}],"version-history":[{"count":1,"href":"https:\/\/temucotelevision.cl\/web\/wp-json\/wp\/v2\/posts\/64916\/revisions"}],"predecessor-version":[{"id":64921,"href":"https:\/\/temucotelevision.cl\/web\/wp-json\/wp\/v2\/posts\/64916\/revisions\/64921"}],"wp:featuredmedia":[{"embeddable":true,"href":"https:\/\/temucotelevision.cl\/web\/wp-json\/wp\/v2\/media\/64917"}],"wp:attachment":[{"href":"https:\/\/temucotelevision.cl\/web\/wp-json\/wp\/v2\/media?parent=64916"}],"wp:term":[{"taxonomy":"category","embeddable":true,"href":"https:\/\/temucotelevision.cl\/web\/wp-json\/wp\/v2\/categories?post=64916"},{"taxonomy":"post_tag","embeddable":true,"href":"https:\/\/temucotelevision.cl\/web\/wp-json\/wp\/v2\/tags?post=64916"}],"curies":[{"name":"wp","href":"https:\/\/api.w.org\/{rel}","templated":true}]}}