{"id":64896,"date":"2026-08-31T21:53:04","date_gmt":"2026-09-01T00:53:04","guid":{"rendered":"https:\/\/temucotelevision.cl\/web\/?p=64896"},"modified":"2026-08-31T21:54:44","modified_gmt":"2026-09-01T00:54:44","slug":"alex-vaskez-inicia-su-carrera-como-solista-con-el-lanzamiento-de-enfermo-de-amor","status":"publish","type":"post","link":"https:\/\/temucotelevision.cl\/web\/2026\/08\/31\/alex-vaskez-inicia-su-carrera-como-solista-con-el-lanzamiento-de-enfermo-de-amor\/","title":{"rendered":"Alex V\u00e1skez inicia su carrera como solista con el lanzamiento de \u201cEnfermo de amor\u201d"},"content":{"rendered":"<div class=\"pvc_clear\"><\/div><p id=\"pvc_stats_64896\" class=\"pvc_stats total_only  \" data-element-id=\"64896\" style=\"\"><i class=\"pvc-stats-icon large\" aria-hidden=\"true\"><svg aria-hidden=\"true\" focusable=\"false\" data-prefix=\"far\" data-icon=\"chart-bar\" role=\"img\" xmlns=\"http:\/\/www.w3.org\/2000\/svg\" viewBox=\"0 0 512 512\" class=\"svg-inline--fa fa-chart-bar fa-w-16 fa-2x\"><path fill=\"currentColor\" d=\"M396.8 352h22.4c6.4 0 12.8-6.4 12.8-12.8V108.8c0-6.4-6.4-12.8-12.8-12.8h-22.4c-6.4 0-12.8 6.4-12.8 12.8v230.4c0 6.4 6.4 12.8 12.8 12.8zm-192 0h22.4c6.4 0 12.8-6.4 12.8-12.8V140.8c0-6.4-6.4-12.8-12.8-12.8h-22.4c-6.4 0-12.8 6.4-12.8 12.8v198.4c0 6.4 6.4 12.8 12.8 12.8zm96 0h22.4c6.4 0 12.8-6.4 12.8-12.8V204.8c0-6.4-6.4-12.8-12.8-12.8h-22.4c-6.4 0-12.8 6.4-12.8 12.8v134.4c0 6.4 6.4 12.8 12.8 12.8zM496 400H48V80c0-8.84-7.16-16-16-16H16C7.16 64 0 71.16 0 80v336c0 17.67 14.33 32 32 32h464c8.84 0 16-7.16 16-16v-16c0-8.84-7.16-16-16-16zm-387.2-48h22.4c6.4 0 12.8-6.4 12.8-12.8v-70.4c0-6.4-6.4-12.8-12.8-12.8h-22.4c-6.4 0-12.8 6.4-12.8 12.8v70.4c0 6.4 6.4 12.8 12.8 12.8z\" class=\"\"><\/path><\/svg><\/i> <img loading=\"lazy\" decoding=\"async\" width=\"16\" height=\"16\" alt=\"Loading\" src=\"https:\/\/temucotelevision.cl\/web\/wp-content\/plugins\/page-views-count\/ajax-loader-2x.gif\" border=0 \/><\/p><div class=\"pvc_clear\"><\/div>\n<p class=\"wp-block-paragraph\"><strong>El cantante iquique\u00f1o presenta su primera producci\u00f3n musical bajo el alero de Viva Music y apuesta por convertirse en una nueva voz de la cumbia chilena.<\/strong><\/p>\n\n\n\n<p class=\"wp-block-paragraph\">El cantante nacional&nbsp;<a href=\"https:\/\/www.instagram.com\/alexvaskezoficial?igsi=amRqdmd2dGN5d2c%3D\">Alex V\u00e1skez<\/a>&nbsp;comienza hoy oficialmente una nueva etapa art\u00edstica como int\u00e9rprete solista con el lanzamiento de&nbsp;<strong>\u201cEnfermo de amor\u201d,<\/strong>&nbsp;su primera producci\u00f3n musical en esta fase de su carrera y un proyecto que busca conectar con el p\u00fablico a trav\u00e9s de la cumbia.<\/p>\n\n\n\n<p class=\"wp-block-paragraph\">Nacido en Iquique en el a\u00f1o 2000,&nbsp;<a href=\"https:\/\/www.instagram.com\/alexvaskezoficial?igsi=amRqdmd2dGN5d2c%3D\">Alex V\u00e1skez<\/a>&nbsp;tiene actualmente 26 a\u00f1os y llega a este desaf\u00edo con una trayectoria marcada por la b\u00fasqueda de un sello propio y una amplia variedad de influencias musicales. Entre sus referentes se encuentran la salsa de&nbsp;<strong>Marc Anthony<\/strong>, la cumbia de&nbsp;<strong>Daniel Agostini,<\/strong>&nbsp;las baladas de&nbsp;<strong>Cristi\u00e1n Castro<\/strong>&nbsp;y el repertorio de agrupaciones legendarias como&nbsp;<strong>Los \u00c1ngeles Negros, Los Iracundos y Sonido Master.<\/strong><\/p>\n\n\n\n<p class=\"wp-block-paragraph\">Antes de iniciar su proyecto solista, el artista tuvo pasos por agrupaciones chilenas como&nbsp;<strong>Tropikal Sound y Megapuesta,<\/strong>&nbsp;adem\u00e1s de participar en proyectos bolivianos como&nbsp;<strong>Los Capos y Explosi\u00f3n Cumbiera.<\/strong>&nbsp;Estas experiencias contribuyeron a fortalecer su formaci\u00f3n esc\u00e9nica y a consolidar su decisi\u00f3n de emprender un camino propio dentro de la m\u00fasica tropical.<\/p>\n\n\n\n<p class=\"wp-block-paragraph\">Su historia tambi\u00e9n incluye destacadas participaciones en televisi\u00f3n. En 2014, se present\u00f3 en el programa&nbsp;<strong>S\u00faper Estrellas, de Chilevisi\u00f3n,<\/strong>&nbsp;donde logr\u00f3 avanzar hasta la semifinal. Posteriormente, en 2023, particip\u00f3 en&nbsp;<strong>The Voice Chile<\/strong>, tambi\u00e9n emitido por&nbsp;<strong>CHV,<\/strong>&nbsp;competencia en la que obtuvo el tercer lugar.<\/p>\n\n\n\n<p class=\"wp-block-paragraph\"><strong>\u201cEnfermo de amor\u201d representa el punto de partida de una etapa que re\u00fane experiencia, influencias diversas y una clara vocaci\u00f3n por la m\u00fasica popular. Con este lanzamiento,&nbsp;<a href=\"https:\/\/www.instagram.com\/alexvaskezoficial?igsi=amRqdmd2dGN5d2c%3D\">Alex V\u00e1skez<\/a>&nbsp;busca acercarse a nuevos p\u00fablicos y proyectarse como uno de los nombres emergentes de la cumbia chilena. Cabe se\u00f1alar que la canci\u00f3n \u201cEnfermo de amor\u201d pertenece en letra y m\u00fasica al autor, el peruano Estanis Mogoll\u00f3n creador de \u00e9xitos tropicales conocidos como \u201cTe vas\u201d, \u201cEl embrujo\u201d y \u201cEntre el odio y el amor\u201d,<\/strong>&nbsp;entre muchos otros.<\/p>\n\n\n\n<p class=\"wp-block-paragraph\">El estreno marca el comienzo de un proyecto que apuesta por combinar la identidad del artista con la energ\u00eda de la cumbia y la emoci\u00f3n de una canci\u00f3n pensada para quienes han vivido, cantado y bailado las historias del amor.<\/p>\n\n\n\n<figure class=\"wp-block-embed is-type-rich is-provider-spotify wp-block-embed-spotify wp-embed-aspect-21-9 wp-has-aspect-ratio\"><div class=\"wp-block-embed__wrapper\">\n<iframe title=\"Spotify Embed: Enfermo de Amor\" style=\"border-radius: 12px\" width=\"100%\" height=\"352\" frameborder=\"0\" allowfullscreen allow=\"autoplay; clipboard-write; encrypted-media; fullscreen; picture-in-picture\" loading=\"lazy\" src=\"https:\/\/open.spotify.com\/embed\/album\/3LtEKG3VPAslFZo4DCVSFv?si=7yNdFS2ORh2gWS8WhI-Gsw&amp;utm_source=oembed\"><\/iframe>\n<\/div><\/figure>\n","protected":false},"excerpt":{"rendered":"<div class=\"pvc_clear\"><\/div>\n<p id=\"pvc_stats_64896\" class=\"pvc_stats total_only  \" data-element-id=\"64896\" style=\"\"><i class=\"pvc-stats-icon large\" aria-hidden=\"true\"><svg aria-hidden=\"true\" focusable=\"false\" data-prefix=\"far\" data-icon=\"chart-bar\" role=\"img\" xmlns=\"http:\/\/www.w3.org\/2000\/svg\" viewBox=\"0 0 512 512\" class=\"svg-inline--fa fa-chart-bar fa-w-16 fa-2x\"><path fill=\"currentColor\" d=\"M396.8 352h22.4c6.4 0 12.8-6.4 12.8-12.8V108.8c0-6.4-6.4-12.8-12.8-12.8h-22.4c-6.4 0-12.8 6.4-12.8 12.8v230.4c0 6.4 6.4 12.8 12.8 12.8zm-192 0h22.4c6.4 0 12.8-6.4 12.8-12.8V140.8c0-6.4-6.4-12.8-12.8-12.8h-22.4c-6.4 0-12.8 6.4-12.8 12.8v198.4c0 6.4 6.4 12.8 12.8 12.8zm96 0h22.4c6.4 0 12.8-6.4 12.8-12.8V204.8c0-6.4-6.4-12.8-12.8-12.8h-22.4c-6.4 0-12.8 6.4-12.8 12.8v134.4c0 6.4 6.4 12.8 12.8 12.8zM496 400H48V80c0-8.84-7.16-16-16-16H16C7.16 64 0 71.16 0 80v336c0 17.67 14.33 32 32 32h464c8.84 0 16-7.16 16-16v-16c0-8.84-7.16-16-16-16zm-387.2-48h22.4c6.4 0 12.8-6.4 12.8-12.8v-70.4c0-6.4-6.4-12.8-12.8-12.8h-22.4c-6.4 0-12.8 6.4-12.8 12.8v70.4c0 6.4 6.4 12.8 12.8 12.8z\" class=\"\"><\/path><\/svg><\/i> <img loading=\"lazy\" decoding=\"async\" width=\"16\" height=\"16\" alt=\"Loading\" src=\"https:\/\/temucotelevision.cl\/web\/wp-content\/plugins\/page-views-count\/ajax-loader-2x.gif\" border=0 \/><\/p>\n<div class=\"pvc_clear\"><\/div>\n<p>El cantante iquique\u00f1o presenta su primera producci\u00f3n musical bajo el alero de Viva Music y apuesta por convertirse en una<\/p>\n","protected":false},"author":143,"featured_media":64897,"comment_status":"open","ping_status":"open","sticky":false,"template":"","format":"standard","meta":{"colormag_page_container_layout":"default_layout","colormag_page_sidebar_layout":"default_layout","advanced_seo_description":"","jetpack_seo_html_title":"","jetpack_seo_noindex":false,"jetpack_seo_schema_type":"","_jetpack_newsletter_access":"","_jetpack_dont_email_post_to_subs":false,"_jetpack_newsletter_tier_id":0,"_jetpack_memberships_contains_paywalled_content":false,"_jetpack_feature_clip_id":0,"_jetpack_memberships_contains_paid_content":false,"footnotes":"","jetpack_publicize_message":"","jetpack_publicize_feature_enabled":true,"jetpack_social_post_already_shared":true,"jetpack_social_options":{"image_generator_settings":{"template":"highway","default_image_id":0,"font":"","enabled":false},"version":2},"jetpack_post_was_ever_published":false},"categories":[369],"tags":[],"class_list":["post-64896","post","type-post","status-publish","format-standard","has-post-thumbnail","hentry","category-musica"],"a3_pvc":{"activated":true,"total_views":10,"today_views":10},"jetpack_publicize_connections":[],"jetpack_sharing_enabled":true,"jetpack_likes_enabled":true,"jetpack_featured_media_url":"https:\/\/temucotelevision.cl\/web\/wp-content\/uploads\/2026\/08\/alex1-1-1.jpeg","_links":{"self":[{"href":"https:\/\/temucotelevision.cl\/web\/wp-json\/wp\/v2\/posts\/64896","targetHints":{"allow":["GET"]}}],"collection":[{"href":"https:\/\/temucotelevision.cl\/web\/wp-json\/wp\/v2\/posts"}],"about":[{"href":"https:\/\/temucotelevision.cl\/web\/wp-json\/wp\/v2\/types\/post"}],"author":[{"embeddable":true,"href":"https:\/\/temucotelevision.cl\/web\/wp-json\/wp\/v2\/users\/143"}],"replies":[{"embeddable":true,"href":"https:\/\/temucotelevision.cl\/web\/wp-json\/wp\/v2\/comments?post=64896"}],"version-history":[{"count":1,"href":"https:\/\/temucotelevision.cl\/web\/wp-json\/wp\/v2\/posts\/64896\/revisions"}],"predecessor-version":[{"id":64898,"href":"https:\/\/temucotelevision.cl\/web\/wp-json\/wp\/v2\/posts\/64896\/revisions\/64898"}],"wp:featuredmedia":[{"embeddable":true,"href":"https:\/\/temucotelevision.cl\/web\/wp-json\/wp\/v2\/media\/64897"}],"wp:attachment":[{"href":"https:\/\/temucotelevision.cl\/web\/wp-json\/wp\/v2\/media?parent=64896"}],"wp:term":[{"taxonomy":"category","embeddable":true,"href":"https:\/\/temucotelevision.cl\/web\/wp-json\/wp\/v2\/categories?post=64896"},{"taxonomy":"post_tag","embeddable":true,"href":"https:\/\/temucotelevision.cl\/web\/wp-json\/wp\/v2\/tags?post=64896"}],"curies":[{"name":"wp","href":"https:\/\/api.w.org\/{rel}","templated":true}]}}