{"id":64895,"date":"2026-08-31T21:54:57","date_gmt":"2026-09-01T00:54:57","guid":{"rendered":"https:\/\/temucotelevision.cl\/web\/?p=64895"},"modified":"2026-08-31T21:54:57","modified_gmt":"2026-09-01T00:54:57","slug":"fiscalizacion-en-feria-pinto-deja-357-kilos-de-carne-fuera-de-circulacion-previo-a-fiestas-patrias","status":"publish","type":"post","link":"https:\/\/temucotelevision.cl\/web\/2026\/08\/31\/fiscalizacion-en-feria-pinto-deja-357-kilos-de-carne-fuera-de-circulacion-previo-a-fiestas-patrias\/","title":{"rendered":"Fiscalizaci\u00f3n en Feria Pinto deja 357 kilos de carne fuera de circulaci\u00f3n previo a Fiestas Patrias"},"content":{"rendered":"<div class=\"pvc_clear\"><\/div><p id=\"pvc_stats_64895\" class=\"pvc_stats total_only  \" data-element-id=\"64895\" style=\"\"><i class=\"pvc-stats-icon large\" aria-hidden=\"true\"><svg aria-hidden=\"true\" focusable=\"false\" data-prefix=\"far\" data-icon=\"chart-bar\" role=\"img\" xmlns=\"http:\/\/www.w3.org\/2000\/svg\" viewBox=\"0 0 512 512\" class=\"svg-inline--fa fa-chart-bar fa-w-16 fa-2x\"><path fill=\"currentColor\" d=\"M396.8 352h22.4c6.4 0 12.8-6.4 12.8-12.8V108.8c0-6.4-6.4-12.8-12.8-12.8h-22.4c-6.4 0-12.8 6.4-12.8 12.8v230.4c0 6.4 6.4 12.8 12.8 12.8zm-192 0h22.4c6.4 0 12.8-6.4 12.8-12.8V140.8c0-6.4-6.4-12.8-12.8-12.8h-22.4c-6.4 0-12.8 6.4-12.8 12.8v198.4c0 6.4 6.4 12.8 12.8 12.8zm96 0h22.4c6.4 0 12.8-6.4 12.8-12.8V204.8c0-6.4-6.4-12.8-12.8-12.8h-22.4c-6.4 0-12.8 6.4-12.8 12.8v134.4c0 6.4 6.4 12.8 12.8 12.8zM496 400H48V80c0-8.84-7.16-16-16-16H16C7.16 64 0 71.16 0 80v336c0 17.67 14.33 32 32 32h464c8.84 0 16-7.16 16-16v-16c0-8.84-7.16-16-16-16zm-387.2-48h22.4c6.4 0 12.8-6.4 12.8-12.8v-70.4c0-6.4-6.4-12.8-12.8-12.8h-22.4c-6.4 0-12.8 6.4-12.8 12.8v70.4c0 6.4 6.4 12.8 12.8 12.8z\" class=\"\"><\/path><\/svg><\/i> <img loading=\"lazy\" decoding=\"async\" width=\"16\" height=\"16\" alt=\"Loading\" src=\"https:\/\/temucotelevision.cl\/web\/wp-content\/plugins\/page-views-count\/ajax-loader-2x.gif\" border=0 \/><\/p><div class=\"pvc_clear\"><\/div>\n<p class=\"wp-block-paragraph\"><em><strong>El despliegue coordinado entre el municipio y servicios p\u00fablicos permiti\u00f3 retirar productos c\u00e1rnicos sin condiciones sanitarias, cursar infracciones administrativas y reforzar la prevenci\u00f3n en uno de los principales polos comerciales de la comuna.<\/strong><\/em><\/p>\n\n\n\n<p class=\"wp-block-paragraph\">En el marco de las pr\u00f3ximas Fiestas Patrias, la Municipalidad de Temuco, a trav\u00e9s de su Direcci\u00f3n de Seguridad P\u00fablica junto al subdepartamento Inocuidad de los Alimentos de la Seremi de Salud, dieron inicio a una serie de fiscalizaciones en carnicer\u00edas del eje Feria Pinto, con el objetivo de resguardar la salud p\u00fablica y garantizar el cumplimiento de la normativa vigente.<\/p>\n\n\n\n<p class=\"wp-block-paragraph\">El despliegue, coordinado mediante la Mesa Intersectorial de Control y Fiscalizaci\u00f3n del municipio, cont\u00f3 con la participaci\u00f3n del departamento de Rentas y Patentes de la municipalidad, Carabineros de Chile, Polic\u00eda de Investigaciones (PDI), Servicio de Impuestos Internos (SII) y el Servicio Agr\u00edcola y Ganadero (SAG), consolidando un trabajo conjunto orientado a prevenir riesgos sanitarios y fortalecer el orden en el comercio establecido.<\/p>\n\n\n\n<p class=\"wp-block-paragraph\">Durante las dos jornadas de fiscalizaci\u00f3n, se inspeccionaron un total de 18 locales comerciales, logrando el decomiso de 357 kilos de productos c\u00e1rnicos que no cumpl\u00edan con las condiciones exigidas para su comercializaci\u00f3n. Entre las principales irregularidades detectadas se encuentran carne sin acreditaci\u00f3n de origen, productos vencidos y elaboraciones sin respaldo sanitario, los cuales fueron trasladados para su desnaturalizaci\u00f3n y destrucci\u00f3n inmediata.<\/p>\n\n\n\n<p class=\"wp-block-paragraph\">En materia administrativa, el Departamento de Rentas y Patentes realiz\u00f3 cinco notificaciones y curs\u00f3 tres infracciones, asociadas principalmente a funcionamiento sin patente, patentes vencidas, transferencias pendientes y morosidad en pagos. Destac\u00f3 adem\u00e1s el caso de una cadena de carnicer\u00edas que manten\u00eda una deuda superior a los $2,5 millones por concepto de patente municipal.<\/p>\n\n\n\n<p class=\"wp-block-paragraph\">Por su parte, el Servicio Agr\u00edcola y Ganadero (SAG) fiscaliz\u00f3 seis carnicer\u00edas en el marco de la Ley de la Carne, verificando condiciones de rotulaci\u00f3n, almacenamiento, trazabilidad y est\u00e1ndares de calidad, sin detectar incumplimientos en los locales inspeccionados.<\/p>\n\n\n\n<p class=\"wp-block-paragraph\">El director de la Disep, Richard Guti\u00e9rrez, se\u00f1al\u00f3 que \u201cen sinton\u00eda con estas fiestas que se se nos acercan y sabemos que se incrementa notablemente el robo de animales y por esta raz\u00f3n que se levant\u00f3 informaci\u00f3n en la Mesa Intersectorial en donde conjuntamente con otras instituciones, se hizo una fiscalizaci\u00f3n durante dos d\u00edas en carnicer\u00edas de distintos puntos de la comuna con el prop\u00f3sito de verificar que los productos que se vendan tengan los sellos la certificaci\u00f3n correspondientes, las autorizaciones por la autoridad sanitaria y la gente obviamente no ponga en riesgo su salud\u201d.<\/p>\n\n\n\n<p class=\"wp-block-paragraph\">Por \u00faltimo, el seremi de Salud de La Araucan\u00eda, Jos\u00e9 Bravo asegur\u00f3 que lo decomisado \u201cno cumpl\u00eda con toda la normativa legal, ya sea porque no ten\u00eda la cadena de fr\u00edo, porque los productos que estaban envasados hab\u00edan perdido la inocuidad y tambi\u00e9n debido a la presencia de muchos productos de dudosa procedencia. Eso signific\u00f3 que estos 357 kilos que fueron decomisados, se desnaturalizaran en contenedores para poder garantizar que esta carne no sea vendida ni consumida por nuestros vecinos\u201d.<\/p>\n\n\n\n<div class=\"wp-block-jetpack-tiled-gallery aligncenter is-style-rectangular\"><div class=\"\"><div class=\"tiled-gallery__gallery\"><div class=\"tiled-gallery__row\"><div class=\"tiled-gallery__col\" style=\"flex-basis:50.00000%\"><figure class=\"tiled-gallery__item\"><img decoding=\"async\" srcset=\"https:\/\/i0.wp.com\/temucotelevision.cl\/web\/wp-content\/uploads\/2026\/08\/WhatsApp-Image-2026-08-28-at-11.15.07-1-1000x750.jpeg?strip=info&#038;w=600&#038;ssl=1 600w,https:\/\/i0.wp.com\/temucotelevision.cl\/web\/wp-content\/uploads\/2026\/08\/WhatsApp-Image-2026-08-28-at-11.15.07-1-1000x750.jpeg?strip=info&#038;w=900&#038;ssl=1 900w,https:\/\/i0.wp.com\/temucotelevision.cl\/web\/wp-content\/uploads\/2026\/08\/WhatsApp-Image-2026-08-28-at-11.15.07-1-1000x750.jpeg?strip=info&#038;w=1000&#038;ssl=1 1000w\" alt=\"\" data-height=\"1920\" data-id=\"64857\" data-link=\"https:\/\/temucotelevision.cl\/web\/2026\/08\/28\/temuco-inicia-fiscalizaciones-a-carnicerias-previo-a-fiestas-patrias\/whatsapp-image-2026-08-28-at-11-15-07-1\/\" data-url=\"https:\/\/temucotelevision.cl\/web\/wp-content\/uploads\/2026\/08\/WhatsApp-Image-2026-08-28-at-11.15.07-1-1000x750.jpeg\" data-width=\"2560\" src=\"https:\/\/i0.wp.com\/temucotelevision.cl\/web\/wp-content\/uploads\/2026\/08\/WhatsApp-Image-2026-08-28-at-11.15.07-1-1000x750.jpeg?ssl=1\" data-amp-layout=\"responsive\"\/><\/figure><\/div><div class=\"tiled-gallery__col\" style=\"flex-basis:50.00000%\"><figure class=\"tiled-gallery__item\"><img decoding=\"async\" srcset=\"https:\/\/i0.wp.com\/temucotelevision.cl\/web\/wp-content\/uploads\/2026\/08\/WhatsApp-Image-2026-08-28-at-11.15.06-1000x750.jpeg?strip=info&#038;w=600&#038;ssl=1 600w,https:\/\/i0.wp.com\/temucotelevision.cl\/web\/wp-content\/uploads\/2026\/08\/WhatsApp-Image-2026-08-28-at-11.15.06-1000x750.jpeg?strip=info&#038;w=900&#038;ssl=1 900w,https:\/\/i0.wp.com\/temucotelevision.cl\/web\/wp-content\/uploads\/2026\/08\/WhatsApp-Image-2026-08-28-at-11.15.06-1000x750.jpeg?strip=info&#038;w=1000&#038;ssl=1 1000w\" alt=\"\" data-height=\"1920\" data-id=\"64858\" data-link=\"https:\/\/temucotelevision.cl\/web\/2026\/08\/28\/temuco-inicia-fiscalizaciones-a-carnicerias-previo-a-fiestas-patrias\/whatsapp-image-2026-08-28-at-11-15-06\/\" data-url=\"https:\/\/temucotelevision.cl\/web\/wp-content\/uploads\/2026\/08\/WhatsApp-Image-2026-08-28-at-11.15.06-1000x750.jpeg\" data-width=\"2560\" src=\"https:\/\/i0.wp.com\/temucotelevision.cl\/web\/wp-content\/uploads\/2026\/08\/WhatsApp-Image-2026-08-28-at-11.15.06-1000x750.jpeg?ssl=1\" data-amp-layout=\"responsive\"\/><\/figure><\/div><\/div><\/div><\/div><\/div>\n","protected":false},"excerpt":{"rendered":"<div class=\"pvc_clear\"><\/div>\n<p id=\"pvc_stats_64895\" class=\"pvc_stats total_only  \" data-element-id=\"64895\" style=\"\"><i class=\"pvc-stats-icon large\" aria-hidden=\"true\"><svg aria-hidden=\"true\" focusable=\"false\" data-prefix=\"far\" data-icon=\"chart-bar\" role=\"img\" xmlns=\"http:\/\/www.w3.org\/2000\/svg\" viewBox=\"0 0 512 512\" class=\"svg-inline--fa fa-chart-bar fa-w-16 fa-2x\"><path fill=\"currentColor\" d=\"M396.8 352h22.4c6.4 0 12.8-6.4 12.8-12.8V108.8c0-6.4-6.4-12.8-12.8-12.8h-22.4c-6.4 0-12.8 6.4-12.8 12.8v230.4c0 6.4 6.4 12.8 12.8 12.8zm-192 0h22.4c6.4 0 12.8-6.4 12.8-12.8V140.8c0-6.4-6.4-12.8-12.8-12.8h-22.4c-6.4 0-12.8 6.4-12.8 12.8v198.4c0 6.4 6.4 12.8 12.8 12.8zm96 0h22.4c6.4 0 12.8-6.4 12.8-12.8V204.8c0-6.4-6.4-12.8-12.8-12.8h-22.4c-6.4 0-12.8 6.4-12.8 12.8v134.4c0 6.4 6.4 12.8 12.8 12.8zM496 400H48V80c0-8.84-7.16-16-16-16H16C7.16 64 0 71.16 0 80v336c0 17.67 14.33 32 32 32h464c8.84 0 16-7.16 16-16v-16c0-8.84-7.16-16-16-16zm-387.2-48h22.4c6.4 0 12.8-6.4 12.8-12.8v-70.4c0-6.4-6.4-12.8-12.8-12.8h-22.4c-6.4 0-12.8 6.4-12.8 12.8v70.4c0 6.4 6.4 12.8 12.8 12.8z\" class=\"\"><\/path><\/svg><\/i> <img loading=\"lazy\" decoding=\"async\" width=\"16\" height=\"16\" alt=\"Loading\" src=\"https:\/\/temucotelevision.cl\/web\/wp-content\/plugins\/page-views-count\/ajax-loader-2x.gif\" border=0 \/><\/p>\n<div class=\"pvc_clear\"><\/div>\n<p>El despliegue coordinado entre el municipio y servicios p\u00fablicos permiti\u00f3 retirar productos c\u00e1rnicos sin condiciones sanitarias, cursar infracciones administrativas y<\/p>\n","protected":false},"author":1,"featured_media":64899,"comment_status":"open","ping_status":"open","sticky":false,"template":"","format":"standard","meta":{"colormag_page_container_layout":"default_layout","colormag_page_sidebar_layout":"default_layout","advanced_seo_description":"","jetpack_seo_html_title":"","jetpack_seo_noindex":false,"jetpack_seo_schema_type":"","_jetpack_newsletter_access":"","_jetpack_dont_email_post_to_subs":false,"_jetpack_newsletter_tier_id":0,"_jetpack_memberships_contains_paywalled_content":false,"_jetpack_feature_clip_id":0,"_jetpack_memberships_contains_paid_content":false,"footnotes":"","jetpack_publicize_message":"El operativo conjunto inspeccion\u00f3 18 locales comerciales y permiti\u00f3 retirar productos sin acreditaci\u00f3n de origen, vencidos o sin respaldo sanitario, que fueron destruidos para evitar su comercializaci\u00f3n.","jetpack_publicize_feature_enabled":true,"jetpack_social_post_already_shared":false,"jetpack_social_options":{"image_generator_settings":{"template":"highway","default_image_id":0,"font":"","enabled":false},"version":2},"jetpack_post_was_ever_published":false},"categories":[15],"tags":[1848],"class_list":["post-64895","post","type-post","status-publish","format-standard","has-post-thumbnail","hentry","category-la-araucania","tag-carnes"],"a3_pvc":{"activated":true,"total_views":2509,"today_views":28},"jetpack_publicize_connections":[],"jetpack_sharing_enabled":true,"jetpack_likes_enabled":true,"jetpack_featured_media_url":"https:\/\/temucotelevision.cl\/web\/wp-content\/uploads\/2026\/08\/FOTO-3-2-1.jpeg","_links":{"self":[{"href":"https:\/\/temucotelevision.cl\/web\/wp-json\/wp\/v2\/posts\/64895","targetHints":{"allow":["GET"]}}],"collection":[{"href":"https:\/\/temucotelevision.cl\/web\/wp-json\/wp\/v2\/posts"}],"about":[{"href":"https:\/\/temucotelevision.cl\/web\/wp-json\/wp\/v2\/types\/post"}],"author":[{"embeddable":true,"href":"https:\/\/temucotelevision.cl\/web\/wp-json\/wp\/v2\/users\/1"}],"replies":[{"embeddable":true,"href":"https:\/\/temucotelevision.cl\/web\/wp-json\/wp\/v2\/comments?post=64895"}],"version-history":[{"count":1,"href":"https:\/\/temucotelevision.cl\/web\/wp-json\/wp\/v2\/posts\/64895\/revisions"}],"predecessor-version":[{"id":64900,"href":"https:\/\/temucotelevision.cl\/web\/wp-json\/wp\/v2\/posts\/64895\/revisions\/64900"}],"wp:featuredmedia":[{"embeddable":true,"href":"https:\/\/temucotelevision.cl\/web\/wp-json\/wp\/v2\/media\/64899"}],"wp:attachment":[{"href":"https:\/\/temucotelevision.cl\/web\/wp-json\/wp\/v2\/media?parent=64895"}],"wp:term":[{"taxonomy":"category","embeddable":true,"href":"https:\/\/temucotelevision.cl\/web\/wp-json\/wp\/v2\/categories?post=64895"},{"taxonomy":"post_tag","embeddable":true,"href":"https:\/\/temucotelevision.cl\/web\/wp-json\/wp\/v2\/tags?post=64895"}],"curies":[{"name":"wp","href":"https:\/\/api.w.org\/{rel}","templated":true}]}}