{"id":64884,"date":"2026-08-30T22:40:58","date_gmt":"2026-08-31T01:40:58","guid":{"rendered":"https:\/\/temucotelevision.cl\/web\/?p=64884"},"modified":"2026-08-30T22:40:58","modified_gmt":"2026-08-31T01:40:58","slug":"fiscalizacion-termina-con-detenido-por-extraccion-ilegal-de-aridos-en-carahue","status":"publish","type":"post","link":"https:\/\/temucotelevision.cl\/web\/2026\/08\/30\/fiscalizacion-termina-con-detenido-por-extraccion-ilegal-de-aridos-en-carahue\/","title":{"rendered":"Fiscalizaci\u00f3n termina con detenido por extracci\u00f3n ilegal de \u00e1ridos en Carahue"},"content":{"rendered":"<div class=\"pvc_clear\"><\/div><p id=\"pvc_stats_64884\" class=\"pvc_stats total_only  \" data-element-id=\"64884\" style=\"\"><i class=\"pvc-stats-icon large\" aria-hidden=\"true\"><svg aria-hidden=\"true\" focusable=\"false\" data-prefix=\"far\" data-icon=\"chart-bar\" role=\"img\" xmlns=\"http:\/\/www.w3.org\/2000\/svg\" viewBox=\"0 0 512 512\" class=\"svg-inline--fa fa-chart-bar fa-w-16 fa-2x\"><path fill=\"currentColor\" d=\"M396.8 352h22.4c6.4 0 12.8-6.4 12.8-12.8V108.8c0-6.4-6.4-12.8-12.8-12.8h-22.4c-6.4 0-12.8 6.4-12.8 12.8v230.4c0 6.4 6.4 12.8 12.8 12.8zm-192 0h22.4c6.4 0 12.8-6.4 12.8-12.8V140.8c0-6.4-6.4-12.8-12.8-12.8h-22.4c-6.4 0-12.8 6.4-12.8 12.8v198.4c0 6.4 6.4 12.8 12.8 12.8zm96 0h22.4c6.4 0 12.8-6.4 12.8-12.8V204.8c0-6.4-6.4-12.8-12.8-12.8h-22.4c-6.4 0-12.8 6.4-12.8 12.8v134.4c0 6.4 6.4 12.8 12.8 12.8zM496 400H48V80c0-8.84-7.16-16-16-16H16C7.16 64 0 71.16 0 80v336c0 17.67 14.33 32 32 32h464c8.84 0 16-7.16 16-16v-16c0-8.84-7.16-16-16-16zm-387.2-48h22.4c6.4 0 12.8-6.4 12.8-12.8v-70.4c0-6.4-6.4-12.8-12.8-12.8h-22.4c-6.4 0-12.8 6.4-12.8 12.8v70.4c0 6.4 6.4 12.8 12.8 12.8z\" class=\"\"><\/path><\/svg><\/i> <img loading=\"lazy\" decoding=\"async\" width=\"16\" height=\"16\" alt=\"Loading\" src=\"https:\/\/temucotelevision.cl\/web\/wp-content\/plugins\/page-views-count\/ajax-loader-2x.gif\" border=0 \/><\/p><div class=\"pvc_clear\"><\/div>\n<p class=\"wp-block-paragraph\"><em>Se trata de un plan que lidera la Direcci\u00f3n de Obras Municipales y la Direcci\u00f3n de Seguridad P\u00fablica, con el apoyo de Carabineros.<\/em><\/p>\n\n\n\n<p class=\"wp-block-paragraph\">Una serie de fiscalizaciones desarrolla la Ilustre Municipalidad de Carahue en cumplimiento con la ordenanza n\u00b011, que regula la extracci\u00f3n de \u00e1ridos mediante la protecci\u00f3n del medio ambiente, considerando la prohibici\u00f3n de ejercer esta actividad en el lecho y cauce de r\u00edos, o en zonas de protecci\u00f3n ambiental, patrimonial o de inter\u00e9s tur\u00edstico.<\/p>\n\n\n\n<p class=\"wp-block-paragraph\">En la \u00faltima inspecci\u00f3n, se detect\u00f3, mediante un sigiloso monitoreo, una faena en el predio de una particular en sector de Isla Pancul, a orillas del r\u00edo imperial. Ah\u00ed, un hombre fue detenido por carabineros.&nbsp;<\/p>\n\n\n\n<p class=\"wp-block-paragraph\">El jefe de la subcomisar\u00eda de Carahue, capit\u00e1n Felipe Zapata, se\u00f1al\u00f3 \u201dque esta persona conduc\u00eda un cami\u00f3n sin tener la licencia debida\u201d y que \u201cregistran 4 o 5 \u00e1ridos que se han fiscalizado de manera constante\u201d.<\/p>\n\n\n\n<p class=\"wp-block-paragraph\">El director de la Direcci\u00f3n de Obras, Sebasti\u00e1n Ramos, indic\u00f3 que \u201cse han detectado pozos en que se realiza una extracci\u00f3n sin permisos, por lo que se generan las fiscalizaciones, se notifica de la infracci\u00f3n y finalmente se deriva al juzgado de polic\u00eda local\u201d.<\/p>\n\n\n\n<p class=\"wp-block-paragraph\">Ramos agreg\u00f3 que las fiscalizaciones se van a mantener de manera constante con el fin de hacer cumplir con la ordenanza municipal vigente.<\/p>\n\n\n\n<p class=\"wp-block-paragraph\">En este procedimiento apoy\u00f3 la Direcci\u00f3n de Seguridad P\u00fablica del municipio, prestando cobertura y monitoreo a\u00e9reo utilizando un drone.<\/p>\n\n\n\n<p class=\"wp-block-paragraph\">Adem\u00e1s de Isla Pancul, la Municipalidad de Carahue ha detectado faenas de extracci\u00f3n irregular de \u00e1ridos en otros sectores, como Taife y Lolocura, exponi\u00e9ndose a multas de hasta 50 UTM.<\/p>\n\n\n\n<div class=\"wp-block-jetpack-tiled-gallery aligncenter is-style-rectangular\"><div class=\"\"><div class=\"tiled-gallery__gallery\"><div class=\"tiled-gallery__row\"><div class=\"tiled-gallery__col\" style=\"flex-basis:66.78550%\"><figure class=\"tiled-gallery__item\"><img decoding=\"async\" srcset=\"https:\/\/i0.wp.com\/temucotelevision.cl\/web\/wp-content\/uploads\/2026\/08\/FOTO-ARIDOS-2-1000x750.jpeg?strip=info&#038;w=600&#038;ssl=1 600w,https:\/\/i0.wp.com\/temucotelevision.cl\/web\/wp-content\/uploads\/2026\/08\/FOTO-ARIDOS-2-1000x750.jpeg?strip=info&#038;w=900&#038;ssl=1 900w,https:\/\/i0.wp.com\/temucotelevision.cl\/web\/wp-content\/uploads\/2026\/08\/FOTO-ARIDOS-2-1000x750.jpeg?strip=info&#038;w=1000&#038;ssl=1 1000w\" alt=\"\" data-height=\"1200\" data-id=\"64886\" data-link=\"https:\/\/temucotelevision.cl\/web\/?attachment_id=64886\" data-url=\"https:\/\/temucotelevision.cl\/web\/wp-content\/uploads\/2026\/08\/FOTO-ARIDOS-2-1000x750.jpeg\" data-width=\"1600\" src=\"https:\/\/i0.wp.com\/temucotelevision.cl\/web\/wp-content\/uploads\/2026\/08\/FOTO-ARIDOS-2-1000x750.jpeg?ssl=1\" data-amp-layout=\"responsive\"\/><\/figure><\/div><div class=\"tiled-gallery__col\" style=\"flex-basis:33.21450%\"><figure class=\"tiled-gallery__item\"><img decoding=\"async\" srcset=\"https:\/\/i0.wp.com\/temucotelevision.cl\/web\/wp-content\/uploads\/2026\/08\/FOTO-ARIDOS-3-1000x750.jpeg?strip=info&#038;w=600&#038;ssl=1 600w,https:\/\/i0.wp.com\/temucotelevision.cl\/web\/wp-content\/uploads\/2026\/08\/FOTO-ARIDOS-3-1000x750.jpeg?strip=info&#038;w=900&#038;ssl=1 900w,https:\/\/i0.wp.com\/temucotelevision.cl\/web\/wp-content\/uploads\/2026\/08\/FOTO-ARIDOS-3-1000x750.jpeg?strip=info&#038;w=1000&#038;ssl=1 1000w\" alt=\"\" data-height=\"1200\" data-id=\"64887\" data-link=\"https:\/\/temucotelevision.cl\/web\/?attachment_id=64887\" data-url=\"https:\/\/temucotelevision.cl\/web\/wp-content\/uploads\/2026\/08\/FOTO-ARIDOS-3-1000x750.jpeg\" data-width=\"1600\" src=\"https:\/\/i0.wp.com\/temucotelevision.cl\/web\/wp-content\/uploads\/2026\/08\/FOTO-ARIDOS-3-1000x750.jpeg?ssl=1\" data-amp-layout=\"responsive\"\/><\/figure><figure class=\"tiled-gallery__item\"><img decoding=\"async\" srcset=\"https:\/\/i0.wp.com\/temucotelevision.cl\/web\/wp-content\/uploads\/2026\/08\/FOTO-ARIDOS-4-1000x750.jpeg?strip=info&#038;w=600&#038;ssl=1 600w,https:\/\/i0.wp.com\/temucotelevision.cl\/web\/wp-content\/uploads\/2026\/08\/FOTO-ARIDOS-4-1000x750.jpeg?strip=info&#038;w=900&#038;ssl=1 900w,https:\/\/i0.wp.com\/temucotelevision.cl\/web\/wp-content\/uploads\/2026\/08\/FOTO-ARIDOS-4-1000x750.jpeg?strip=info&#038;w=1000&#038;ssl=1 1000w\" alt=\"\" data-height=\"1200\" data-id=\"64888\" data-link=\"https:\/\/temucotelevision.cl\/web\/?attachment_id=64888\" data-url=\"https:\/\/temucotelevision.cl\/web\/wp-content\/uploads\/2026\/08\/FOTO-ARIDOS-4-1000x750.jpeg\" data-width=\"1600\" src=\"https:\/\/i0.wp.com\/temucotelevision.cl\/web\/wp-content\/uploads\/2026\/08\/FOTO-ARIDOS-4-1000x750.jpeg?ssl=1\" data-amp-layout=\"responsive\"\/><\/figure><\/div><\/div><\/div><\/div><\/div>\n","protected":false},"excerpt":{"rendered":"<div class=\"pvc_clear\"><\/div>\n<p id=\"pvc_stats_64884\" class=\"pvc_stats total_only  \" data-element-id=\"64884\" style=\"\"><i class=\"pvc-stats-icon large\" aria-hidden=\"true\"><svg aria-hidden=\"true\" focusable=\"false\" data-prefix=\"far\" data-icon=\"chart-bar\" role=\"img\" xmlns=\"http:\/\/www.w3.org\/2000\/svg\" viewBox=\"0 0 512 512\" class=\"svg-inline--fa fa-chart-bar fa-w-16 fa-2x\"><path fill=\"currentColor\" d=\"M396.8 352h22.4c6.4 0 12.8-6.4 12.8-12.8V108.8c0-6.4-6.4-12.8-12.8-12.8h-22.4c-6.4 0-12.8 6.4-12.8 12.8v230.4c0 6.4 6.4 12.8 12.8 12.8zm-192 0h22.4c6.4 0 12.8-6.4 12.8-12.8V140.8c0-6.4-6.4-12.8-12.8-12.8h-22.4c-6.4 0-12.8 6.4-12.8 12.8v198.4c0 6.4 6.4 12.8 12.8 12.8zm96 0h22.4c6.4 0 12.8-6.4 12.8-12.8V204.8c0-6.4-6.4-12.8-12.8-12.8h-22.4c-6.4 0-12.8 6.4-12.8 12.8v134.4c0 6.4 6.4 12.8 12.8 12.8zM496 400H48V80c0-8.84-7.16-16-16-16H16C7.16 64 0 71.16 0 80v336c0 17.67 14.33 32 32 32h464c8.84 0 16-7.16 16-16v-16c0-8.84-7.16-16-16-16zm-387.2-48h22.4c6.4 0 12.8-6.4 12.8-12.8v-70.4c0-6.4-6.4-12.8-12.8-12.8h-22.4c-6.4 0-12.8 6.4-12.8 12.8v70.4c0 6.4 6.4 12.8 12.8 12.8z\" class=\"\"><\/path><\/svg><\/i> <img loading=\"lazy\" decoding=\"async\" width=\"16\" height=\"16\" alt=\"Loading\" src=\"https:\/\/temucotelevision.cl\/web\/wp-content\/plugins\/page-views-count\/ajax-loader-2x.gif\" border=0 \/><\/p>\n<div class=\"pvc_clear\"><\/div>\n<p>Se trata de un plan que lidera la Direcci\u00f3n de Obras Municipales y la Direcci\u00f3n de Seguridad P\u00fablica, con el<\/p>\n","protected":false},"author":1,"featured_media":64885,"comment_status":"open","ping_status":"open","sticky":false,"template":"","format":"standard","meta":{"colormag_page_container_layout":"default_layout","colormag_page_sidebar_layout":"default_layout","advanced_seo_description":"","jetpack_seo_html_title":"","jetpack_seo_noindex":false,"jetpack_seo_schema_type":"","_jetpack_newsletter_access":"","_jetpack_dont_email_post_to_subs":false,"_jetpack_newsletter_tier_id":0,"_jetpack_memberships_contains_paywalled_content":false,"_jetpack_feature_clip_id":0,"_jetpack_memberships_contains_paid_content":false,"footnotes":"","jetpack_publicize_message":"El procedimiento se realiz\u00f3 en el sector de Isla Pancul, donde Carabineros detuvo a un hombre que adem\u00e1s conduc\u00eda un cami\u00f3n sin la licencia correspondiente.","jetpack_publicize_feature_enabled":true,"jetpack_social_post_already_shared":false,"jetpack_social_options":{"image_generator_settings":{"template":"highway","default_image_id":0,"font":"","enabled":false},"version":2},"jetpack_post_was_ever_published":false},"categories":[14],"tags":[1745],"class_list":["post-64884","post","type-post","status-publish","format-standard","has-post-thumbnail","hentry","category-temuco","tag-fiscalizacion"],"a3_pvc":{"activated":true,"total_views":2755,"today_views":7},"jetpack_publicize_connections":[],"jetpack_sharing_enabled":true,"jetpack_likes_enabled":true,"jetpack_featured_media_url":"https:\/\/temucotelevision.cl\/web\/wp-content\/uploads\/2026\/08\/FOTO-1-ARIDOS-scaled.jpg","_links":{"self":[{"href":"https:\/\/temucotelevision.cl\/web\/wp-json\/wp\/v2\/posts\/64884","targetHints":{"allow":["GET"]}}],"collection":[{"href":"https:\/\/temucotelevision.cl\/web\/wp-json\/wp\/v2\/posts"}],"about":[{"href":"https:\/\/temucotelevision.cl\/web\/wp-json\/wp\/v2\/types\/post"}],"author":[{"embeddable":true,"href":"https:\/\/temucotelevision.cl\/web\/wp-json\/wp\/v2\/users\/1"}],"replies":[{"embeddable":true,"href":"https:\/\/temucotelevision.cl\/web\/wp-json\/wp\/v2\/comments?post=64884"}],"version-history":[{"count":1,"href":"https:\/\/temucotelevision.cl\/web\/wp-json\/wp\/v2\/posts\/64884\/revisions"}],"predecessor-version":[{"id":64889,"href":"https:\/\/temucotelevision.cl\/web\/wp-json\/wp\/v2\/posts\/64884\/revisions\/64889"}],"wp:featuredmedia":[{"embeddable":true,"href":"https:\/\/temucotelevision.cl\/web\/wp-json\/wp\/v2\/media\/64885"}],"wp:attachment":[{"href":"https:\/\/temucotelevision.cl\/web\/wp-json\/wp\/v2\/media?parent=64884"}],"wp:term":[{"taxonomy":"category","embeddable":true,"href":"https:\/\/temucotelevision.cl\/web\/wp-json\/wp\/v2\/categories?post=64884"},{"taxonomy":"post_tag","embeddable":true,"href":"https:\/\/temucotelevision.cl\/web\/wp-json\/wp\/v2\/tags?post=64884"}],"curies":[{"name":"wp","href":"https:\/\/api.w.org\/{rel}","templated":true}]}}