{"id":64879,"date":"2026-08-30T22:33:42","date_gmt":"2026-08-31T01:33:42","guid":{"rendered":"https:\/\/temucotelevision.cl\/web\/?p=64879"},"modified":"2026-08-30T22:33:42","modified_gmt":"2026-08-31T01:33:42","slug":"mas-de-mil-estudiantes-despidieron-el-mes-de-la-ninez-disfrutando-de-concierto-educacional-acerquemonos-a-la-musica-en-el-teatro-municipal-de-temuco","status":"publish","type":"post","link":"https:\/\/temucotelevision.cl\/web\/2026\/08\/30\/mas-de-mil-estudiantes-despidieron-el-mes-de-la-ninez-disfrutando-de-concierto-educacional-acerquemonos-a-la-musica-en-el-teatro-municipal-de-temuco\/","title":{"rendered":"M\u00e1s de Mil estudiantes despidieron el mes de la ni\u00f1ez disfrutando de concierto educacional \u201cAcerqu\u00e9monos a la M\u00fasica\u201d en el Teatro Municipal de Temuco"},"content":{"rendered":"<div class=\"pvc_clear\"><\/div><p id=\"pvc_stats_64879\" class=\"pvc_stats total_only  \" data-element-id=\"64879\" style=\"\"><i class=\"pvc-stats-icon large\" aria-hidden=\"true\"><svg aria-hidden=\"true\" focusable=\"false\" data-prefix=\"far\" data-icon=\"chart-bar\" role=\"img\" xmlns=\"http:\/\/www.w3.org\/2000\/svg\" viewBox=\"0 0 512 512\" class=\"svg-inline--fa fa-chart-bar fa-w-16 fa-2x\"><path fill=\"currentColor\" d=\"M396.8 352h22.4c6.4 0 12.8-6.4 12.8-12.8V108.8c0-6.4-6.4-12.8-12.8-12.8h-22.4c-6.4 0-12.8 6.4-12.8 12.8v230.4c0 6.4 6.4 12.8 12.8 12.8zm-192 0h22.4c6.4 0 12.8-6.4 12.8-12.8V140.8c0-6.4-6.4-12.8-12.8-12.8h-22.4c-6.4 0-12.8 6.4-12.8 12.8v198.4c0 6.4 6.4 12.8 12.8 12.8zm96 0h22.4c6.4 0 12.8-6.4 12.8-12.8V204.8c0-6.4-6.4-12.8-12.8-12.8h-22.4c-6.4 0-12.8 6.4-12.8 12.8v134.4c0 6.4 6.4 12.8 12.8 12.8zM496 400H48V80c0-8.84-7.16-16-16-16H16C7.16 64 0 71.16 0 80v336c0 17.67 14.33 32 32 32h464c8.84 0 16-7.16 16-16v-16c0-8.84-7.16-16-16-16zm-387.2-48h22.4c6.4 0 12.8-6.4 12.8-12.8v-70.4c0-6.4-6.4-12.8-12.8-12.8h-22.4c-6.4 0-12.8 6.4-12.8 12.8v70.4c0 6.4 6.4 12.8 12.8 12.8z\" class=\"\"><\/path><\/svg><\/i> <img loading=\"lazy\" decoding=\"async\" width=\"16\" height=\"16\" alt=\"Loading\" src=\"https:\/\/temucotelevision.cl\/web\/wp-content\/plugins\/page-views-count\/ajax-loader-2x.gif\" border=0 \/><\/p><div class=\"pvc_clear\"><\/div>\n<p class=\"wp-block-paragraph\"><em>La actividad reuni\u00f3 a delegaciones de m\u00e1s de diez comunas en una experiencia de mediaci\u00f3n art\u00edstica liderada por la Orquesta Filarm\u00f3nica de Temuco junto al Coro Infantil del TMT y la Orquesta del Colegio Alonso de Ercilla.<\/em><\/p>\n\n\n\n<p class=\"wp-block-paragraph\">M\u00e1s de mil estudiantes de distintas comunas llegaron hasta el Teatro Municipal \u2018Camilo Salvo\u2019 de Temuco, para disfrutar del concierto educacional \u201cAcerqu\u00e9monos a la M\u00fasica\u201d en el marco del sexto concierto de temporada de la Orquesta Filarm\u00f3nica de Temuco llamado \u201cPeque\u00f1os grandes cl\u00e1sicos\u201d, considerando un programa especialmente dedicado a la infancia en el marco del mes de la ni\u00f1ez. &nbsp;<\/p>\n\n\n\n<p class=\"wp-block-paragraph\">Este ciclo de conciertos educativos, impulsados por el Teatro Municipal \u2018Camilo Salvo\u2019, est\u00e1 orientado especialmente a ni\u00f1os, ni\u00f1as y adolescentes en un formato musical que combina interpretaci\u00f3n, aprendizaje e interacci\u00f3n, de acceso gratuito para establecimientos educacionales de la regi\u00f3n, previa inscripci\u00f3n a trav\u00e9s del \u00e1rea de Educaci\u00f3n del TMT.<\/p>\n\n\n\n<p class=\"wp-block-paragraph\">&nbsp;Esta experiencia art\u00edstica y pedag\u00f3gica a trav\u00e9s de una adaptaci\u00f3n especial del concierto de temporada \u201cPeque\u00f1os grandes cl\u00e1sicos\u201d, dirigido por el maestro David Ayma, convoc\u00f3 a estudiantes de comunas como Cunco, Pitrufqu\u00e9n, Victoria, Gorbea, Lautaro, Galvarino, Freire, Nueva Imperial, Collipulli, Pur\u00e9n, Puc\u00f3n, Padre Las Casas, Chol-Chol, Temuco, entre otras. Quienes pudieron disfrutar de la interpretaci\u00f3n en el escenario de la Orquesta Filarm\u00f3nica, junto a la Orquesta invitada Alonso de Ercilla de Temuco y el Coro Infantil del TMT, en un repertorio &nbsp;que consider\u00f3 obras inspiradas en los juegos, la imaginaci\u00f3n y la naturaleza, entre ellas la tradicional \u201cSinfon\u00eda de los Juguetes\u201d de Joseph Haydn; \u201cPrimavera\u201d, de Luvia Deniz; \u201cEl Colibr\u00ed\u201d, de Aurelio Vargas; y la \u201cKinder-Sinfonie\u201d, de Carl Reinecke.<\/p>\n\n\n\n<p class=\"wp-block-paragraph\">Uno de los momentos especiales fue la interpretaci\u00f3n de \u201cLes Avions en papier\u201d, del compositor franc\u00e9s Bruno Coulais, pieza perteneciente a la banda sonora de la reconocida pel\u00edcula Los Coristas, que fue interpretada por el Coro Infantil del TMT.<\/p>\n\n\n\n<p class=\"wp-block-paragraph\">Uno de los docentes de m\u00fasica a cargo de la delegaci\u00f3n de la Escuela Waldorf Temuco, valor\u00f3 la oportunidad de acercar a los estudiantes a este tipo de experiencias art\u00edsticas. \u201cEstamos muy felices de participar nuevamente en estas instancias y, especialmente, de disfrutar de un repertorio pensado para la ni\u00f1ez. Para nuestros estudiantes es muy significativo ver sobre el escenario a ni\u00f1os y j\u00f3venes m\u00fasicos, porque pueden sentirse identificados con ellos y descubrir que tambi\u00e9n es posible formar parte de una orquesta. Sin duda, es una experiencia muy motivadora\u201d, indic\u00f3.<\/p>\n\n\n\n<p class=\"wp-block-paragraph\">En tanto, un estudiante del Colegio El Labrador, de la comuna de Victoria, destac\u00f3 la experiencia de presenciar por primera vez la presentaci\u00f3n de elencos infantiles. \u201cMe pareci\u00f3 una experiencia fant\u00e1stica; no esperaba encontrarme con algo tan novedoso y entretenido. No hab\u00eda tenido la oportunidad de conocer un coro infantil ni una orquesta integrada por ni\u00f1os y j\u00f3venes, y me pareci\u00f3 genial. Estoy muy contento y, sin duda, es una experiencia que volver\u00eda a repetir\u201d, se\u00f1al\u00f3.<\/p>\n\n\n\n<p class=\"wp-block-paragraph\">La experiencia permiti\u00f3 que ni\u00f1os, ni\u00f1as y j\u00f3venes de sectores urbanos y rurales conocieran la sala principal del Teatro Municipal y compartieran directamente con m\u00fasicos profesionales en&nbsp;una iniciativa que busca acercar la m\u00fasica cl\u00e1sica a ni\u00f1os, ni\u00f1as y j\u00f3venes de la regi\u00f3n.&nbsp;<\/p>\n\n\n\n<p class=\"wp-block-paragraph\">La realizaci\u00f3n del ciclo educacional &#8220;Acerqu\u00e9monos a la M\u00fasica&#8221; es posible gracias al apoyo del Ministerio de las Culturas, las Artes y el Patrimonio. La pr\u00f3xima jornada se desarrollar\u00e1 el 23 de octubre en el Teatro Municipal de Temuco y estar\u00e1 abierta a establecimientos educacionales de toda La Araucan\u00eda mediante inscripci\u00f3n previa. Los interesados pueden solicitar informaci\u00f3n y reservar su participaci\u00f3n escribiendo al correo&nbsp;<a href=\"mailto:educacion@teatromunicipaltemuco.cl\" target=\"_blank\" rel=\"noreferrer noopener\">educacion@teatromunicipaltemuco.cl<\/a><\/p>\n\n\n\n<div class=\"wp-block-jetpack-tiled-gallery aligncenter is-style-rectangular\"><div class=\"\"><div class=\"tiled-gallery__gallery\"><div class=\"tiled-gallery__row\"><div class=\"tiled-gallery__col\" style=\"flex-basis:50.00000%\"><figure class=\"tiled-gallery__item\"><img decoding=\"async\" srcset=\"https:\/\/i0.wp.com\/temucotelevision.cl\/web\/wp-content\/uploads\/2026\/08\/135586-1000x563.jpg?strip=info&#038;w=600&#038;ssl=1 600w,https:\/\/i0.wp.com\/temucotelevision.cl\/web\/wp-content\/uploads\/2026\/08\/135586-1000x563.jpg?strip=info&#038;w=900&#038;ssl=1 900w,https:\/\/i0.wp.com\/temucotelevision.cl\/web\/wp-content\/uploads\/2026\/08\/135586-1000x563.jpg?strip=info&#038;w=1000&#038;ssl=1 1000w\" alt=\"\" data-height=\"1440\" data-id=\"64881\" data-link=\"https:\/\/temucotelevision.cl\/web\/?attachment_id=64881\" data-url=\"https:\/\/temucotelevision.cl\/web\/wp-content\/uploads\/2026\/08\/135586-1000x563.jpg\" data-width=\"2560\" src=\"https:\/\/i0.wp.com\/temucotelevision.cl\/web\/wp-content\/uploads\/2026\/08\/135586-1000x563.jpg?ssl=1\" data-amp-layout=\"responsive\"\/><\/figure><\/div><div class=\"tiled-gallery__col\" style=\"flex-basis:50.00000%\"><figure class=\"tiled-gallery__item\"><img decoding=\"async\" srcset=\"https:\/\/i0.wp.com\/temucotelevision.cl\/web\/wp-content\/uploads\/2026\/08\/135596-1000x563.jpg?strip=info&#038;w=600&#038;ssl=1 600w,https:\/\/i0.wp.com\/temucotelevision.cl\/web\/wp-content\/uploads\/2026\/08\/135596-1000x563.jpg?strip=info&#038;w=900&#038;ssl=1 900w,https:\/\/i0.wp.com\/temucotelevision.cl\/web\/wp-content\/uploads\/2026\/08\/135596-1000x563.jpg?strip=info&#038;w=1000&#038;ssl=1 1000w\" alt=\"\" data-height=\"1440\" data-id=\"64882\" data-link=\"https:\/\/temucotelevision.cl\/web\/?attachment_id=64882\" data-url=\"https:\/\/temucotelevision.cl\/web\/wp-content\/uploads\/2026\/08\/135596-1000x563.jpg\" data-width=\"2560\" src=\"https:\/\/i0.wp.com\/temucotelevision.cl\/web\/wp-content\/uploads\/2026\/08\/135596-1000x563.jpg?ssl=1\" data-amp-layout=\"responsive\"\/><\/figure><\/div><\/div><\/div><\/div><\/div>\n","protected":false},"excerpt":{"rendered":"<div class=\"pvc_clear\"><\/div>\n<p id=\"pvc_stats_64879\" class=\"pvc_stats total_only  \" data-element-id=\"64879\" style=\"\"><i class=\"pvc-stats-icon large\" aria-hidden=\"true\"><svg aria-hidden=\"true\" focusable=\"false\" data-prefix=\"far\" data-icon=\"chart-bar\" role=\"img\" xmlns=\"http:\/\/www.w3.org\/2000\/svg\" viewBox=\"0 0 512 512\" class=\"svg-inline--fa fa-chart-bar fa-w-16 fa-2x\"><path fill=\"currentColor\" d=\"M396.8 352h22.4c6.4 0 12.8-6.4 12.8-12.8V108.8c0-6.4-6.4-12.8-12.8-12.8h-22.4c-6.4 0-12.8 6.4-12.8 12.8v230.4c0 6.4 6.4 12.8 12.8 12.8zm-192 0h22.4c6.4 0 12.8-6.4 12.8-12.8V140.8c0-6.4-6.4-12.8-12.8-12.8h-22.4c-6.4 0-12.8 6.4-12.8 12.8v198.4c0 6.4 6.4 12.8 12.8 12.8zm96 0h22.4c6.4 0 12.8-6.4 12.8-12.8V204.8c0-6.4-6.4-12.8-12.8-12.8h-22.4c-6.4 0-12.8 6.4-12.8 12.8v134.4c0 6.4 6.4 12.8 12.8 12.8zM496 400H48V80c0-8.84-7.16-16-16-16H16C7.16 64 0 71.16 0 80v336c0 17.67 14.33 32 32 32h464c8.84 0 16-7.16 16-16v-16c0-8.84-7.16-16-16-16zm-387.2-48h22.4c6.4 0 12.8-6.4 12.8-12.8v-70.4c0-6.4-6.4-12.8-12.8-12.8h-22.4c-6.4 0-12.8 6.4-12.8 12.8v70.4c0 6.4 6.4 12.8 12.8 12.8z\" class=\"\"><\/path><\/svg><\/i> <img loading=\"lazy\" decoding=\"async\" width=\"16\" height=\"16\" alt=\"Loading\" src=\"https:\/\/temucotelevision.cl\/web\/wp-content\/plugins\/page-views-count\/ajax-loader-2x.gif\" border=0 \/><\/p>\n<div class=\"pvc_clear\"><\/div>\n<p>La actividad reuni\u00f3 a delegaciones de m\u00e1s de diez comunas en una experiencia de mediaci\u00f3n art\u00edstica liderada por la Orquesta<\/p>\n","protected":false},"author":1,"featured_media":64880,"comment_status":"open","ping_status":"open","sticky":false,"template":"","format":"standard","meta":{"colormag_page_container_layout":"default_layout","colormag_page_sidebar_layout":"default_layout","advanced_seo_description":"","jetpack_seo_html_title":"","jetpack_seo_noindex":false,"jetpack_seo_schema_type":"","_jetpack_newsletter_access":"","_jetpack_dont_email_post_to_subs":false,"_jetpack_newsletter_tier_id":0,"_jetpack_memberships_contains_paywalled_content":false,"_jetpack_feature_clip_id":0,"_jetpack_memberships_contains_paid_content":false,"footnotes":"","jetpack_publicize_message":"La jornada reuni\u00f3 a m\u00e1s de mil estudiantes de distintas comunas de La Araucan\u00eda, quienes disfrutaron de un repertorio especialmente preparado para acercar la m\u00fasica cl\u00e1sica a las nuevas generaciones.","jetpack_publicize_feature_enabled":true,"jetpack_social_post_already_shared":false,"jetpack_social_options":{"image_generator_settings":{"template":"highway","default_image_id":0,"font":"","enabled":false},"version":2},"jetpack_post_was_ever_published":false},"categories":[86],"tags":[283],"class_list":["post-64879","post","type-post","status-publish","format-standard","has-post-thumbnail","hentry","category-panoramas","tag-teatro"],"a3_pvc":{"activated":true,"total_views":994,"today_views":0},"jetpack_publicize_connections":[],"jetpack_sharing_enabled":true,"jetpack_likes_enabled":true,"jetpack_featured_media_url":"https:\/\/temucotelevision.cl\/web\/wp-content\/uploads\/2026\/08\/134331-scaled.jpg","_links":{"self":[{"href":"https:\/\/temucotelevision.cl\/web\/wp-json\/wp\/v2\/posts\/64879","targetHints":{"allow":["GET"]}}],"collection":[{"href":"https:\/\/temucotelevision.cl\/web\/wp-json\/wp\/v2\/posts"}],"about":[{"href":"https:\/\/temucotelevision.cl\/web\/wp-json\/wp\/v2\/types\/post"}],"author":[{"embeddable":true,"href":"https:\/\/temucotelevision.cl\/web\/wp-json\/wp\/v2\/users\/1"}],"replies":[{"embeddable":true,"href":"https:\/\/temucotelevision.cl\/web\/wp-json\/wp\/v2\/comments?post=64879"}],"version-history":[{"count":1,"href":"https:\/\/temucotelevision.cl\/web\/wp-json\/wp\/v2\/posts\/64879\/revisions"}],"predecessor-version":[{"id":64883,"href":"https:\/\/temucotelevision.cl\/web\/wp-json\/wp\/v2\/posts\/64879\/revisions\/64883"}],"wp:featuredmedia":[{"embeddable":true,"href":"https:\/\/temucotelevision.cl\/web\/wp-json\/wp\/v2\/media\/64880"}],"wp:attachment":[{"href":"https:\/\/temucotelevision.cl\/web\/wp-json\/wp\/v2\/media?parent=64879"}],"wp:term":[{"taxonomy":"category","embeddable":true,"href":"https:\/\/temucotelevision.cl\/web\/wp-json\/wp\/v2\/categories?post=64879"},{"taxonomy":"post_tag","embeddable":true,"href":"https:\/\/temucotelevision.cl\/web\/wp-json\/wp\/v2\/tags?post=64879"}],"curies":[{"name":"wp","href":"https:\/\/api.w.org\/{rel}","templated":true}]}}