{"id":64876,"date":"2026-08-30T22:26:10","date_gmt":"2026-08-31T01:26:10","guid":{"rendered":"https:\/\/temucotelevision.cl\/web\/?p=64876"},"modified":"2026-08-30T22:26:10","modified_gmt":"2026-08-31T01:26:10","slug":"joanna-perez-impulsa-comision-investigadora-por-brecha-digital-no-puede-haber-un-chile-conectado-y-otro-donde-conseguir-senal-sigue-siendo-un-privilegio","status":"publish","type":"post","link":"https:\/\/temucotelevision.cl\/web\/2026\/08\/30\/joanna-perez-impulsa-comision-investigadora-por-brecha-digital-no-puede-haber-un-chile-conectado-y-otro-donde-conseguir-senal-sigue-siendo-un-privilegio\/","title":{"rendered":"Joanna P\u00e9rez impulsa Comisi\u00f3n Investigadora por brecha digital: \u201cNo puede haber un Chile conectado y otro donde conseguir se\u00f1al sigue siendo un privilegio\u201d"},"content":{"rendered":"<div class=\"pvc_clear\"><\/div><p id=\"pvc_stats_64876\" class=\"pvc_stats total_only  \" data-element-id=\"64876\" style=\"\"><i class=\"pvc-stats-icon large\" aria-hidden=\"true\"><svg aria-hidden=\"true\" focusable=\"false\" data-prefix=\"far\" data-icon=\"chart-bar\" role=\"img\" xmlns=\"http:\/\/www.w3.org\/2000\/svg\" viewBox=\"0 0 512 512\" class=\"svg-inline--fa fa-chart-bar fa-w-16 fa-2x\"><path fill=\"currentColor\" d=\"M396.8 352h22.4c6.4 0 12.8-6.4 12.8-12.8V108.8c0-6.4-6.4-12.8-12.8-12.8h-22.4c-6.4 0-12.8 6.4-12.8 12.8v230.4c0 6.4 6.4 12.8 12.8 12.8zm-192 0h22.4c6.4 0 12.8-6.4 12.8-12.8V140.8c0-6.4-6.4-12.8-12.8-12.8h-22.4c-6.4 0-12.8 6.4-12.8 12.8v198.4c0 6.4 6.4 12.8 12.8 12.8zm96 0h22.4c6.4 0 12.8-6.4 12.8-12.8V204.8c0-6.4-6.4-12.8-12.8-12.8h-22.4c-6.4 0-12.8 6.4-12.8 12.8v134.4c0 6.4 6.4 12.8 12.8 12.8zM496 400H48V80c0-8.84-7.16-16-16-16H16C7.16 64 0 71.16 0 80v336c0 17.67 14.33 32 32 32h464c8.84 0 16-7.16 16-16v-16c0-8.84-7.16-16-16-16zm-387.2-48h22.4c6.4 0 12.8-6.4 12.8-12.8v-70.4c0-6.4-6.4-12.8-12.8-12.8h-22.4c-6.4 0-12.8 6.4-12.8 12.8v70.4c0 6.4 6.4 12.8 12.8 12.8z\" class=\"\"><\/path><\/svg><\/i> <img loading=\"lazy\" decoding=\"async\" width=\"16\" height=\"16\" alt=\"Loading\" src=\"https:\/\/temucotelevision.cl\/web\/wp-content\/plugins\/page-views-count\/ajax-loader-2x.gif\" border=0 \/><\/p><div class=\"pvc_clear\"><\/div>\n<p class=\"wp-block-paragraph\"><em>La diputada por el Biob\u00edo apunt\u00f3 a los problemas de conectividad que afectan a sectores rurales y apartados, especialmente de la Provincia de Arauco, provincia del Biob\u00edo y anunci\u00f3 una Comisi\u00f3n Investigadora para revisar el cumplimiento de las empresas de telecomunicaciones y la fiscalizaci\u00f3n del Estado tras licitaci\u00f3n 5G.<\/em><\/p>\n\n\n\n<p class=\"wp-block-paragraph\">La profunda desigualdad en el acceso a telecomunicaciones entre las grandes ciudades y las zonas rurales es uno de los principales argumentos planteados por la diputada Joanna P\u00e9rez para impulsar una Comisi\u00f3n Especial Investigadora (CEI) que revise el proceso de licitaci\u00f3n del espectro radioel\u00e9ctrico para redes 5G, el cumplimiento de las obligaciones de cobertura de las empresas concesionarias y las acciones de fiscalizaci\u00f3n desarrolladas por las autoridades.<\/p>\n\n\n\n<p class=\"wp-block-paragraph\">La parlamentaria puso especial \u00e9nfasis en la realidad que enfrentan numerosas comunidades rurales de la Regi\u00f3n del Biob\u00edo y la Provincia de Arauco, donde vecinos contin\u00faan denunciando dificultades para acceder a una conexi\u00f3n estable y de calidad, una situaci\u00f3n que profundiza las diferencias territoriales respecto de quienes viven en las principales ciudades.<\/p>\n\n\n\n<p class=\"wp-block-paragraph\">\u201cNo puede ser que en pleno 2026 tengamos un Chile que avanza en 5G y, al mismo tiempo, familias de nuestras zonas rurales deben buscar d\u00f3nde conseguir se\u00f1al para poder comunicarse. En Arauco y en distintos sectores del Biob\u00edo conocemos esta realidad, por diferentes problemas de cobertura, dificultades con las antenas y servicios que no responden a las necesidades de las comunidades\u201d.<\/p>\n\n\n\n<p class=\"wp-block-paragraph\">La solicitud de la CEI busca investigar los actos del Ministerio de Transportes y Telecomunicaciones, la Subsecretar\u00eda de telecomunicaciones (Subtel) y otros organismos competentes respecto de una licitaci\u00f3n desarrollada entre 2020 y 2021, poniendo especial atenci\u00f3n en las 366 localidades rurales y aisladas incorporadas como contraprestaci\u00f3n obligatoria y si finalmente sus habitantes reciben el servicio.<\/p>\n\n\n\n<p class=\"wp-block-paragraph\">\u201cAqu\u00ed existen normas, concesiones y obligaciones que las empresas deben cumplir. No basta con instalar infraestructura o decir que una localidad tiene cobertura en el papel, porque lo importante es saber si las familias tienen se\u00f1al, si pueden conectarse y si el servicio que reciben tiene la calidad comprometida y cuando eso no ocurre, necesitamos una Subsecretar\u00eda de telecomunicaciones con capacidad de fiscalizaci\u00f3n\u201d, dijo P\u00e9rez.&nbsp;<\/p>\n\n\n\n<p class=\"wp-block-paragraph\">Asimismo a\u00f1adi\u00f3 \u201ccuando hablamos de mala conectividad rural hablamos de un estudiante que tiene dificultades para estudiar, de una familia que no puede acceder adecuadamente a telemedicina, de un emprendedor que no puede vender o hacer un tr\u00e1mite y de comunidades que incluso enfrentan dificultades para comunicarse ante una emergencia. No podemos seguir normalizando que vivir lejos de una ciudad signifique tener menos oportunidades\u201d.&nbsp;<\/p>\n\n\n\n<p class=\"wp-block-paragraph\">\u201cQueremos una fiscalizaci\u00f3n mucho m\u00e1s efectiva. Si una empresa recibe una concesi\u00f3n del Estado y asume compromisos de cobertura, estos compromisos deben cumplirse y si no se cumplen, tienen que operar las sanciones que establece nuestra legislaci\u00f3n. Las comunidades rurales no pueden seguir siendo las \u00faltimas de la fila mientras las empresas mantienen concesiones y el Estado llega tarde a fiscalizar\u201d.<\/p>\n","protected":false},"excerpt":{"rendered":"<div class=\"pvc_clear\"><\/div>\n<p id=\"pvc_stats_64876\" class=\"pvc_stats total_only  \" data-element-id=\"64876\" style=\"\"><i class=\"pvc-stats-icon large\" aria-hidden=\"true\"><svg aria-hidden=\"true\" focusable=\"false\" data-prefix=\"far\" data-icon=\"chart-bar\" role=\"img\" xmlns=\"http:\/\/www.w3.org\/2000\/svg\" viewBox=\"0 0 512 512\" class=\"svg-inline--fa fa-chart-bar fa-w-16 fa-2x\"><path fill=\"currentColor\" d=\"M396.8 352h22.4c6.4 0 12.8-6.4 12.8-12.8V108.8c0-6.4-6.4-12.8-12.8-12.8h-22.4c-6.4 0-12.8 6.4-12.8 12.8v230.4c0 6.4 6.4 12.8 12.8 12.8zm-192 0h22.4c6.4 0 12.8-6.4 12.8-12.8V140.8c0-6.4-6.4-12.8-12.8-12.8h-22.4c-6.4 0-12.8 6.4-12.8 12.8v198.4c0 6.4 6.4 12.8 12.8 12.8zm96 0h22.4c6.4 0 12.8-6.4 12.8-12.8V204.8c0-6.4-6.4-12.8-12.8-12.8h-22.4c-6.4 0-12.8 6.4-12.8 12.8v134.4c0 6.4 6.4 12.8 12.8 12.8zM496 400H48V80c0-8.84-7.16-16-16-16H16C7.16 64 0 71.16 0 80v336c0 17.67 14.33 32 32 32h464c8.84 0 16-7.16 16-16v-16c0-8.84-7.16-16-16-16zm-387.2-48h22.4c6.4 0 12.8-6.4 12.8-12.8v-70.4c0-6.4-6.4-12.8-12.8-12.8h-22.4c-6.4 0-12.8 6.4-12.8 12.8v70.4c0 6.4 6.4 12.8 12.8 12.8z\" class=\"\"><\/path><\/svg><\/i> <img loading=\"lazy\" decoding=\"async\" width=\"16\" height=\"16\" alt=\"Loading\" src=\"https:\/\/temucotelevision.cl\/web\/wp-content\/plugins\/page-views-count\/ajax-loader-2x.gif\" border=0 \/><\/p>\n<div class=\"pvc_clear\"><\/div>\n<p>La diputada por el Biob\u00edo apunt\u00f3 a los problemas de conectividad que afectan a sectores rurales y apartados, especialmente de<\/p>\n","protected":false},"author":1,"featured_media":64877,"comment_status":"open","ping_status":"open","sticky":false,"template":"","format":"standard","meta":{"colormag_page_container_layout":"default_layout","colormag_page_sidebar_layout":"default_layout","advanced_seo_description":"","jetpack_seo_html_title":"","jetpack_seo_noindex":false,"jetpack_seo_schema_type":"","_jetpack_newsletter_access":"","_jetpack_dont_email_post_to_subs":false,"_jetpack_newsletter_tier_id":0,"_jetpack_memberships_contains_paywalled_content":false,"_jetpack_feature_clip_id":0,"_jetpack_memberships_contains_paid_content":false,"footnotes":"","jetpack_publicize_message":"La diputada Joanna P\u00e9rez busca revisar el cumplimiento de las obligaciones de cobertura 5G en zonas rurales y aisladas, con especial foco en comunidades de la Provincia de Arauco y la Regi\u00f3n del Biob\u00edo.","jetpack_publicize_feature_enabled":true,"jetpack_social_post_already_shared":false,"jetpack_social_options":{"image_generator_settings":{"template":"highway","default_image_id":0,"font":"","enabled":false},"version":2},"jetpack_post_was_ever_published":false},"categories":[84],"tags":[788],"class_list":["post-64876","post","type-post","status-publish","format-standard","has-post-thumbnail","hentry","category-politica","tag-diputada"],"a3_pvc":{"activated":true,"total_views":913,"today_views":1},"jetpack_publicize_connections":[],"jetpack_sharing_enabled":true,"jetpack_likes_enabled":true,"jetpack_featured_media_url":"https:\/\/temucotelevision.cl\/web\/wp-content\/uploads\/2026\/08\/J.-Perez.jpeg","_links":{"self":[{"href":"https:\/\/temucotelevision.cl\/web\/wp-json\/wp\/v2\/posts\/64876","targetHints":{"allow":["GET"]}}],"collection":[{"href":"https:\/\/temucotelevision.cl\/web\/wp-json\/wp\/v2\/posts"}],"about":[{"href":"https:\/\/temucotelevision.cl\/web\/wp-json\/wp\/v2\/types\/post"}],"author":[{"embeddable":true,"href":"https:\/\/temucotelevision.cl\/web\/wp-json\/wp\/v2\/users\/1"}],"replies":[{"embeddable":true,"href":"https:\/\/temucotelevision.cl\/web\/wp-json\/wp\/v2\/comments?post=64876"}],"version-history":[{"count":1,"href":"https:\/\/temucotelevision.cl\/web\/wp-json\/wp\/v2\/posts\/64876\/revisions"}],"predecessor-version":[{"id":64878,"href":"https:\/\/temucotelevision.cl\/web\/wp-json\/wp\/v2\/posts\/64876\/revisions\/64878"}],"wp:featuredmedia":[{"embeddable":true,"href":"https:\/\/temucotelevision.cl\/web\/wp-json\/wp\/v2\/media\/64877"}],"wp:attachment":[{"href":"https:\/\/temucotelevision.cl\/web\/wp-json\/wp\/v2\/media?parent=64876"}],"wp:term":[{"taxonomy":"category","embeddable":true,"href":"https:\/\/temucotelevision.cl\/web\/wp-json\/wp\/v2\/categories?post=64876"},{"taxonomy":"post_tag","embeddable":true,"href":"https:\/\/temucotelevision.cl\/web\/wp-json\/wp\/v2\/tags?post=64876"}],"curies":[{"name":"wp","href":"https:\/\/api.w.org\/{rel}","templated":true}]}}