{"id":64870,"date":"2026-08-30T22:22:27","date_gmt":"2026-08-31T01:22:27","guid":{"rendered":"https:\/\/temucotelevision.cl\/web\/?p=64870"},"modified":"2026-08-30T22:22:53","modified_gmt":"2026-08-31T01:22:53","slug":"tu-negocio-no-despega-en-redes-periodista-publica-libro-con-claves-para-mejorar-tu-presencia-digital","status":"publish","type":"post","link":"https:\/\/temucotelevision.cl\/web\/2026\/08\/30\/tu-negocio-no-despega-en-redes-periodista-publica-libro-con-claves-para-mejorar-tu-presencia-digital\/","title":{"rendered":"\u00bfTu negocio no despega en redes? Periodista publica libro con claves para mejorar tu presencia digital"},"content":{"rendered":"<div class=\"pvc_clear\"><\/div><p id=\"pvc_stats_64870\" class=\"pvc_stats total_only  \" data-element-id=\"64870\" style=\"\"><i class=\"pvc-stats-icon large\" aria-hidden=\"true\"><svg aria-hidden=\"true\" focusable=\"false\" data-prefix=\"far\" data-icon=\"chart-bar\" role=\"img\" xmlns=\"http:\/\/www.w3.org\/2000\/svg\" viewBox=\"0 0 512 512\" class=\"svg-inline--fa fa-chart-bar fa-w-16 fa-2x\"><path fill=\"currentColor\" d=\"M396.8 352h22.4c6.4 0 12.8-6.4 12.8-12.8V108.8c0-6.4-6.4-12.8-12.8-12.8h-22.4c-6.4 0-12.8 6.4-12.8 12.8v230.4c0 6.4 6.4 12.8 12.8 12.8zm-192 0h22.4c6.4 0 12.8-6.4 12.8-12.8V140.8c0-6.4-6.4-12.8-12.8-12.8h-22.4c-6.4 0-12.8 6.4-12.8 12.8v198.4c0 6.4 6.4 12.8 12.8 12.8zm96 0h22.4c6.4 0 12.8-6.4 12.8-12.8V204.8c0-6.4-6.4-12.8-12.8-12.8h-22.4c-6.4 0-12.8 6.4-12.8 12.8v134.4c0 6.4 6.4 12.8 12.8 12.8zM496 400H48V80c0-8.84-7.16-16-16-16H16C7.16 64 0 71.16 0 80v336c0 17.67 14.33 32 32 32h464c8.84 0 16-7.16 16-16v-16c0-8.84-7.16-16-16-16zm-387.2-48h22.4c6.4 0 12.8-6.4 12.8-12.8v-70.4c0-6.4-6.4-12.8-12.8-12.8h-22.4c-6.4 0-12.8 6.4-12.8 12.8v70.4c0 6.4 6.4 12.8 12.8 12.8z\" class=\"\"><\/path><\/svg><\/i> <img loading=\"lazy\" decoding=\"async\" width=\"16\" height=\"16\" alt=\"Loading\" src=\"https:\/\/temucotelevision.cl\/web\/wp-content\/plugins\/page-views-count\/ajax-loader-2x.gif\" border=0 \/><\/p><div class=\"pvc_clear\"><\/div>\n<p class=\"wp-block-paragraph\"><em>El Creador de Contenido, Juan \u00c1ngel Torres, estuvo viviendo en Carahue y Nueva Imperial, en donde asegur\u00f3 que adquiri\u00f3 las \u00faltimas habilidades para finiquitar su texto, en donde re\u00fane estrategias y t\u00e9cnicas para impulsar negocios y credibilidad en internet.<\/em><\/p>\n\n\n\n<p class=\"wp-block-paragraph\">Muchas personas sienten que el mundo digital es complejo o inaccesible, &#8220;Mi primer libro de redes sociales&#8221;, te demuestra exactamente lo contrario: Comunicar, Conectar y Crecer en internet puede ser simple cuando se entiende c\u00f3mo funciona cada plataforma y cu\u00e1l es el verdadero valor de una comunidad.<\/p>\n\n\n\n<p class=\"wp-block-paragraph\">El libro entrega las claves para crear contenido atractivo, fortalecer marcas, generar interacci\u00f3n aut\u00e9ntica y desarrollar una presencia digital con credibilidad y prop\u00f3sito. Desde Facebook e Instagram hasta TikTok, LinkedIn y la gesti\u00f3n de prensa, esta obra gu\u00eda paso a paso a quienes desean aprovechar el potencial de los medios digitales sin perder su identidad.<\/p>\n\n\n\n<p class=\"wp-block-paragraph\"><strong><em>&#8220;Mi primer libro de redes sociales&#8221;<\/em><\/strong><strong>&nbsp;est\u00e1 escrito por el Periodista y Creador de Contenido, Juan \u00c1ngel Torres Escalera<\/strong>, y agrupa la experiencia comunicacional llevada a cabo en el norte, centro y sur de Chile.<\/p>\n\n\n\n<p class=\"wp-block-paragraph\">El joven profesional&nbsp;<strong>se desempe\u00f1\u00f3 como Encargado de Comunicaciones del Servicio Local en Costa Araucan\u00eda<\/strong>, en d\u00f3nde adquiri\u00f3 las \u00faltimas habilidades para finiquitar su texto,&nbsp;<strong>aglomerando experiencia en Carahue y Nueva Imperial.<\/strong><\/p>\n\n\n\n<p class=\"wp-block-paragraph\">&#8220;Es el libro ideal para las y los emprendedores que buscan impulsar su negocio en redes sociales a trav\u00e9s de la construcci\u00f3n de una potente credibilidad que te entrega el correcto lenguaje comunicacional. Todos son capaces y puedo ayudarlos en ese proceso&#8221;, asegur\u00f3.<\/p>\n\n\n\n<p class=\"wp-block-paragraph\">Consultado sobre la aparici\u00f3n en prensa, el aludido respondi\u00f3 que &#8220;en el libro tambi\u00e9n encontrar\u00e1n t\u00e9cnicas y formas para una gesti\u00f3n de prensa efectiva, que recursos enviar y de qu\u00e9 forma entrar en contacto con periodistas de televisi\u00f3n o radio&#8221;.<\/p>\n\n\n\n<p class=\"wp-block-paragraph\">&#8220;El libro es sin duda un compa\u00f1ero fiel para trabajar en equipo para potenciar la imagen en redes sociales, una identidad virtual y elevar las ventas, todo es un camino y esto puede ser el punto de partida&#8221;, agreg\u00f3 el periodista.&nbsp;<\/p>\n\n\n\n<p class=\"wp-block-paragraph\">El libro puede ser adquirido por diversas plataformas y por redes sociales @miprimer.libro<\/p>\n\n\n\n<p class=\"wp-block-paragraph\">Mercado Libre&nbsp;<a href=\"https:\/\/www.mercadolibre.cl\/mi-primer-libro-de-redes-sociales\/up\/MLCU4838532880\" target=\"_blank\" rel=\"noreferrer noopener\">https:\/\/www.mercadolibre.cl\/mi-primer-libro-de-redes-sociales\/up\/MLCU4838532880<\/a><\/p>\n\n\n\n<p class=\"wp-block-paragraph\">Busca Libre -&gt;&nbsp;<a href=\"https:\/\/www.buscalibre.cl\/libro-mi-primer-libro-de-redes-sociales\/9789564242040\/p\/68517535?srsltid=AfmBOopzUhg1IoPj-mXy9GovmbYMIqTdhwT7eGSmx854b60d8YcKm6lM\" target=\"_blank\" rel=\"noreferrer noopener\">https:\/\/www.buscalibre.cl\/libro-mi-primer-libro-de-redes-sociales\/9789564242040\/p\/68517535?srsltid=AfmBOopzUhg1IoPj-mXy9GovmbYMIqTdhwT7eGSmx854b60d8YcKm6lM<\/a><\/p>\n\n\n\n<p class=\"wp-block-paragraph\">Amazon -&gt;&nbsp;<a href=\"https:\/\/www.amazon.com\/-\/es\/Juan-%C3%81ngel-Torres-ebook\/dp\/B0HCDRRRY8\" target=\"_blank\" rel=\"noreferrer noopener\">https:\/\/www.amazon.com\/-\/es\/Juan-%C3%81ngel-Torres-ebook\/dp\/B0HCDRRRY8<\/a><\/p>\n\n\n\n<div class=\"wp-block-jetpack-tiled-gallery aligncenter is-style-rectangular\"><div class=\"\"><div class=\"tiled-gallery__gallery\"><div class=\"tiled-gallery__row\"><div class=\"tiled-gallery__col\" style=\"flex-basis:63.96101%\"><figure class=\"tiled-gallery__item\"><img decoding=\"async\" srcset=\"https:\/\/i0.wp.com\/temucotelevision.cl\/web\/wp-content\/uploads\/2026\/08\/WhatsApp-Image-2026-08-29-at-2.49.30-PM-1000x750.jpeg?strip=info&#038;w=600&#038;ssl=1 600w,https:\/\/i0.wp.com\/temucotelevision.cl\/web\/wp-content\/uploads\/2026\/08\/WhatsApp-Image-2026-08-29-at-2.49.30-PM-1000x750.jpeg?strip=info&#038;w=900&#038;ssl=1 900w,https:\/\/i0.wp.com\/temucotelevision.cl\/web\/wp-content\/uploads\/2026\/08\/WhatsApp-Image-2026-08-29-at-2.49.30-PM-1000x750.jpeg?strip=info&#038;w=1000&#038;ssl=1 1000w\" alt=\"\" data-height=\"960\" data-id=\"64872\" data-link=\"https:\/\/temucotelevision.cl\/web\/?attachment_id=64872\" data-url=\"https:\/\/temucotelevision.cl\/web\/wp-content\/uploads\/2026\/08\/WhatsApp-Image-2026-08-29-at-2.49.30-PM-1000x750.jpeg\" data-width=\"1280\" src=\"https:\/\/i0.wp.com\/temucotelevision.cl\/web\/wp-content\/uploads\/2026\/08\/WhatsApp-Image-2026-08-29-at-2.49.30-PM-1000x750.jpeg?ssl=1\" data-amp-layout=\"responsive\"\/><\/figure><\/div><div class=\"tiled-gallery__col\" style=\"flex-basis:36.03899%\"><figure class=\"tiled-gallery__item\"><img decoding=\"async\" srcset=\"https:\/\/i0.wp.com\/temucotelevision.cl\/web\/wp-content\/uploads\/2026\/08\/WhatsApp-Image-2026-08-29-at-2.49.31-PM-750x1000.jpeg?strip=info&#038;w=600&#038;ssl=1 600w,https:\/\/i0.wp.com\/temucotelevision.cl\/web\/wp-content\/uploads\/2026\/08\/WhatsApp-Image-2026-08-29-at-2.49.31-PM-750x1000.jpeg?strip=info&#038;w=750&#038;ssl=1 750w\" alt=\"\" data-height=\"1280\" data-id=\"64873\" data-link=\"https:\/\/temucotelevision.cl\/web\/?attachment_id=64873\" data-url=\"https:\/\/temucotelevision.cl\/web\/wp-content\/uploads\/2026\/08\/WhatsApp-Image-2026-08-29-at-2.49.31-PM-750x1000.jpeg\" data-width=\"960\" src=\"https:\/\/i0.wp.com\/temucotelevision.cl\/web\/wp-content\/uploads\/2026\/08\/WhatsApp-Image-2026-08-29-at-2.49.31-PM-750x1000.jpeg?ssl=1\" data-amp-layout=\"responsive\"\/><\/figure><\/div><\/div><\/div><\/div><\/div>\n","protected":false},"excerpt":{"rendered":"<div class=\"pvc_clear\"><\/div>\n<p id=\"pvc_stats_64870\" class=\"pvc_stats total_only  \" data-element-id=\"64870\" style=\"\"><i class=\"pvc-stats-icon large\" aria-hidden=\"true\"><svg aria-hidden=\"true\" focusable=\"false\" data-prefix=\"far\" data-icon=\"chart-bar\" role=\"img\" xmlns=\"http:\/\/www.w3.org\/2000\/svg\" viewBox=\"0 0 512 512\" class=\"svg-inline--fa fa-chart-bar fa-w-16 fa-2x\"><path fill=\"currentColor\" d=\"M396.8 352h22.4c6.4 0 12.8-6.4 12.8-12.8V108.8c0-6.4-6.4-12.8-12.8-12.8h-22.4c-6.4 0-12.8 6.4-12.8 12.8v230.4c0 6.4 6.4 12.8 12.8 12.8zm-192 0h22.4c6.4 0 12.8-6.4 12.8-12.8V140.8c0-6.4-6.4-12.8-12.8-12.8h-22.4c-6.4 0-12.8 6.4-12.8 12.8v198.4c0 6.4 6.4 12.8 12.8 12.8zm96 0h22.4c6.4 0 12.8-6.4 12.8-12.8V204.8c0-6.4-6.4-12.8-12.8-12.8h-22.4c-6.4 0-12.8 6.4-12.8 12.8v134.4c0 6.4 6.4 12.8 12.8 12.8zM496 400H48V80c0-8.84-7.16-16-16-16H16C7.16 64 0 71.16 0 80v336c0 17.67 14.33 32 32 32h464c8.84 0 16-7.16 16-16v-16c0-8.84-7.16-16-16-16zm-387.2-48h22.4c6.4 0 12.8-6.4 12.8-12.8v-70.4c0-6.4-6.4-12.8-12.8-12.8h-22.4c-6.4 0-12.8 6.4-12.8 12.8v70.4c0 6.4 6.4 12.8 12.8 12.8z\" class=\"\"><\/path><\/svg><\/i> <img loading=\"lazy\" decoding=\"async\" width=\"16\" height=\"16\" alt=\"Loading\" src=\"https:\/\/temucotelevision.cl\/web\/wp-content\/plugins\/page-views-count\/ajax-loader-2x.gif\" border=0 \/><\/p>\n<div class=\"pvc_clear\"><\/div>\n<p>El Creador de Contenido, Juan \u00c1ngel Torres, estuvo viviendo en Carahue y Nueva Imperial, en donde asegur\u00f3 que adquiri\u00f3 las<\/p>\n","protected":false},"author":1,"featured_media":64871,"comment_status":"open","ping_status":"open","sticky":false,"template":"","format":"standard","meta":{"colormag_page_container_layout":"default_layout","colormag_page_sidebar_layout":"default_layout","advanced_seo_description":"","jetpack_seo_html_title":"","jetpack_seo_noindex":false,"jetpack_seo_schema_type":"","_jetpack_newsletter_access":"","_jetpack_dont_email_post_to_subs":false,"_jetpack_newsletter_tier_id":0,"_jetpack_memberships_contains_paywalled_content":false,"_jetpack_feature_clip_id":0,"_jetpack_memberships_contains_paid_content":false,"footnotes":"","jetpack_publicize_message":"\u201cMi primer libro de redes sociales\u201d busca convertirse en una gu\u00eda pr\u00e1ctica para emprendedores que quieren comunicar mejor, conectar con sus audiencias y fortalecer sus negocios en internet.","jetpack_publicize_feature_enabled":true,"jetpack_social_post_already_shared":false,"jetpack_social_options":{"image_generator_settings":{"template":"highway","default_image_id":0,"font":"","enabled":false},"version":2},"jetpack_post_was_ever_published":false},"categories":[6973],"tags":[1466],"class_list":["post-64870","post","type-post","status-publish","format-standard","has-post-thumbnail","hentry","category-tecnologia","tag-redes"],"a3_pvc":{"activated":true,"total_views":16,"today_views":4},"jetpack_publicize_connections":[],"jetpack_sharing_enabled":true,"jetpack_likes_enabled":true,"jetpack_featured_media_url":"https:\/\/temucotelevision.cl\/web\/wp-content\/uploads\/2026\/08\/WhatsApp-Image-2026-08-29-at-2.32.29-PM.jpeg","_links":{"self":[{"href":"https:\/\/temucotelevision.cl\/web\/wp-json\/wp\/v2\/posts\/64870","targetHints":{"allow":["GET"]}}],"collection":[{"href":"https:\/\/temucotelevision.cl\/web\/wp-json\/wp\/v2\/posts"}],"about":[{"href":"https:\/\/temucotelevision.cl\/web\/wp-json\/wp\/v2\/types\/post"}],"author":[{"embeddable":true,"href":"https:\/\/temucotelevision.cl\/web\/wp-json\/wp\/v2\/users\/1"}],"replies":[{"embeddable":true,"href":"https:\/\/temucotelevision.cl\/web\/wp-json\/wp\/v2\/comments?post=64870"}],"version-history":[{"count":2,"href":"https:\/\/temucotelevision.cl\/web\/wp-json\/wp\/v2\/posts\/64870\/revisions"}],"predecessor-version":[{"id":64875,"href":"https:\/\/temucotelevision.cl\/web\/wp-json\/wp\/v2\/posts\/64870\/revisions\/64875"}],"wp:featuredmedia":[{"embeddable":true,"href":"https:\/\/temucotelevision.cl\/web\/wp-json\/wp\/v2\/media\/64871"}],"wp:attachment":[{"href":"https:\/\/temucotelevision.cl\/web\/wp-json\/wp\/v2\/media?parent=64870"}],"wp:term":[{"taxonomy":"category","embeddable":true,"href":"https:\/\/temucotelevision.cl\/web\/wp-json\/wp\/v2\/categories?post=64870"},{"taxonomy":"post_tag","embeddable":true,"href":"https:\/\/temucotelevision.cl\/web\/wp-json\/wp\/v2\/tags?post=64870"}],"curies":[{"name":"wp","href":"https:\/\/api.w.org\/{rel}","templated":true}]}}