{"id":64864,"date":"2026-08-30T21:49:36","date_gmt":"2026-08-31T00:49:36","guid":{"rendered":"https:\/\/temucotelevision.cl\/web\/?p=64864"},"modified":"2026-08-30T21:49:36","modified_gmt":"2026-08-31T00:49:36","slug":"primera-vez-en-invierno-6-version-del-nahuelbuta-all-in-congrego-a-400-corredores-de-todo-chile-y-latinoamerica","status":"publish","type":"post","link":"https:\/\/temucotelevision.cl\/web\/2026\/08\/30\/primera-vez-en-invierno-6-version-del-nahuelbuta-all-in-congrego-a-400-corredores-de-todo-chile-y-latinoamerica\/","title":{"rendered":"Primera vez en invierno: 6\u00b0 versi\u00f3n del Nahuelbuta All In congreg\u00f3 a 400 corredores de todo Chile y Latinoam\u00e9rica"},"content":{"rendered":"<div class=\"pvc_clear\"><\/div><p id=\"pvc_stats_64864\" class=\"pvc_stats total_only  \" data-element-id=\"64864\" style=\"\"><i class=\"pvc-stats-icon large\" aria-hidden=\"true\"><svg aria-hidden=\"true\" focusable=\"false\" data-prefix=\"far\" data-icon=\"chart-bar\" role=\"img\" xmlns=\"http:\/\/www.w3.org\/2000\/svg\" viewBox=\"0 0 512 512\" class=\"svg-inline--fa fa-chart-bar fa-w-16 fa-2x\"><path fill=\"currentColor\" d=\"M396.8 352h22.4c6.4 0 12.8-6.4 12.8-12.8V108.8c0-6.4-6.4-12.8-12.8-12.8h-22.4c-6.4 0-12.8 6.4-12.8 12.8v230.4c0 6.4 6.4 12.8 12.8 12.8zm-192 0h22.4c6.4 0 12.8-6.4 12.8-12.8V140.8c0-6.4-6.4-12.8-12.8-12.8h-22.4c-6.4 0-12.8 6.4-12.8 12.8v198.4c0 6.4 6.4 12.8 12.8 12.8zm96 0h22.4c6.4 0 12.8-6.4 12.8-12.8V204.8c0-6.4-6.4-12.8-12.8-12.8h-22.4c-6.4 0-12.8 6.4-12.8 12.8v134.4c0 6.4 6.4 12.8 12.8 12.8zM496 400H48V80c0-8.84-7.16-16-16-16H16C7.16 64 0 71.16 0 80v336c0 17.67 14.33 32 32 32h464c8.84 0 16-7.16 16-16v-16c0-8.84-7.16-16-16-16zm-387.2-48h22.4c6.4 0 12.8-6.4 12.8-12.8v-70.4c0-6.4-6.4-12.8-12.8-12.8h-22.4c-6.4 0-12.8 6.4-12.8 12.8v70.4c0 6.4 6.4 12.8 12.8 12.8z\" class=\"\"><\/path><\/svg><\/i> <img loading=\"lazy\" decoding=\"async\" width=\"16\" height=\"16\" alt=\"Loading\" src=\"https:\/\/temucotelevision.cl\/web\/wp-content\/plugins\/page-views-count\/ajax-loader-2x.gif\" border=0 \/><\/p><div class=\"pvc_clear\"><\/div>\n<ul class=\"wp-block-list\">\n<li><em>En el Parque CMPC Junquillar se disput\u00f3 una nueva versi\u00f3n de una competencia esperada por los m\u00e1ximos exponentes del trail running. Los honores en los 42k recayeron en Tamara V\u00e9liz y Luis \u201cPatag\u00f3n\u201d Soto, atleta CMPC. \u00a0<\/em><\/li>\n<\/ul>\n\n\n\n<p class=\"wp-block-paragraph\">Un evento que crece cada a\u00f1o y que sigue situando al Parque CMPC Junquillar de Angol como epicentro del deporte aventura en el circuito nacional. Con cinco distancias en tabla, de 2k (infantil), 6k, 12k, 21k y 42k, este s\u00e1bado se vivi\u00f3 la 6\u00b0 versi\u00f3n del Nahuelbuta All In. Producido por Zorcat y con el apoyo de CMPC y la municipalidad, se trat\u00f3 de una verdadera fiesta del trail running.<\/p>\n\n\n\n<p class=\"wp-block-paragraph\">La novedad fue que por&nbsp;<strong>primera vez se realiz\u00f3 en invierno<\/strong>, con una ruta y paisajes distintos y desafiantes. Los primeros en largar fueron los competidores de 42k, a eso de las 7.15 horas. Luego fue el turno de la largada de 21k, a las 9.30, despu\u00e9s los de 12k a las 10.15 horas, los 6k a las 11.00 y finalmente la corrida infantil, que tuvo su arranque a las 12.30 horas.<\/p>\n\n\n\n<p class=\"wp-block-paragraph\">En la previa, el viernes los 400 corredores inscritos retiraron su kit en el Hotel Club Social Angol, donde recibieron una charla t\u00e9cnica y descripci\u00f3n de las rutas. Se trat\u00f3 de una competencia de primer nivel, con recorridos bien se\u00f1alizados, altos est\u00e1ndares de seguridad y un fuerte compromiso con el cuidado del entorno natural.<\/p>\n\n\n\n<p class=\"wp-block-paragraph\"><strong>La voz de los vencedores<\/strong><\/p>\n\n\n\n<p class=\"wp-block-paragraph\">En la m\u00e1xima categor\u00eda, de&nbsp;<strong>42k, en mujeres el triunfo fue para Tamara V\u00e9liz<\/strong>, con un tiempo de 6 horas, 10 minutos y 44 segundos. Al respecto, se\u00f1al\u00f3 que \u201cquise ser parte de esta carrera porque esta carrera es como s\u00faper especial para m\u00ed porque yo part\u00ed ac\u00e1 corriendo en el 2021. Ac\u00e1 tambi\u00e9n fui campeona nacional\u201d. Sobre c\u00f3mo vivi\u00f3 esta competencia, apunt\u00f3 que \u201cno me esperaba ganar. S\u00ed meterme en el podio general porque igual sab\u00eda que iban a estar unas chicas bien fuertes. Igual ahora como que estoy en b\u00e1sico entonces no me esperaba sentirme tan bien. Y me siento s\u00faper contenta porque igual uno se esfuerza y es satisfactorio saber que los esfuerzos dan fruto\u201d.<\/p>\n\n\n\n<p class=\"wp-block-paragraph\">En varones,&nbsp;<strong>la victoria se la llev\u00f3 Luis \u201cPatag\u00f3n\u201d Soto\u201d,<\/strong>&nbsp;con un crono de 4 horas y 48 minutos. Al respecto,&nbsp;<strong>el atleta CMPC<\/strong>&nbsp;coment\u00f3 que ten\u00eda la carrera \u201cmuy preparada porque yo trabajo haciendo ruta y ten\u00eda una carrera en el sur, as\u00ed que sali\u00f3 medio de improviso, pero ven\u00eda entrenando. Trat\u00e9 de hacer lo mejor posible\u201d. Sobre las condiciones de la carrera, agreg\u00f3 que \u201cpara m\u00ed, mientras m\u00e1s barro, m\u00e1s dif\u00edcil est\u00e9 la ruta, yo me siento mucho m\u00e1s c\u00f3modo, entonces eso me ayud\u00f3 mucho a hacer mi carrera y lograr posicionarme en primer lugar\u201d. &nbsp;Sobre sus sensaciones por el triunfo, a\u00f1adi\u00f3 que \u201ctuve una lesi\u00f3n hace un tiempo, me cort\u00e9 dos ligamentos, entonces necesitaba como esa energ\u00eda de volver al podio, se podr\u00eda decir\u201d.<\/p>\n\n\n\n<p class=\"wp-block-paragraph\">Ambos se llevaron un premio de $300 mil. En las otras categor\u00edas, los ganadores fueron:<\/p>\n\n\n\n<ul class=\"wp-block-list\">\n<li>21k mujeres: Rosal\u00eda Zegarra, con 2 horas, 25 minutos, 16 segundos.<\/li>\n\n\n\n<li>21k hombres: Daniel Palma, con 1 hora, 49 minutos, 08 segundos.<\/li>\n\n\n\n<li>12k mujeres: Franciska Rodr\u00edguez, con 1 hora, 21 minutos, 12 segundos.<\/li>\n\n\n\n<li>12k hombres: H\u00e9ctor Salamanca, con 1 hora, 02 minutos, 02 segundos.<\/li>\n\n\n\n<li>6k mujeres: Camila Ruiz, con 57 minutos, 31 segundos.<\/li>\n\n\n\n<li>6k hombres: Juan Manuel Tapia, con 39 minutos.<\/li>\n<\/ul>\n\n\n\n<p class=\"wp-block-paragraph\">Desde&nbsp;<strong>CMPC, su jefe de Relacionamiento Angol, Roberto Mart\u00ednez<\/strong>, coment\u00f3 sentirse \u201cmuy contento con la producci\u00f3n que trajo hoy d\u00eda Zorcat. Un trabajo conjunto que hemos hecho junto con la Municipalidad de Angol. Muy felices de seguir apoyando a otras producciones, seguir fomentando a Angol, darle una identidad deportiva a esta comuna y potenciar el Parque CMPC Junquillar, que est\u00e1 para la comunidad y para que traigamos muchos m\u00e1s eventos\u201d.<\/p>\n\n\n\n<p class=\"wp-block-paragraph\">En tanto,<strong>&nbsp;Felipe Aliste, director t\u00e9cnico de Zorcat Producciones<\/strong>, destac\u00f3 que \u201cfue un verdadero desaf\u00edo para nosotros como organizaci\u00f3n, ya que es la primera edici\u00f3n que hacemos en invierno ac\u00e1 en la Cordillera de Nahuelbuta, en Angol, por lo cual estamos muy contentos del resultado\u201d.<\/p>\n\n\n\n<p class=\"wp-block-paragraph\">Por \u00faltimo,&nbsp;<strong>desde la Municipalidad de Angol, su administrador, Jos\u00e9 Luis Bustamente<\/strong>, dijo sentirse \u201cmuy orgullosos. Para nosotros como comuna y capital de la Provincia de Malleco es un privilegio, es un honor que en nuestra ciudad se est\u00e9 desarrollando un evento deportivo tan importante, porque es importante que nuestro principal reducto de conservaci\u00f3n natural y tur\u00edstico, como es la Cordillera de Nahuelbuta, se desarrolle deporte\u201d.<\/p>\n\n\n\n<div class=\"wp-block-jetpack-tiled-gallery aligncenter is-style-rectangular\"><div class=\"\"><div class=\"tiled-gallery__gallery\"><div class=\"tiled-gallery__row\"><div class=\"tiled-gallery__col\" style=\"flex-basis:66.80033%\"><figure class=\"tiled-gallery__item\"><img decoding=\"async\" srcset=\"https:\/\/i0.wp.com\/temucotelevision.cl\/web\/wp-content\/uploads\/2026\/08\/CMPC-1-2-1000x667.jpg?strip=info&#038;w=600&#038;ssl=1 600w,https:\/\/i0.wp.com\/temucotelevision.cl\/web\/wp-content\/uploads\/2026\/08\/CMPC-1-2-1000x667.jpg?strip=info&#038;w=900&#038;ssl=1 900w,https:\/\/i0.wp.com\/temucotelevision.cl\/web\/wp-content\/uploads\/2026\/08\/CMPC-1-2-1000x667.jpg?strip=info&#038;w=1000&#038;ssl=1 1000w\" alt=\"\" data-height=\"1707\" data-id=\"64868\" data-link=\"https:\/\/temucotelevision.cl\/web\/?attachment_id=64868\" data-url=\"https:\/\/temucotelevision.cl\/web\/wp-content\/uploads\/2026\/08\/CMPC-1-2-1000x667.jpg\" data-width=\"2560\" src=\"https:\/\/i0.wp.com\/temucotelevision.cl\/web\/wp-content\/uploads\/2026\/08\/CMPC-1-2-1000x667.jpg?ssl=1\" data-amp-layout=\"responsive\"\/><\/figure><\/div><div class=\"tiled-gallery__col\" style=\"flex-basis:33.19967%\"><figure class=\"tiled-gallery__item\"><img decoding=\"async\" srcset=\"https:\/\/i0.wp.com\/temucotelevision.cl\/web\/wp-content\/uploads\/2026\/08\/CMPC-3-2-1000x667.jpg?strip=info&#038;w=600&#038;ssl=1 600w,https:\/\/i0.wp.com\/temucotelevision.cl\/web\/wp-content\/uploads\/2026\/08\/CMPC-3-2-1000x667.jpg?strip=info&#038;w=900&#038;ssl=1 900w,https:\/\/i0.wp.com\/temucotelevision.cl\/web\/wp-content\/uploads\/2026\/08\/CMPC-3-2-1000x667.jpg?strip=info&#038;w=1000&#038;ssl=1 1000w\" alt=\"\" data-height=\"1707\" data-id=\"64866\" data-link=\"https:\/\/temucotelevision.cl\/web\/?attachment_id=64866\" data-url=\"https:\/\/temucotelevision.cl\/web\/wp-content\/uploads\/2026\/08\/CMPC-3-2-1000x667.jpg\" data-width=\"2560\" src=\"https:\/\/i0.wp.com\/temucotelevision.cl\/web\/wp-content\/uploads\/2026\/08\/CMPC-3-2-1000x667.jpg?ssl=1\" data-amp-layout=\"responsive\"\/><\/figure><figure class=\"tiled-gallery__item\"><img decoding=\"async\" srcset=\"https:\/\/i0.wp.com\/temucotelevision.cl\/web\/wp-content\/uploads\/2026\/08\/Luis-Patagon-Soto-Ganador-42k-hombres-1000x667.jpg?strip=info&#038;w=600&#038;ssl=1 600w,https:\/\/i0.wp.com\/temucotelevision.cl\/web\/wp-content\/uploads\/2026\/08\/Luis-Patagon-Soto-Ganador-42k-hombres-1000x667.jpg?strip=info&#038;w=900&#038;ssl=1 900w,https:\/\/i0.wp.com\/temucotelevision.cl\/web\/wp-content\/uploads\/2026\/08\/Luis-Patagon-Soto-Ganador-42k-hombres-1000x667.jpg?strip=info&#038;w=1000&#038;ssl=1 1000w\" alt=\"\" data-height=\"1707\" data-id=\"64867\" data-link=\"https:\/\/temucotelevision.cl\/web\/?attachment_id=64867\" data-url=\"https:\/\/temucotelevision.cl\/web\/wp-content\/uploads\/2026\/08\/Luis-Patagon-Soto-Ganador-42k-hombres-1000x667.jpg\" data-width=\"2560\" src=\"https:\/\/i0.wp.com\/temucotelevision.cl\/web\/wp-content\/uploads\/2026\/08\/Luis-Patagon-Soto-Ganador-42k-hombres-1000x667.jpg?ssl=1\" data-amp-layout=\"responsive\"\/><\/figure><\/div><\/div><\/div><\/div><\/div>\n","protected":false},"excerpt":{"rendered":"<div class=\"pvc_clear\"><\/div>\n<p id=\"pvc_stats_64864\" class=\"pvc_stats total_only  \" data-element-id=\"64864\" style=\"\"><i class=\"pvc-stats-icon large\" aria-hidden=\"true\"><svg aria-hidden=\"true\" focusable=\"false\" data-prefix=\"far\" data-icon=\"chart-bar\" role=\"img\" xmlns=\"http:\/\/www.w3.org\/2000\/svg\" viewBox=\"0 0 512 512\" class=\"svg-inline--fa fa-chart-bar fa-w-16 fa-2x\"><path fill=\"currentColor\" d=\"M396.8 352h22.4c6.4 0 12.8-6.4 12.8-12.8V108.8c0-6.4-6.4-12.8-12.8-12.8h-22.4c-6.4 0-12.8 6.4-12.8 12.8v230.4c0 6.4 6.4 12.8 12.8 12.8zm-192 0h22.4c6.4 0 12.8-6.4 12.8-12.8V140.8c0-6.4-6.4-12.8-12.8-12.8h-22.4c-6.4 0-12.8 6.4-12.8 12.8v198.4c0 6.4 6.4 12.8 12.8 12.8zm96 0h22.4c6.4 0 12.8-6.4 12.8-12.8V204.8c0-6.4-6.4-12.8-12.8-12.8h-22.4c-6.4 0-12.8 6.4-12.8 12.8v134.4c0 6.4 6.4 12.8 12.8 12.8zM496 400H48V80c0-8.84-7.16-16-16-16H16C7.16 64 0 71.16 0 80v336c0 17.67 14.33 32 32 32h464c8.84 0 16-7.16 16-16v-16c0-8.84-7.16-16-16-16zm-387.2-48h22.4c6.4 0 12.8-6.4 12.8-12.8v-70.4c0-6.4-6.4-12.8-12.8-12.8h-22.4c-6.4 0-12.8 6.4-12.8 12.8v70.4c0 6.4 6.4 12.8 12.8 12.8z\" class=\"\"><\/path><\/svg><\/i> <img loading=\"lazy\" decoding=\"async\" width=\"16\" height=\"16\" alt=\"Loading\" src=\"https:\/\/temucotelevision.cl\/web\/wp-content\/plugins\/page-views-count\/ajax-loader-2x.gif\" border=0 \/><\/p>\n<div class=\"pvc_clear\"><\/div>\n<p>Un evento que crece cada a\u00f1o y que sigue situando al Parque CMPC Junquillar de Angol como epicentro del deporte<\/p>\n","protected":false},"author":1,"featured_media":64865,"comment_status":"open","ping_status":"open","sticky":false,"template":"","format":"standard","meta":{"colormag_page_container_layout":"default_layout","colormag_page_sidebar_layout":"default_layout","advanced_seo_description":"","jetpack_seo_html_title":"","jetpack_seo_noindex":false,"jetpack_seo_schema_type":"","_jetpack_newsletter_access":"","_jetpack_dont_email_post_to_subs":false,"_jetpack_newsletter_tier_id":0,"_jetpack_memberships_contains_paywalled_content":false,"_jetpack_feature_clip_id":0,"_jetpack_memberships_contains_paid_content":false,"footnotes":"","jetpack_publicize_message":"El tradicional desaf\u00edo de trail running se disput\u00f3 por primera vez en invierno, sumando barro, bajas temperaturas y nuevos desaf\u00edos a los recorridos por la Cordillera de Nahuelbuta.","jetpack_publicize_feature_enabled":true,"jetpack_social_post_already_shared":false,"jetpack_social_options":{"image_generator_settings":{"template":"highway","default_image_id":0,"font":"","enabled":false},"version":2},"jetpack_post_was_ever_published":false},"categories":[15],"tags":[2365],"class_list":["post-64864","post","type-post","status-publish","format-standard","has-post-thumbnail","hentry","category-la-araucania","tag-cmpc"],"a3_pvc":{"activated":true,"total_views":1063,"today_views":1},"jetpack_publicize_connections":[],"jetpack_sharing_enabled":true,"jetpack_likes_enabled":true,"jetpack_featured_media_url":"https:\/\/temucotelevision.cl\/web\/wp-content\/uploads\/2026\/08\/CMPC-2-2-scaled.jpg","_links":{"self":[{"href":"https:\/\/temucotelevision.cl\/web\/wp-json\/wp\/v2\/posts\/64864","targetHints":{"allow":["GET"]}}],"collection":[{"href":"https:\/\/temucotelevision.cl\/web\/wp-json\/wp\/v2\/posts"}],"about":[{"href":"https:\/\/temucotelevision.cl\/web\/wp-json\/wp\/v2\/types\/post"}],"author":[{"embeddable":true,"href":"https:\/\/temucotelevision.cl\/web\/wp-json\/wp\/v2\/users\/1"}],"replies":[{"embeddable":true,"href":"https:\/\/temucotelevision.cl\/web\/wp-json\/wp\/v2\/comments?post=64864"}],"version-history":[{"count":1,"href":"https:\/\/temucotelevision.cl\/web\/wp-json\/wp\/v2\/posts\/64864\/revisions"}],"predecessor-version":[{"id":64869,"href":"https:\/\/temucotelevision.cl\/web\/wp-json\/wp\/v2\/posts\/64864\/revisions\/64869"}],"wp:featuredmedia":[{"embeddable":true,"href":"https:\/\/temucotelevision.cl\/web\/wp-json\/wp\/v2\/media\/64865"}],"wp:attachment":[{"href":"https:\/\/temucotelevision.cl\/web\/wp-json\/wp\/v2\/media?parent=64864"}],"wp:term":[{"taxonomy":"category","embeddable":true,"href":"https:\/\/temucotelevision.cl\/web\/wp-json\/wp\/v2\/categories?post=64864"},{"taxonomy":"post_tag","embeddable":true,"href":"https:\/\/temucotelevision.cl\/web\/wp-json\/wp\/v2\/tags?post=64864"}],"curies":[{"name":"wp","href":"https:\/\/api.w.org\/{rel}","templated":true}]}}