{"id":64861,"date":"2026-08-30T21:28:55","date_gmt":"2026-08-31T00:28:55","guid":{"rendered":"https:\/\/temucotelevision.cl\/web\/?p=64861"},"modified":"2026-08-30T21:28:55","modified_gmt":"2026-08-31T00:28:55","slug":"becker-gestiona-continuidad-de-programas-de-talentos-academicos","status":"publish","type":"post","link":"https:\/\/temucotelevision.cl\/web\/2026\/08\/30\/becker-gestiona-continuidad-de-programas-de-talentos-academicos\/","title":{"rendered":"Becker gestiona continuidad de programas de talentos acad\u00e9micos"},"content":{"rendered":"<div class=\"pvc_clear\"><\/div><p id=\"pvc_stats_64861\" class=\"pvc_stats total_only  \" data-element-id=\"64861\" style=\"\"><i class=\"pvc-stats-icon large\" aria-hidden=\"true\"><svg aria-hidden=\"true\" focusable=\"false\" data-prefix=\"far\" data-icon=\"chart-bar\" role=\"img\" xmlns=\"http:\/\/www.w3.org\/2000\/svg\" viewBox=\"0 0 512 512\" class=\"svg-inline--fa fa-chart-bar fa-w-16 fa-2x\"><path fill=\"currentColor\" d=\"M396.8 352h22.4c6.4 0 12.8-6.4 12.8-12.8V108.8c0-6.4-6.4-12.8-12.8-12.8h-22.4c-6.4 0-12.8 6.4-12.8 12.8v230.4c0 6.4 6.4 12.8 12.8 12.8zm-192 0h22.4c6.4 0 12.8-6.4 12.8-12.8V140.8c0-6.4-6.4-12.8-12.8-12.8h-22.4c-6.4 0-12.8 6.4-12.8 12.8v198.4c0 6.4 6.4 12.8 12.8 12.8zm96 0h22.4c6.4 0 12.8-6.4 12.8-12.8V204.8c0-6.4-6.4-12.8-12.8-12.8h-22.4c-6.4 0-12.8 6.4-12.8 12.8v134.4c0 6.4 6.4 12.8 12.8 12.8zM496 400H48V80c0-8.84-7.16-16-16-16H16C7.16 64 0 71.16 0 80v336c0 17.67 14.33 32 32 32h464c8.84 0 16-7.16 16-16v-16c0-8.84-7.16-16-16-16zm-387.2-48h22.4c6.4 0 12.8-6.4 12.8-12.8v-70.4c0-6.4-6.4-12.8-12.8-12.8h-22.4c-6.4 0-12.8 6.4-12.8 12.8v70.4c0 6.4 6.4 12.8 12.8 12.8z\" class=\"\"><\/path><\/svg><\/i> <img loading=\"lazy\" decoding=\"async\" width=\"16\" height=\"16\" alt=\"Loading\" src=\"https:\/\/temucotelevision.cl\/web\/wp-content\/plugins\/page-views-count\/ajax-loader-2x.gif\" border=0 \/><\/p><div class=\"pvc_clear\"><\/div>\n<p class=\"wp-block-paragraph\"><em>El parlamentario&nbsp;abordar\u00e1 con la Comisi\u00f3n de Educaci\u00f3n la continuidad de iniciativas que benefician a estudiantes con altas capacidades en La Araucan\u00eda y el pa\u00eds, impulsando la reposici\u00f3n de la glosa presupuestaria para 2027.<\/em><\/p>\n\n\n\n<p class=\"wp-block-paragraph\">El lunes 31 de agosto, el senador Miguel \u00c1ngel Becker sostendr\u00e1 un encuentro con el presidente de la Comisi\u00f3n de Educaci\u00f3n, instancia en la que expondr\u00e1 la situaci\u00f3n que enfrentan los programas de talentos acad\u00e9micos, entre ellos el Programa Educacional para Ni\u00f1as, Ni\u00f1os y J\u00f3venes con Talentos Acad\u00e9micos de la Universidad de La Frontera (Proenta-UFRO) y los otros seis programas existentes a nivel nacional, con el objetivo de promover la recuperaci\u00f3n de su financiamiento para el a\u00f1o 2027.<\/p>\n\n\n\n<p class=\"wp-block-paragraph\">La principal preocupaci\u00f3n se relaciona con la reposici\u00f3n de la glosa presupuestaria que hist\u00f3ricamente permiti\u00f3 el cofinanciamiento de estas iniciativas, pero cuyo financiamiento no fue contemplado en la Ley de Presupuestos 2026, afectando la estabilidad y proyecci\u00f3n de programas orientados a estudiantes con altas capacidades del sistema educativo p\u00fablico.<\/p>\n\n\n\n<p class=\"wp-block-paragraph\">El senador Becker manifest\u00f3 su respaldo a la continuidad de estas iniciativas y adelant\u00f3 que plantear\u00e1 la necesidad urgente de asegurar la continuidad de estos programas, que actualmente desarrollan un trabajo colaborativo entre universidades, municipios y comunidades educativas.&nbsp;<\/p>\n\n\n\n<p class=\"wp-block-paragraph\">En el caso de PROENTA UFRO, la iniciativa cuenta con m\u00e1s de dos d\u00e9cadas de trayectoria y ha permitido fortalecer las oportunidades educativas de estudiantes con talento acad\u00e9mico en la Regi\u00f3n de La Araucan\u00eda. En la actualidad, el programa cuenta con 352 estudiantes de 6\u00b0 b\u00e1sico a 4\u00b0 medio provenientes de 14 comunas de La Araucan\u00eda, con participaci\u00f3n de establecimientos municipales, y promoviendo el desarrollo de habilidades cognitivas, creativas y socioafectivas mediante una formaci\u00f3n especializada.&nbsp;<\/p>\n\n\n\n<p class=\"wp-block-paragraph\">Becker destac\u00f3 la importancia de mantener espacios educativos que entreguen oportunidades de desarrollo a ni\u00f1os y j\u00f3venes con altas capacidades, especialmente aquellos provenientes de establecimientos p\u00fablicos.<\/p>\n\n\n\n<p class=\"wp-block-paragraph\">La gesti\u00f3n del senador por La Araucan\u00eda busca avanzar hacia la incorporaci\u00f3n de estos recursos en la discusi\u00f3n presupuestaria 2027, considerando el impacto regional y nacional de una pol\u00edtica educativa que permite identificar y acompa\u00f1ar tempranamente el talento acad\u00e9mico. Por ello, la continuidad de este financiamiento resulta clave para implementar respuestas educativas pertinentes para estudiantes con altas capacidades.<\/p>\n","protected":false},"excerpt":{"rendered":"<div class=\"pvc_clear\"><\/div>\n<p id=\"pvc_stats_64861\" class=\"pvc_stats total_only  \" data-element-id=\"64861\" style=\"\"><i class=\"pvc-stats-icon large\" aria-hidden=\"true\"><svg aria-hidden=\"true\" focusable=\"false\" data-prefix=\"far\" data-icon=\"chart-bar\" role=\"img\" xmlns=\"http:\/\/www.w3.org\/2000\/svg\" viewBox=\"0 0 512 512\" class=\"svg-inline--fa fa-chart-bar fa-w-16 fa-2x\"><path fill=\"currentColor\" d=\"M396.8 352h22.4c6.4 0 12.8-6.4 12.8-12.8V108.8c0-6.4-6.4-12.8-12.8-12.8h-22.4c-6.4 0-12.8 6.4-12.8 12.8v230.4c0 6.4 6.4 12.8 12.8 12.8zm-192 0h22.4c6.4 0 12.8-6.4 12.8-12.8V140.8c0-6.4-6.4-12.8-12.8-12.8h-22.4c-6.4 0-12.8 6.4-12.8 12.8v198.4c0 6.4 6.4 12.8 12.8 12.8zm96 0h22.4c6.4 0 12.8-6.4 12.8-12.8V204.8c0-6.4-6.4-12.8-12.8-12.8h-22.4c-6.4 0-12.8 6.4-12.8 12.8v134.4c0 6.4 6.4 12.8 12.8 12.8zM496 400H48V80c0-8.84-7.16-16-16-16H16C7.16 64 0 71.16 0 80v336c0 17.67 14.33 32 32 32h464c8.84 0 16-7.16 16-16v-16c0-8.84-7.16-16-16-16zm-387.2-48h22.4c6.4 0 12.8-6.4 12.8-12.8v-70.4c0-6.4-6.4-12.8-12.8-12.8h-22.4c-6.4 0-12.8 6.4-12.8 12.8v70.4c0 6.4 6.4 12.8 12.8 12.8z\" class=\"\"><\/path><\/svg><\/i> <img loading=\"lazy\" decoding=\"async\" width=\"16\" height=\"16\" alt=\"Loading\" src=\"https:\/\/temucotelevision.cl\/web\/wp-content\/plugins\/page-views-count\/ajax-loader-2x.gif\" border=0 \/><\/p>\n<div class=\"pvc_clear\"><\/div>\n<p>El parlamentario&nbsp;abordar\u00e1 con la Comisi\u00f3n de Educaci\u00f3n la continuidad de iniciativas que benefician a estudiantes con altas capacidades en La<\/p>\n","protected":false},"author":1,"featured_media":64862,"comment_status":"open","ping_status":"open","sticky":false,"template":"","format":"standard","meta":{"colormag_page_container_layout":"default_layout","colormag_page_sidebar_layout":"default_layout","advanced_seo_description":"","jetpack_seo_html_title":"","jetpack_seo_noindex":false,"jetpack_seo_schema_type":"","_jetpack_newsletter_access":"","_jetpack_dont_email_post_to_subs":false,"_jetpack_newsletter_tier_id":0,"_jetpack_memberships_contains_paywalled_content":false,"_jetpack_feature_clip_id":0,"_jetpack_memberships_contains_paid_content":false,"footnotes":"","jetpack_publicize_message":"El senador por La Araucan\u00eda abordar\u00e1 con la Comisi\u00f3n de Educaci\u00f3n la necesidad de recuperar el financiamiento para 2027 y garantizar la continuidad de iniciativas que apoyan a estudiantes con altas capacidades.","jetpack_publicize_feature_enabled":true,"jetpack_social_post_already_shared":false,"jetpack_social_options":{"image_generator_settings":{"template":"highway","default_image_id":0,"font":"","enabled":false},"version":2},"jetpack_post_was_ever_published":false},"categories":[84],"tags":[1261],"class_list":["post-64861","post","type-post","status-publish","format-standard","has-post-thumbnail","hentry","category-politica","tag-senador"],"a3_pvc":{"activated":true,"total_views":918,"today_views":0},"jetpack_publicize_connections":[],"jetpack_sharing_enabled":true,"jetpack_likes_enabled":true,"jetpack_featured_media_url":"https:\/\/temucotelevision.cl\/web\/wp-content\/uploads\/2026\/08\/HS-Becker-Proenta-Ufro.jpeg","_links":{"self":[{"href":"https:\/\/temucotelevision.cl\/web\/wp-json\/wp\/v2\/posts\/64861","targetHints":{"allow":["GET"]}}],"collection":[{"href":"https:\/\/temucotelevision.cl\/web\/wp-json\/wp\/v2\/posts"}],"about":[{"href":"https:\/\/temucotelevision.cl\/web\/wp-json\/wp\/v2\/types\/post"}],"author":[{"embeddable":true,"href":"https:\/\/temucotelevision.cl\/web\/wp-json\/wp\/v2\/users\/1"}],"replies":[{"embeddable":true,"href":"https:\/\/temucotelevision.cl\/web\/wp-json\/wp\/v2\/comments?post=64861"}],"version-history":[{"count":1,"href":"https:\/\/temucotelevision.cl\/web\/wp-json\/wp\/v2\/posts\/64861\/revisions"}],"predecessor-version":[{"id":64863,"href":"https:\/\/temucotelevision.cl\/web\/wp-json\/wp\/v2\/posts\/64861\/revisions\/64863"}],"wp:featuredmedia":[{"embeddable":true,"href":"https:\/\/temucotelevision.cl\/web\/wp-json\/wp\/v2\/media\/64862"}],"wp:attachment":[{"href":"https:\/\/temucotelevision.cl\/web\/wp-json\/wp\/v2\/media?parent=64861"}],"wp:term":[{"taxonomy":"category","embeddable":true,"href":"https:\/\/temucotelevision.cl\/web\/wp-json\/wp\/v2\/categories?post=64861"},{"taxonomy":"post_tag","embeddable":true,"href":"https:\/\/temucotelevision.cl\/web\/wp-json\/wp\/v2\/tags?post=64861"}],"curies":[{"name":"wp","href":"https:\/\/api.w.org\/{rel}","templated":true}]}}