{"id":62212,"date":"2026-05-01T08:19:05","date_gmt":"2026-05-01T11:19:05","guid":{"rendered":"https:\/\/temucotelevision.cl\/web\/?p=62212"},"modified":"2026-05-01T08:19:05","modified_gmt":"2026-05-01T11:19:05","slug":"jovenes-artistas-exponen-la-muestra-lo-que-nos-habita-en-la-galeria-de-arte-de-la-plaza-anibal-pinto","status":"publish","type":"post","link":"https:\/\/temucotelevision.cl\/web\/2026\/05\/01\/jovenes-artistas-exponen-la-muestra-lo-que-nos-habita-en-la-galeria-de-arte-de-la-plaza-anibal-pinto\/","title":{"rendered":"J\u00f3venes artistas exponen la muestra \u201cLo que nos habita\u201d en la Galer\u00eda de Arte de la plaza An\u00edbal Pinto"},"content":{"rendered":"<div class=\"pvc_clear\"><\/div><p id=\"pvc_stats_62212\" class=\"pvc_stats total_only  \" data-element-id=\"62212\" style=\"\"><i class=\"pvc-stats-icon large\" aria-hidden=\"true\"><svg aria-hidden=\"true\" focusable=\"false\" data-prefix=\"far\" data-icon=\"chart-bar\" role=\"img\" xmlns=\"http:\/\/www.w3.org\/2000\/svg\" viewBox=\"0 0 512 512\" class=\"svg-inline--fa fa-chart-bar fa-w-16 fa-2x\"><path fill=\"currentColor\" d=\"M396.8 352h22.4c6.4 0 12.8-6.4 12.8-12.8V108.8c0-6.4-6.4-12.8-12.8-12.8h-22.4c-6.4 0-12.8 6.4-12.8 12.8v230.4c0 6.4 6.4 12.8 12.8 12.8zm-192 0h22.4c6.4 0 12.8-6.4 12.8-12.8V140.8c0-6.4-6.4-12.8-12.8-12.8h-22.4c-6.4 0-12.8 6.4-12.8 12.8v198.4c0 6.4 6.4 12.8 12.8 12.8zm96 0h22.4c6.4 0 12.8-6.4 12.8-12.8V204.8c0-6.4-6.4-12.8-12.8-12.8h-22.4c-6.4 0-12.8 6.4-12.8 12.8v134.4c0 6.4 6.4 12.8 12.8 12.8zM496 400H48V80c0-8.84-7.16-16-16-16H16C7.16 64 0 71.16 0 80v336c0 17.67 14.33 32 32 32h464c8.84 0 16-7.16 16-16v-16c0-8.84-7.16-16-16-16zm-387.2-48h22.4c6.4 0 12.8-6.4 12.8-12.8v-70.4c0-6.4-6.4-12.8-12.8-12.8h-22.4c-6.4 0-12.8 6.4-12.8 12.8v70.4c0 6.4 6.4 12.8 12.8 12.8z\" class=\"\"><\/path><\/svg><\/i> <img loading=\"lazy\" decoding=\"async\" width=\"16\" height=\"16\" alt=\"Loading\" src=\"https:\/\/temucotelevision.cl\/web\/wp-content\/plugins\/page-views-count\/ajax-loader-2x.gif\" border=0 \/><\/p><div class=\"pvc_clear\"><\/div>\n<p>En el marco de su programaci\u00f3n expositiva, la Galer\u00eda Municipal de Arte de la plaza An\u00edbal Pinto presenta la muestra \u201cLo que nos habita. Alegor\u00edas de lo \u00edntimo\u201d, exposici\u00f3n que re\u00fane el trabajo de los artistas P\u00eda Urtubia y Alan Torres, cuyas pr\u00e1cticas pict\u00f3ricas se configuran como espacios de exploraci\u00f3n introspectiva.<\/p>\n\n\n\n<p>La muestra propone un recorrido por obras que abordan la pintura como un lenguaje esencial, entendido no solo como un oficio t\u00e9cnico, sino como un medio de conexi\u00f3n con la experiencia humana. A trav\u00e9s del uso de la l\u00ednea, el color y la composici\u00f3n, ambos artistas articulan universos visuales que transitan entre lo cotidiano y lo simb\u00f3lico, revelando procesos creativos profundamente vinculados a la interioridad.<\/p>\n\n\n\n<p>Alan Torres, artista emergente de Lautaro, es licenciado en artes de la UCT y se ha desempe\u00f1ado como docente en educaci\u00f3n media y superior. En la inauguraci\u00f3n de la muestra se\u00f1al\u00f3 que \u201ccon P\u00eda nos conocimos en el concurso de pintura que organiza la Galer\u00eda de Arte y este no es un trabajo que nosotros propusimos a partir del momento en que empezamos a trabajar, sino que le dimos forma y entendimos que hab\u00eda una conexi\u00f3n en c\u00f3mo ven\u00edamos trabajando hace un tiempo, pero esta es una de las primeras muestras significativas donde hay m\u00e1s volumen de mi trabajo\u201d, destac\u00f3.<\/p>\n\n\n\n<p>Por su parte, P\u00eda Urtubia, es artista autodidacta e independiente y expres\u00f3 que \u201ceste es un gran paso para algo m\u00e1s grande, es una muy buena oportunidad de demostrar nuestro trabajo a la ciudad. Esto ser\u00eda un primer escal\u00f3n hacia lo que con Alan queremos proyectar en torno a esta muestra que estamos realizando en conjunto. Yo he participado de muestras colectivas, pero esta es la primera vez que participo de manera m\u00e1s protag\u00f3nica en una exposici\u00f3n\u201d, se\u00f1al\u00f3.<\/p>\n\n\n\n<p>En la exposici\u00f3n, la figura humana adquiere un rol protag\u00f3nico, constituy\u00e9ndose como un eje estructurante de las narrativas visuales presentes en la muestra. Lejos de una representaci\u00f3n meramente formal, el cuerpo se presenta como un territorio de significaci\u00f3n, donde convergen emociones, memorias y estados de conciencia. De este modo, la pintura se instala como una herramienta de autoconocimiento, tanto para quienes crean como para quienes observan.<\/p>\n\n\n\n<p>Quienes deseen visitar la muestra, que busca relevar el valor de la pintura como una pr\u00e1ctica vigente, capaz de tensionar y expandir los l\u00edmites de la representaci\u00f3n desde una mirada \u00edntima y reflexiva, lo pueden hacer hasta el 10 de mayo, de lunes a s\u00e1bado de 09:00 a 14:00 y de 15:00 a 20:00 y los domingos de 09:00 a 14:00 horas. La entrada es totalmente gratuita.&nbsp;<\/p>\n","protected":false},"excerpt":{"rendered":"<div class=\"pvc_clear\"><\/div>\n<p id=\"pvc_stats_62212\" class=\"pvc_stats total_only  \" data-element-id=\"62212\" style=\"\"><i class=\"pvc-stats-icon large\" aria-hidden=\"true\"><svg aria-hidden=\"true\" focusable=\"false\" data-prefix=\"far\" data-icon=\"chart-bar\" role=\"img\" xmlns=\"http:\/\/www.w3.org\/2000\/svg\" viewBox=\"0 0 512 512\" class=\"svg-inline--fa fa-chart-bar fa-w-16 fa-2x\"><path fill=\"currentColor\" d=\"M396.8 352h22.4c6.4 0 12.8-6.4 12.8-12.8V108.8c0-6.4-6.4-12.8-12.8-12.8h-22.4c-6.4 0-12.8 6.4-12.8 12.8v230.4c0 6.4 6.4 12.8 12.8 12.8zm-192 0h22.4c6.4 0 12.8-6.4 12.8-12.8V140.8c0-6.4-6.4-12.8-12.8-12.8h-22.4c-6.4 0-12.8 6.4-12.8 12.8v198.4c0 6.4 6.4 12.8 12.8 12.8zm96 0h22.4c6.4 0 12.8-6.4 12.8-12.8V204.8c0-6.4-6.4-12.8-12.8-12.8h-22.4c-6.4 0-12.8 6.4-12.8 12.8v134.4c0 6.4 6.4 12.8 12.8 12.8zM496 400H48V80c0-8.84-7.16-16-16-16H16C7.16 64 0 71.16 0 80v336c0 17.67 14.33 32 32 32h464c8.84 0 16-7.16 16-16v-16c0-8.84-7.16-16-16-16zm-387.2-48h22.4c6.4 0 12.8-6.4 12.8-12.8v-70.4c0-6.4-6.4-12.8-12.8-12.8h-22.4c-6.4 0-12.8 6.4-12.8 12.8v70.4c0 6.4 6.4 12.8 12.8 12.8z\" class=\"\"><\/path><\/svg><\/i> <img loading=\"lazy\" decoding=\"async\" width=\"16\" height=\"16\" alt=\"Loading\" src=\"https:\/\/temucotelevision.cl\/web\/wp-content\/plugins\/page-views-count\/ajax-loader-2x.gif\" border=0 \/><\/p>\n<div class=\"pvc_clear\"><\/div>\n<p>En el marco de su programaci\u00f3n expositiva, la Galer\u00eda Municipal de Arte de la plaza An\u00edbal Pinto presenta la muestra<\/p>\n","protected":false},"author":1,"featured_media":62213,"comment_status":"open","ping_status":"open","sticky":false,"template":"","format":"standard","meta":{"colormag_page_container_layout":"default_layout","colormag_page_sidebar_layout":"default_layout","footnotes":""},"categories":[86],"tags":[314],"class_list":["post-62212","post","type-post","status-publish","format-standard","has-post-thumbnail","hentry","category-panoramas","tag-expo"],"a3_pvc":{"activated":true,"total_views":1777,"today_views":6},"_links":{"self":[{"href":"https:\/\/temucotelevision.cl\/web\/wp-json\/wp\/v2\/posts\/62212","targetHints":{"allow":["GET"]}}],"collection":[{"href":"https:\/\/temucotelevision.cl\/web\/wp-json\/wp\/v2\/posts"}],"about":[{"href":"https:\/\/temucotelevision.cl\/web\/wp-json\/wp\/v2\/types\/post"}],"author":[{"embeddable":true,"href":"https:\/\/temucotelevision.cl\/web\/wp-json\/wp\/v2\/users\/1"}],"replies":[{"embeddable":true,"href":"https:\/\/temucotelevision.cl\/web\/wp-json\/wp\/v2\/comments?post=62212"}],"version-history":[{"count":1,"href":"https:\/\/temucotelevision.cl\/web\/wp-json\/wp\/v2\/posts\/62212\/revisions"}],"predecessor-version":[{"id":62214,"href":"https:\/\/temucotelevision.cl\/web\/wp-json\/wp\/v2\/posts\/62212\/revisions\/62214"}],"wp:featuredmedia":[{"embeddable":true,"href":"https:\/\/temucotelevision.cl\/web\/wp-json\/wp\/v2\/media\/62213"}],"wp:attachment":[{"href":"https:\/\/temucotelevision.cl\/web\/wp-json\/wp\/v2\/media?parent=62212"}],"wp:term":[{"taxonomy":"category","embeddable":true,"href":"https:\/\/temucotelevision.cl\/web\/wp-json\/wp\/v2\/categories?post=62212"},{"taxonomy":"post_tag","embeddable":true,"href":"https:\/\/temucotelevision.cl\/web\/wp-json\/wp\/v2\/tags?post=62212"}],"curies":[{"name":"wp","href":"https:\/\/api.w.org\/{rel}","templated":true}]}}