{"id":62209,"date":"2026-05-01T08:17:03","date_gmt":"2026-05-01T11:17:03","guid":{"rendered":"https:\/\/temucotelevision.cl\/web\/?p=62209"},"modified":"2026-05-01T08:17:03","modified_gmt":"2026-05-01T11:17:03","slug":"golpe-a-la-moneda-se-desploman-expectativas-ciudadanas-en-seguridad-economia-e-inmigracion-y-la-desaprobacion-marca-record","status":"publish","type":"post","link":"https:\/\/temucotelevision.cl\/web\/2026\/05\/01\/golpe-a-la-moneda-se-desploman-expectativas-ciudadanas-en-seguridad-economia-e-inmigracion-y-la-desaprobacion-marca-record\/","title":{"rendered":"Golpe a La Moneda: se desploman expectativas ciudadanas en seguridad, econom\u00eda e inmigraci\u00f3n y la desaprobaci\u00f3n marca r\u00e9cord"},"content":{"rendered":"<div class=\"pvc_clear\"><\/div><p id=\"pvc_stats_62209\" class=\"pvc_stats total_only  \" data-element-id=\"62209\" style=\"\"><i class=\"pvc-stats-icon large\" aria-hidden=\"true\"><svg aria-hidden=\"true\" focusable=\"false\" data-prefix=\"far\" data-icon=\"chart-bar\" role=\"img\" xmlns=\"http:\/\/www.w3.org\/2000\/svg\" viewBox=\"0 0 512 512\" class=\"svg-inline--fa fa-chart-bar fa-w-16 fa-2x\"><path fill=\"currentColor\" d=\"M396.8 352h22.4c6.4 0 12.8-6.4 12.8-12.8V108.8c0-6.4-6.4-12.8-12.8-12.8h-22.4c-6.4 0-12.8 6.4-12.8 12.8v230.4c0 6.4 6.4 12.8 12.8 12.8zm-192 0h22.4c6.4 0 12.8-6.4 12.8-12.8V140.8c0-6.4-6.4-12.8-12.8-12.8h-22.4c-6.4 0-12.8 6.4-12.8 12.8v198.4c0 6.4 6.4 12.8 12.8 12.8zm96 0h22.4c6.4 0 12.8-6.4 12.8-12.8V204.8c0-6.4-6.4-12.8-12.8-12.8h-22.4c-6.4 0-12.8 6.4-12.8 12.8v134.4c0 6.4 6.4 12.8 12.8 12.8zM496 400H48V80c0-8.84-7.16-16-16-16H16C7.16 64 0 71.16 0 80v336c0 17.67 14.33 32 32 32h464c8.84 0 16-7.16 16-16v-16c0-8.84-7.16-16-16-16zm-387.2-48h22.4c6.4 0 12.8-6.4 12.8-12.8v-70.4c0-6.4-6.4-12.8-12.8-12.8h-22.4c-6.4 0-12.8 6.4-12.8 12.8v70.4c0 6.4 6.4 12.8 12.8 12.8z\" class=\"\"><\/path><\/svg><\/i> <img loading=\"lazy\" decoding=\"async\" width=\"16\" height=\"16\" alt=\"Loading\" src=\"https:\/\/temucotelevision.cl\/web\/wp-content\/plugins\/page-views-count\/ajax-loader-2x.gif\" border=0 \/><\/p><div class=\"pvc_clear\"><\/div>\n<ul class=\"wp-block-list\">\n<li>El \u00faltimo estudio de Cadem revela un giro cr\u00edtico en la percepci\u00f3n ciudadana: caen con fuerza las expectativas sobre tres pilares clave del gobierno de Jos\u00e9 Antonio Kast, mientras la desaprobaci\u00f3n alcanza su nivel m\u00e1s alto desde el inicio de su mandato. Expertos advierten un escenario complejo que exige respuestas urgentes y una estrategia comunicacional m\u00e1s efectiva.<\/li>\n<\/ul>\n\n\n\n<p>La encuesta Plaza P\u00fablica N\u00b0650 de Cadem encendi\u00f3 las alarmas en el escenario pol\u00edtico chileno. Los datos muestran una ca\u00edda significativa en las expectativas ciudadanas respecto a la capacidad del gobierno para abordar temas prioritarios como inmigraci\u00f3n, crecimiento econ\u00f3mico y delincuencia.<\/p>\n\n\n\n<p>En detalle, solo un 41% de los encuestados cree que el Ejecutivo lograr\u00e1 controlar la inmigraci\u00f3n, lo que representa una ca\u00edda de 20 puntos porcentuales. En tanto, las expectativas de crecimiento econ\u00f3mico se sit\u00faan en 33% (-19 pts), mientras que la percepci\u00f3n de que se podr\u00e1 reducir la delincuencia alcanza el mismo nivel (33%), con una baja a\u00fan m\u00e1s pronunciada de 21 puntos.<\/p>\n\n\n\n<p>A pesar de este deterioro en \u00e1reas cr\u00edticas, existen algunas materias donde el gobierno mantiene mejores niveles de expectativa de cumplimiento. Entre ellas destacan la eliminaci\u00f3n de permisos que destraben inversiones (55%), permitir que colegios p\u00fablicos vuelvan a seleccionar estudiantes (54%) y eliminar las contribuciones a la primera vivienda (52%). Sin embargo, incluso en estos \u00e1mbitos se observan ca\u00eddas respecto de mediciones anteriores.<\/p>\n\n\n\n<p>En paralelo, la evaluaci\u00f3n del Presidente Kast tambi\u00e9n muestra se\u00f1ales de desgaste. Actualmente, un 40% aprueba su gesti\u00f3n (-1 punto), mientras que un 57% la desaprueba (+4 puntos), alcanzando el nivel m\u00e1s alto de rechazo desde que asumi\u00f3 el cargo.<\/p>\n\n\n\n<p>Desde una mirada experta, el acad\u00e9mico y especialista en opini\u00f3n p\u00fablica, Rodrigo Dur\u00e1n Guzm\u00e1n, advierte que estos resultados reflejan una brecha creciente entre expectativas ciudadanas y capacidad percibida de gesti\u00f3n.<\/p>\n\n\n\n<p>\u201c<strong>Cuando caen simult\u00e1neamente las expectativas en seguridad, econom\u00eda e inmigraci\u00f3n, lo que vemos no es solo una evaluaci\u00f3n coyuntural negativa, sino una se\u00f1al de desgaste estructural en la confianza p\u00fablica. Esto obliga al gobierno a redefinir no solo sus pol\u00edticas, sino tambi\u00e9n su narrativa y forma de comunicar\u201d, explica Dur\u00e1n.<\/strong><\/p>\n\n\n\n<p>El profesional agrega que el desaf\u00edo no es \u00fanicamente t\u00e9cnico, sino tambi\u00e9n estrat\u00e9gico, ya que&nbsp;<strong>\u201choy la ciudadan\u00eda no s\u00f3lo eval\u00faa resultados, sino coherencia, claridad y liderazgo. Sin una comunicaci\u00f3n efectiva que alinee expectativas con avances concretos, la percepci\u00f3n de incumplimiento tiende a amplificarse, incluso m\u00e1s all\u00e1 de los datos reales\u201d.<\/strong><\/p>\n\n\n\n<p>Respecto al gasto p\u00fablico, el 42% opina que el principal problema es que el Estado gasta mal, mientras que un 33% considera que existen demasiados programas ineficientes. Aun as\u00ed, la ciudadan\u00eda muestra resistencia a ajustes estructurales: un 59% est\u00e1 en desacuerdo con eliminar 142 programas estatales y un 54% rechaza que los ministerios reduzcan su gasto en un 3%.<\/p>\n\n\n\n<p>Este escenario configura una paradoja compleja para la administraci\u00f3n:&nbsp;<strong>existe conciencia sobre ineficiencias en el gasto, pero baja disposici\u00f3n a aceptar recortes.&nbsp;<\/strong><\/p>\n\n\n\n<p>Para Rodrigo Dur\u00e1n Guzm\u00e1n, esta tensi\u00f3n es clave debido a que&nbsp;<strong>\u201cla opini\u00f3n p\u00fablica en Chile hoy exige eficiencia sin costo percibido. Es decir, quiere un Estado que funcione mejor, pero sin sacrificar beneficios. Gestionar esa expectativa es uno de los principales desaf\u00edos pol\u00edticos y comunicacionales del gobierno\u201d, concluy\u00f3 el acad\u00e9mico, especialista en opini\u00f3n p\u00fablica y mag\u00edster en comunicaci\u00f3n estrat\u00e9gica.&nbsp;<\/strong><\/p>\n\n\n\n<div data-wp-interactive=\"core\/file\" class=\"wp-block-file\"><object data-wp-bind--hidden=\"!state.hasPdfPreview\" hidden class=\"wp-block-file__embed\" data=\"https:\/\/temucotelevision.cl\/web\/wp-content\/uploads\/2026\/05\/CADEM-30-DE-ABRIL-2026.pdf\" type=\"application\/pdf\" style=\"width:100%;height:600px\" aria-label=\"Incrustado de CADEM 30 DE ABRIL 2026.\"><\/object><a id=\"wp-block-file--media-8324e663-d3c6-40e1-94f5-624ede156138\" href=\"https:\/\/temucotelevision.cl\/web\/wp-content\/uploads\/2026\/05\/CADEM-30-DE-ABRIL-2026.pdf\">CADEM 30 DE ABRIL 2026<\/a><a href=\"https:\/\/temucotelevision.cl\/web\/wp-content\/uploads\/2026\/05\/CADEM-30-DE-ABRIL-2026.pdf\" class=\"wp-block-file__button wp-element-button\" download aria-describedby=\"wp-block-file--media-8324e663-d3c6-40e1-94f5-624ede156138\">Descargar<\/a><\/div>\n","protected":false},"excerpt":{"rendered":"<div class=\"pvc_clear\"><\/div>\n<p id=\"pvc_stats_62209\" class=\"pvc_stats total_only  \" data-element-id=\"62209\" style=\"\"><i class=\"pvc-stats-icon large\" aria-hidden=\"true\"><svg aria-hidden=\"true\" focusable=\"false\" data-prefix=\"far\" data-icon=\"chart-bar\" role=\"img\" xmlns=\"http:\/\/www.w3.org\/2000\/svg\" viewBox=\"0 0 512 512\" class=\"svg-inline--fa fa-chart-bar fa-w-16 fa-2x\"><path fill=\"currentColor\" d=\"M396.8 352h22.4c6.4 0 12.8-6.4 12.8-12.8V108.8c0-6.4-6.4-12.8-12.8-12.8h-22.4c-6.4 0-12.8 6.4-12.8 12.8v230.4c0 6.4 6.4 12.8 12.8 12.8zm-192 0h22.4c6.4 0 12.8-6.4 12.8-12.8V140.8c0-6.4-6.4-12.8-12.8-12.8h-22.4c-6.4 0-12.8 6.4-12.8 12.8v198.4c0 6.4 6.4 12.8 12.8 12.8zm96 0h22.4c6.4 0 12.8-6.4 12.8-12.8V204.8c0-6.4-6.4-12.8-12.8-12.8h-22.4c-6.4 0-12.8 6.4-12.8 12.8v134.4c0 6.4 6.4 12.8 12.8 12.8zM496 400H48V80c0-8.84-7.16-16-16-16H16C7.16 64 0 71.16 0 80v336c0 17.67 14.33 32 32 32h464c8.84 0 16-7.16 16-16v-16c0-8.84-7.16-16-16-16zm-387.2-48h22.4c6.4 0 12.8-6.4 12.8-12.8v-70.4c0-6.4-6.4-12.8-12.8-12.8h-22.4c-6.4 0-12.8 6.4-12.8 12.8v70.4c0 6.4 6.4 12.8 12.8 12.8z\" class=\"\"><\/path><\/svg><\/i> <img loading=\"lazy\" decoding=\"async\" width=\"16\" height=\"16\" alt=\"Loading\" src=\"https:\/\/temucotelevision.cl\/web\/wp-content\/plugins\/page-views-count\/ajax-loader-2x.gif\" border=0 \/><\/p>\n<div class=\"pvc_clear\"><\/div>\n<p>La encuesta Plaza P\u00fablica N\u00b0650 de Cadem encendi\u00f3 las alarmas en el escenario pol\u00edtico chileno. Los datos muestran una ca\u00edda<\/p>\n","protected":false},"author":1,"featured_media":62182,"comment_status":"open","ping_status":"open","sticky":false,"template":"","format":"standard","meta":{"colormag_page_container_layout":"default_layout","colormag_page_sidebar_layout":"default_layout","footnotes":""},"categories":[84],"tags":[179],"class_list":["post-62209","post","type-post","status-publish","format-standard","has-post-thumbnail","hentry","category-politica","tag-moneda"],"a3_pvc":{"activated":true,"total_views":7018,"today_views":7},"_links":{"self":[{"href":"https:\/\/temucotelevision.cl\/web\/wp-json\/wp\/v2\/posts\/62209","targetHints":{"allow":["GET"]}}],"collection":[{"href":"https:\/\/temucotelevision.cl\/web\/wp-json\/wp\/v2\/posts"}],"about":[{"href":"https:\/\/temucotelevision.cl\/web\/wp-json\/wp\/v2\/types\/post"}],"author":[{"embeddable":true,"href":"https:\/\/temucotelevision.cl\/web\/wp-json\/wp\/v2\/users\/1"}],"replies":[{"embeddable":true,"href":"https:\/\/temucotelevision.cl\/web\/wp-json\/wp\/v2\/comments?post=62209"}],"version-history":[{"count":1,"href":"https:\/\/temucotelevision.cl\/web\/wp-json\/wp\/v2\/posts\/62209\/revisions"}],"predecessor-version":[{"id":62211,"href":"https:\/\/temucotelevision.cl\/web\/wp-json\/wp\/v2\/posts\/62209\/revisions\/62211"}],"wp:featuredmedia":[{"embeddable":true,"href":"https:\/\/temucotelevision.cl\/web\/wp-json\/wp\/v2\/media\/62182"}],"wp:attachment":[{"href":"https:\/\/temucotelevision.cl\/web\/wp-json\/wp\/v2\/media?parent=62209"}],"wp:term":[{"taxonomy":"category","embeddable":true,"href":"https:\/\/temucotelevision.cl\/web\/wp-json\/wp\/v2\/categories?post=62209"},{"taxonomy":"post_tag","embeddable":true,"href":"https:\/\/temucotelevision.cl\/web\/wp-json\/wp\/v2\/tags?post=62209"}],"curies":[{"name":"wp","href":"https:\/\/api.w.org\/{rel}","templated":true}]}}