{"id":62207,"date":"2026-05-01T03:48:51","date_gmt":"2026-05-01T06:48:51","guid":{"rendered":"https:\/\/temucotelevision.cl\/web\/?p=62207"},"modified":"2026-05-01T03:48:51","modified_gmt":"2026-05-01T06:48:51","slug":"tribunal-deja-en-prision-a-lideres-de-banda-vinculada-al-narcotrafico-en-la-macrozona-sur","status":"publish","type":"post","link":"https:\/\/temucotelevision.cl\/web\/2026\/05\/01\/tribunal-deja-en-prision-a-lideres-de-banda-vinculada-al-narcotrafico-en-la-macrozona-sur\/","title":{"rendered":"Tribunal deja en prisi\u00f3n a l\u00edderes de banda vinculada al narcotr\u00e1fico en la macrozona sur"},"content":{"rendered":"<div class=\"pvc_clear\"><\/div><p id=\"pvc_stats_62207\" class=\"pvc_stats total_only  \" data-element-id=\"62207\" style=\"\"><i class=\"pvc-stats-icon large\" aria-hidden=\"true\"><svg aria-hidden=\"true\" focusable=\"false\" data-prefix=\"far\" data-icon=\"chart-bar\" role=\"img\" xmlns=\"http:\/\/www.w3.org\/2000\/svg\" viewBox=\"0 0 512 512\" class=\"svg-inline--fa fa-chart-bar fa-w-16 fa-2x\"><path fill=\"currentColor\" d=\"M396.8 352h22.4c6.4 0 12.8-6.4 12.8-12.8V108.8c0-6.4-6.4-12.8-12.8-12.8h-22.4c-6.4 0-12.8 6.4-12.8 12.8v230.4c0 6.4 6.4 12.8 12.8 12.8zm-192 0h22.4c6.4 0 12.8-6.4 12.8-12.8V140.8c0-6.4-6.4-12.8-12.8-12.8h-22.4c-6.4 0-12.8 6.4-12.8 12.8v198.4c0 6.4 6.4 12.8 12.8 12.8zm96 0h22.4c6.4 0 12.8-6.4 12.8-12.8V204.8c0-6.4-6.4-12.8-12.8-12.8h-22.4c-6.4 0-12.8 6.4-12.8 12.8v134.4c0 6.4 6.4 12.8 12.8 12.8zM496 400H48V80c0-8.84-7.16-16-16-16H16C7.16 64 0 71.16 0 80v336c0 17.67 14.33 32 32 32h464c8.84 0 16-7.16 16-16v-16c0-8.84-7.16-16-16-16zm-387.2-48h22.4c6.4 0 12.8-6.4 12.8-12.8v-70.4c0-6.4-6.4-12.8-12.8-12.8h-22.4c-6.4 0-12.8 6.4-12.8 12.8v70.4c0 6.4 6.4 12.8 12.8 12.8z\" class=\"\"><\/path><\/svg><\/i> <img loading=\"lazy\" decoding=\"async\" width=\"16\" height=\"16\" alt=\"Loading\" src=\"https:\/\/temucotelevision.cl\/web\/wp-content\/plugins\/page-views-count\/ajax-loader-2x.gif\" border=0 \/><\/p><div class=\"pvc_clear\"><\/div>\n<p>El Juzgado de Garant\u00eda de Los \u00c1ngeles -luego de tres d\u00edas de audiencia- dej\u00f3 sujetos a la medida cautelar de prisi\u00f3n preventiva a 16 imputados por el Ministerio P\u00fablico como autores de los delitos consumados de tr\u00e1fico de drogas, asociaci\u00f3n il\u00edcita (Ley 20.000), microtr\u00e1fico; tenencia de arma de fuego; tenencia de arma de fuego prohibida y municiones. Il\u00edcitos cometidos desde 2024 hasta la semana pasada, en las comunas de Los \u00c1ngeles, Negrete, Mulch\u00e9n, Angol y Renaico.<\/p>\n\n\n\n<p>En la audiencia de formalizaci\u00f3n, el magistrado orden\u00f3 el ingreso en prisi\u00f3n de los l\u00edderes y principales integrantes de la banda, por considerar que la libertad de los imputados constituye un peligro para la seguridad de la sociedad, junto al riesgo de fuga y la gravedad de los delitos imputados. Adem\u00e1s, fij\u00f3 en tres meses el plazo de investigaci\u00f3n.<\/p>\n\n\n\n<p>Mientras tanto, a otros cuatro miembros -que ten\u00edan labores de menor relevancia en la organizaci\u00f3n- se les impuso arresto domiciliario total o parcial nocturno; finalmente, cuatro imputados solo por microtr\u00e1fico, quedaron sujetos a las medidas cautelares de arraigo nacional y firma quincenal en la PDI o Carabineros.<\/p>\n","protected":false},"excerpt":{"rendered":"<div class=\"pvc_clear\"><\/div>\n<p id=\"pvc_stats_62207\" class=\"pvc_stats total_only  \" data-element-id=\"62207\" style=\"\"><i class=\"pvc-stats-icon large\" aria-hidden=\"true\"><svg aria-hidden=\"true\" focusable=\"false\" data-prefix=\"far\" data-icon=\"chart-bar\" role=\"img\" xmlns=\"http:\/\/www.w3.org\/2000\/svg\" viewBox=\"0 0 512 512\" class=\"svg-inline--fa fa-chart-bar fa-w-16 fa-2x\"><path fill=\"currentColor\" d=\"M396.8 352h22.4c6.4 0 12.8-6.4 12.8-12.8V108.8c0-6.4-6.4-12.8-12.8-12.8h-22.4c-6.4 0-12.8 6.4-12.8 12.8v230.4c0 6.4 6.4 12.8 12.8 12.8zm-192 0h22.4c6.4 0 12.8-6.4 12.8-12.8V140.8c0-6.4-6.4-12.8-12.8-12.8h-22.4c-6.4 0-12.8 6.4-12.8 12.8v198.4c0 6.4 6.4 12.8 12.8 12.8zm96 0h22.4c6.4 0 12.8-6.4 12.8-12.8V204.8c0-6.4-6.4-12.8-12.8-12.8h-22.4c-6.4 0-12.8 6.4-12.8 12.8v134.4c0 6.4 6.4 12.8 12.8 12.8zM496 400H48V80c0-8.84-7.16-16-16-16H16C7.16 64 0 71.16 0 80v336c0 17.67 14.33 32 32 32h464c8.84 0 16-7.16 16-16v-16c0-8.84-7.16-16-16-16zm-387.2-48h22.4c6.4 0 12.8-6.4 12.8-12.8v-70.4c0-6.4-6.4-12.8-12.8-12.8h-22.4c-6.4 0-12.8 6.4-12.8 12.8v70.4c0 6.4 6.4 12.8 12.8 12.8z\" class=\"\"><\/path><\/svg><\/i> <img loading=\"lazy\" decoding=\"async\" width=\"16\" height=\"16\" alt=\"Loading\" src=\"https:\/\/temucotelevision.cl\/web\/wp-content\/plugins\/page-views-count\/ajax-loader-2x.gif\" border=0 \/><\/p>\n<div class=\"pvc_clear\"><\/div>\n<p>El Juzgado de Garant\u00eda de Los \u00c1ngeles -luego de tres d\u00edas de audiencia- dej\u00f3 sujetos a la medida cautelar de<\/p>\n","protected":false},"author":1,"featured_media":49586,"comment_status":"open","ping_status":"open","sticky":false,"template":"","format":"standard","meta":{"colormag_page_container_layout":"default_layout","colormag_page_sidebar_layout":"default_layout","footnotes":""},"categories":[16],"tags":[635],"class_list":["post-62207","post","type-post","status-publish","format-standard","has-post-thumbnail","hentry","category-policial","tag-banda"],"a3_pvc":{"activated":true,"total_views":9093,"today_views":6},"_links":{"self":[{"href":"https:\/\/temucotelevision.cl\/web\/wp-json\/wp\/v2\/posts\/62207","targetHints":{"allow":["GET"]}}],"collection":[{"href":"https:\/\/temucotelevision.cl\/web\/wp-json\/wp\/v2\/posts"}],"about":[{"href":"https:\/\/temucotelevision.cl\/web\/wp-json\/wp\/v2\/types\/post"}],"author":[{"embeddable":true,"href":"https:\/\/temucotelevision.cl\/web\/wp-json\/wp\/v2\/users\/1"}],"replies":[{"embeddable":true,"href":"https:\/\/temucotelevision.cl\/web\/wp-json\/wp\/v2\/comments?post=62207"}],"version-history":[{"count":1,"href":"https:\/\/temucotelevision.cl\/web\/wp-json\/wp\/v2\/posts\/62207\/revisions"}],"predecessor-version":[{"id":62208,"href":"https:\/\/temucotelevision.cl\/web\/wp-json\/wp\/v2\/posts\/62207\/revisions\/62208"}],"wp:featuredmedia":[{"embeddable":true,"href":"https:\/\/temucotelevision.cl\/web\/wp-json\/wp\/v2\/media\/49586"}],"wp:attachment":[{"href":"https:\/\/temucotelevision.cl\/web\/wp-json\/wp\/v2\/media?parent=62207"}],"wp:term":[{"taxonomy":"category","embeddable":true,"href":"https:\/\/temucotelevision.cl\/web\/wp-json\/wp\/v2\/categories?post=62207"},{"taxonomy":"post_tag","embeddable":true,"href":"https:\/\/temucotelevision.cl\/web\/wp-json\/wp\/v2\/tags?post=62207"}],"curies":[{"name":"wp","href":"https:\/\/api.w.org\/{rel}","templated":true}]}}