{"id":62195,"date":"2026-04-29T23:28:05","date_gmt":"2026-04-30T02:28:05","guid":{"rendered":"https:\/\/temucotelevision.cl\/web\/?p=62195"},"modified":"2026-04-29T23:28:05","modified_gmt":"2026-04-30T02:28:05","slug":"mas-de-400-kayakistas-podrian-marcar-record-en-la-segunda-travesia-interregional-lago-calafquen","status":"publish","type":"post","link":"https:\/\/temucotelevision.cl\/web\/2026\/04\/29\/mas-de-400-kayakistas-podrian-marcar-record-en-la-segunda-travesia-interregional-lago-calafquen\/","title":{"rendered":"M\u00e1s de 400 kayakistas podr\u00edan marcar r\u00e9cord en la Segunda Traves\u00eda Interregional Lago Calafqu\u00e9n"},"content":{"rendered":"<div class=\"pvc_clear\"><\/div><p id=\"pvc_stats_62195\" class=\"pvc_stats total_only  \" data-element-id=\"62195\" style=\"\"><i class=\"pvc-stats-icon large\" aria-hidden=\"true\"><svg aria-hidden=\"true\" focusable=\"false\" data-prefix=\"far\" data-icon=\"chart-bar\" role=\"img\" xmlns=\"http:\/\/www.w3.org\/2000\/svg\" viewBox=\"0 0 512 512\" class=\"svg-inline--fa fa-chart-bar fa-w-16 fa-2x\"><path fill=\"currentColor\" d=\"M396.8 352h22.4c6.4 0 12.8-6.4 12.8-12.8V108.8c0-6.4-6.4-12.8-12.8-12.8h-22.4c-6.4 0-12.8 6.4-12.8 12.8v230.4c0 6.4 6.4 12.8 12.8 12.8zm-192 0h22.4c6.4 0 12.8-6.4 12.8-12.8V140.8c0-6.4-6.4-12.8-12.8-12.8h-22.4c-6.4 0-12.8 6.4-12.8 12.8v198.4c0 6.4 6.4 12.8 12.8 12.8zm96 0h22.4c6.4 0 12.8-6.4 12.8-12.8V204.8c0-6.4-6.4-12.8-12.8-12.8h-22.4c-6.4 0-12.8 6.4-12.8 12.8v134.4c0 6.4 6.4 12.8 12.8 12.8zM496 400H48V80c0-8.84-7.16-16-16-16H16C7.16 64 0 71.16 0 80v336c0 17.67 14.33 32 32 32h464c8.84 0 16-7.16 16-16v-16c0-8.84-7.16-16-16-16zm-387.2-48h22.4c6.4 0 12.8-6.4 12.8-12.8v-70.4c0-6.4-6.4-12.8-12.8-12.8h-22.4c-6.4 0-12.8 6.4-12.8 12.8v70.4c0 6.4 6.4 12.8 12.8 12.8z\" class=\"\"><\/path><\/svg><\/i> <img loading=\"lazy\" decoding=\"async\" width=\"16\" height=\"16\" alt=\"Loading\" src=\"https:\/\/temucotelevision.cl\/web\/wp-content\/plugins\/page-views-count\/ajax-loader-2x.gif\" border=0 \/><\/p><div class=\"pvc_clear\"><\/div>\n<ul class=\"wp-block-list\">\n<li>Lic\u00e1n Ray ser\u00e1 escenario de la segunda versi\u00f3n de esta experiencia deportiva y tur\u00edstica que re\u00fane a participantes de todo el pa\u00eds en torno al deporte y la vida al aire libre.<\/li>\n<\/ul>\n\n\n\n<p>La traves\u00eda, gratuita y con cupos limitados, se llevar\u00e1 a cabo este s\u00e1bado 2 de mayo desde las 10:00 horas, iniciando en Playa Pucura y finalizando en Playa Chica de Lic\u00e1n Ray. La actividad contempla un recorrido en kayak por el Lago Calafqu\u00e9n, fomentando el deporte n\u00e1utico y el turismo local, y se complementar\u00e1 con una feria de emprendedores, actividades recreativas y una programaci\u00f3n abierta a toda la comunidad.&nbsp;<\/p>\n\n\n\n<p>Organizada por Turismo Eluney Lic\u00e1n Ray, Caba\u00f1as Patagonia Lic\u00e1n Ray y ADC Lic\u00e1n Ray Todo el A\u00f1o, la iniciativa destaca por la diversidad de sus participantes, convocando a personas de distintas edades, territorios y niveles de experiencia. A la fecha, se registran m\u00e1s de 420 inscritos y se proyecta superar los 500 kayakistas, lo que permitir\u00eda alcanzar un r\u00e9cord sudamericano en este tipo de traves\u00edas no motorizadas.<\/p>\n\n\n\n<p>La jornada comenzar\u00e1 con la convocatoria en Playa Pucura, ubicada en el km 7 del camino Lic\u00e1n Ray\u2013Co\u00f1aripe, desde donde se dar\u00e1 inicio a la traves\u00eda durante la ma\u00f1ana. El recorrido finalizar\u00e1 en Playa Chica de Lic\u00e1n Ray, con actividades que se extender\u00e1n hasta las 19:00 horas.<\/p>\n\n\n\n<p>Se recomienda asistir con vestuario adecuado para actividad acu\u00e1tica, adem\u00e1s de llevar hidrataci\u00f3n y bloqueador solar. Tambi\u00e9n habr\u00e1 minibuses de traslado entre Lic\u00e1n Ray y Pucura, facilitando la log\u00edstica de los asistentes, y arriendo de kayaks con chaleco salvavidas, previa reserva.<\/p>\n\n\n\n<p>El evento contar\u00e1 con la participaci\u00f3n de remadoras invitadas, en un ambiente que busca consolidarse como una fiesta del deporte y la vida al aire libre. Asimismo, habr\u00e1 descuentos en alojamientos y otros servicios locales, incentivando la visita de participantes y turistas.<\/p>\n\n\n\n<p>La iniciativa cuenta con el respaldo de comunidades mapuches del territorio, tras el di\u00e1logo con el Lonco de Pucura, adem\u00e1s del acompa\u00f1amiento de la Armada de Chile y la Ilustre Municipalidad de Villarrica, reforzando su car\u00e1cter colaborativo y territorial.<\/p>\n\n\n\n<p>Desde la organizaci\u00f3n invitan a la comunidad a ser parte de esta experiencia, que busca posicionar a Lic\u00e1n Ray como un referente en turismo sustentable y actividades de gran convocatoria en el sur de Chile. Las inscripciones est\u00e1n disponibles en<a href=\"https:\/\/forms.gle\/NoCM39K2a1uBCs5RA\" target=\"_blank\" rel=\"noreferrer noopener\"> https:\/\/forms.gle\/NoCM39K2a1uBCs5RA<\/a>.<\/p>\n\n\n\n<figure class=\"wp-block-image size-large\"><img loading=\"lazy\" decoding=\"async\" width=\"1000\" height=\"667\" src=\"https:\/\/temucotelevision.cl\/web\/wp-content\/uploads\/2026\/04\/7H4A7755-1000x667.png\" alt=\"\" class=\"wp-image-62197\" srcset=\"https:\/\/temucotelevision.cl\/web\/wp-content\/uploads\/2026\/04\/7H4A7755-1000x667.png 1000w, https:\/\/temucotelevision.cl\/web\/wp-content\/uploads\/2026\/04\/7H4A7755-768x512.png 768w, https:\/\/temucotelevision.cl\/web\/wp-content\/uploads\/2026\/04\/7H4A7755-1536x1024.png 1536w, https:\/\/temucotelevision.cl\/web\/wp-content\/uploads\/2026\/04\/7H4A7755-2048x1365.png 2048w\" sizes=\"auto, (max-width: 1000px) 100vw, 1000px\" \/><\/figure>\n\n\n\n<figure class=\"wp-block-image size-large\"><img loading=\"lazy\" decoding=\"async\" width=\"1000\" height=\"667\" src=\"https:\/\/temucotelevision.cl\/web\/wp-content\/uploads\/2026\/04\/7H4A7921-1000x667.png\" alt=\"\" class=\"wp-image-62198\" srcset=\"https:\/\/temucotelevision.cl\/web\/wp-content\/uploads\/2026\/04\/7H4A7921-1000x667.png 1000w, https:\/\/temucotelevision.cl\/web\/wp-content\/uploads\/2026\/04\/7H4A7921-768x512.png 768w, https:\/\/temucotelevision.cl\/web\/wp-content\/uploads\/2026\/04\/7H4A7921-1536x1024.png 1536w, https:\/\/temucotelevision.cl\/web\/wp-content\/uploads\/2026\/04\/7H4A7921-2048x1365.png 2048w\" sizes=\"auto, (max-width: 1000px) 100vw, 1000px\" \/><\/figure>\n\n\n\n<figure class=\"wp-block-image size-large\"><img loading=\"lazy\" decoding=\"async\" width=\"1000\" height=\"667\" src=\"https:\/\/temucotelevision.cl\/web\/wp-content\/uploads\/2026\/04\/7H4A8314-1000x667.png\" alt=\"\" class=\"wp-image-62199\" srcset=\"https:\/\/temucotelevision.cl\/web\/wp-content\/uploads\/2026\/04\/7H4A8314-1000x667.png 1000w, https:\/\/temucotelevision.cl\/web\/wp-content\/uploads\/2026\/04\/7H4A8314-768x512.png 768w, https:\/\/temucotelevision.cl\/web\/wp-content\/uploads\/2026\/04\/7H4A8314-1536x1024.png 1536w, https:\/\/temucotelevision.cl\/web\/wp-content\/uploads\/2026\/04\/7H4A8314-2048x1365.png 2048w\" sizes=\"auto, (max-width: 1000px) 100vw, 1000px\" \/><\/figure>\n","protected":false},"excerpt":{"rendered":"<div class=\"pvc_clear\"><\/div>\n<p id=\"pvc_stats_62195\" class=\"pvc_stats total_only  \" data-element-id=\"62195\" style=\"\"><i class=\"pvc-stats-icon large\" aria-hidden=\"true\"><svg aria-hidden=\"true\" focusable=\"false\" data-prefix=\"far\" data-icon=\"chart-bar\" role=\"img\" xmlns=\"http:\/\/www.w3.org\/2000\/svg\" viewBox=\"0 0 512 512\" class=\"svg-inline--fa fa-chart-bar fa-w-16 fa-2x\"><path fill=\"currentColor\" d=\"M396.8 352h22.4c6.4 0 12.8-6.4 12.8-12.8V108.8c0-6.4-6.4-12.8-12.8-12.8h-22.4c-6.4 0-12.8 6.4-12.8 12.8v230.4c0 6.4 6.4 12.8 12.8 12.8zm-192 0h22.4c6.4 0 12.8-6.4 12.8-12.8V140.8c0-6.4-6.4-12.8-12.8-12.8h-22.4c-6.4 0-12.8 6.4-12.8 12.8v198.4c0 6.4 6.4 12.8 12.8 12.8zm96 0h22.4c6.4 0 12.8-6.4 12.8-12.8V204.8c0-6.4-6.4-12.8-12.8-12.8h-22.4c-6.4 0-12.8 6.4-12.8 12.8v134.4c0 6.4 6.4 12.8 12.8 12.8zM496 400H48V80c0-8.84-7.16-16-16-16H16C7.16 64 0 71.16 0 80v336c0 17.67 14.33 32 32 32h464c8.84 0 16-7.16 16-16v-16c0-8.84-7.16-16-16-16zm-387.2-48h22.4c6.4 0 12.8-6.4 12.8-12.8v-70.4c0-6.4-6.4-12.8-12.8-12.8h-22.4c-6.4 0-12.8 6.4-12.8 12.8v70.4c0 6.4 6.4 12.8 12.8 12.8z\" class=\"\"><\/path><\/svg><\/i> <img loading=\"lazy\" decoding=\"async\" width=\"16\" height=\"16\" alt=\"Loading\" src=\"https:\/\/temucotelevision.cl\/web\/wp-content\/plugins\/page-views-count\/ajax-loader-2x.gif\" border=0 \/><\/p>\n<div class=\"pvc_clear\"><\/div>\n<p>La traves\u00eda, gratuita y con cupos limitados, se llevar\u00e1 a cabo este s\u00e1bado 2 de mayo desde las 10:00 horas,<\/p>\n","protected":false},"author":1,"featured_media":62196,"comment_status":"open","ping_status":"open","sticky":false,"template":"","format":"standard","meta":{"colormag_page_container_layout":"default_layout","colormag_page_sidebar_layout":"default_layout","footnotes":""},"categories":[86],"tags":[4874],"class_list":["post-62195","post","type-post","status-publish","format-standard","has-post-thumbnail","hentry","category-panoramas","tag-kayakistas"],"a3_pvc":{"activated":true,"total_views":7901,"today_views":0},"_links":{"self":[{"href":"https:\/\/temucotelevision.cl\/web\/wp-json\/wp\/v2\/posts\/62195","targetHints":{"allow":["GET"]}}],"collection":[{"href":"https:\/\/temucotelevision.cl\/web\/wp-json\/wp\/v2\/posts"}],"about":[{"href":"https:\/\/temucotelevision.cl\/web\/wp-json\/wp\/v2\/types\/post"}],"author":[{"embeddable":true,"href":"https:\/\/temucotelevision.cl\/web\/wp-json\/wp\/v2\/users\/1"}],"replies":[{"embeddable":true,"href":"https:\/\/temucotelevision.cl\/web\/wp-json\/wp\/v2\/comments?post=62195"}],"version-history":[{"count":1,"href":"https:\/\/temucotelevision.cl\/web\/wp-json\/wp\/v2\/posts\/62195\/revisions"}],"predecessor-version":[{"id":62200,"href":"https:\/\/temucotelevision.cl\/web\/wp-json\/wp\/v2\/posts\/62195\/revisions\/62200"}],"wp:featuredmedia":[{"embeddable":true,"href":"https:\/\/temucotelevision.cl\/web\/wp-json\/wp\/v2\/media\/62196"}],"wp:attachment":[{"href":"https:\/\/temucotelevision.cl\/web\/wp-json\/wp\/v2\/media?parent=62195"}],"wp:term":[{"taxonomy":"category","embeddable":true,"href":"https:\/\/temucotelevision.cl\/web\/wp-json\/wp\/v2\/categories?post=62195"},{"taxonomy":"post_tag","embeddable":true,"href":"https:\/\/temucotelevision.cl\/web\/wp-json\/wp\/v2\/tags?post=62195"}],"curies":[{"name":"wp","href":"https:\/\/api.w.org\/{rel}","templated":true}]}}