{"id":62188,"date":"2026-04-29T22:41:47","date_gmt":"2026-04-30T01:41:47","guid":{"rendered":"https:\/\/temucotelevision.cl\/web\/?p=62188"},"modified":"2026-04-29T22:41:47","modified_gmt":"2026-04-30T01:41:47","slug":"eta-acuaridas-2026-como-observar-la-proxima-lluvia-de-meteoros-visible-desde-chile","status":"publish","type":"post","link":"https:\/\/temucotelevision.cl\/web\/2026\/04\/29\/eta-acuaridas-2026-como-observar-la-proxima-lluvia-de-meteoros-visible-desde-chile\/","title":{"rendered":"Eta Acu\u00e1ridas 2026: c\u00f3mo observar la pr\u00f3xima lluvia de meteoros visible desde Chile"},"content":{"rendered":"<div class=\"pvc_clear\"><\/div><p id=\"pvc_stats_62188\" class=\"pvc_stats total_only  \" data-element-id=\"62188\" style=\"\"><i class=\"pvc-stats-icon large\" aria-hidden=\"true\"><svg aria-hidden=\"true\" focusable=\"false\" data-prefix=\"far\" data-icon=\"chart-bar\" role=\"img\" xmlns=\"http:\/\/www.w3.org\/2000\/svg\" viewBox=\"0 0 512 512\" class=\"svg-inline--fa fa-chart-bar fa-w-16 fa-2x\"><path fill=\"currentColor\" d=\"M396.8 352h22.4c6.4 0 12.8-6.4 12.8-12.8V108.8c0-6.4-6.4-12.8-12.8-12.8h-22.4c-6.4 0-12.8 6.4-12.8 12.8v230.4c0 6.4 6.4 12.8 12.8 12.8zm-192 0h22.4c6.4 0 12.8-6.4 12.8-12.8V140.8c0-6.4-6.4-12.8-12.8-12.8h-22.4c-6.4 0-12.8 6.4-12.8 12.8v198.4c0 6.4 6.4 12.8 12.8 12.8zm96 0h22.4c6.4 0 12.8-6.4 12.8-12.8V204.8c0-6.4-6.4-12.8-12.8-12.8h-22.4c-6.4 0-12.8 6.4-12.8 12.8v134.4c0 6.4 6.4 12.8 12.8 12.8zM496 400H48V80c0-8.84-7.16-16-16-16H16C7.16 64 0 71.16 0 80v336c0 17.67 14.33 32 32 32h464c8.84 0 16-7.16 16-16v-16c0-8.84-7.16-16-16-16zm-387.2-48h22.4c6.4 0 12.8-6.4 12.8-12.8v-70.4c0-6.4-6.4-12.8-12.8-12.8h-22.4c-6.4 0-12.8 6.4-12.8 12.8v70.4c0 6.4 6.4 12.8 12.8 12.8z\" class=\"\"><\/path><\/svg><\/i> <img loading=\"lazy\" decoding=\"async\" width=\"16\" height=\"16\" alt=\"Loading\" src=\"https:\/\/temucotelevision.cl\/web\/wp-content\/plugins\/page-views-count\/ajax-loader-2x.gif\" border=0 \/><\/p><div class=\"pvc_clear\"><\/div>\n<p><em>Sandro Villanova, Investigador Asociado del CATA y Director de la Licenciatura en Astronom\u00eda UNAB, sede Concepci\u00f3n, entrega detalles de este evento.<\/em><\/p>\n\n\n\n<p>Durante los primeros d\u00edas de mayo se producir\u00e1 la lluvia de meteoros Eta Acu\u00e1ridas, uno de los eventos astron\u00f3micos m\u00e1s llamativos del 2026, ofreciendo un nuevo espect\u00e1culo observable desde distintos puntos de Chile. Este fen\u00f3meno tendr\u00e1 su m\u00e1ximo de actividad en la noche del 5 al 6 de mayo, periodo en el que aumenta la cantidad de meteoros visibles en el cielo.<\/p>\n\n\n\n<p>Sandro Villanova, Investigador Asociado del Centro de Astrof\u00edsica y Tecnolog\u00edas Afines \u2013 CATA (Centro Basal de ANID) y Director de la Licenciatura en Astronom\u00eda de la Universidad Andr\u00e9s Bello sede Concepci\u00f3n, entrega claves para comprender su origen, caracter\u00edsticas y mejores condiciones de observaci\u00f3n.<\/p>\n\n\n\n<figure class=\"wp-block-image size-large\"><img loading=\"lazy\" decoding=\"async\" width=\"1000\" height=\"664\" src=\"https:\/\/temucotelevision.cl\/web\/wp-content\/uploads\/2026\/04\/Mike-Lewinski_Wikimedia-Commons-1000x664.jpg\" alt=\"\" class=\"wp-image-62190\" srcset=\"https:\/\/temucotelevision.cl\/web\/wp-content\/uploads\/2026\/04\/Mike-Lewinski_Wikimedia-Commons-1000x664.jpg 1000w, https:\/\/temucotelevision.cl\/web\/wp-content\/uploads\/2026\/04\/Mike-Lewinski_Wikimedia-Commons-768x510.jpg 768w, https:\/\/temucotelevision.cl\/web\/wp-content\/uploads\/2026\/04\/Mike-Lewinski_Wikimedia-Commons-1536x1021.jpg 1536w, https:\/\/temucotelevision.cl\/web\/wp-content\/uploads\/2026\/04\/Mike-Lewinski_Wikimedia-Commons-2048x1361.jpg 2048w\" sizes=\"auto, (max-width: 1000px) 100vw, 1000px\" \/><\/figure>\n\n\n\n<p><strong>\u00bfDe d\u00f3nde viene este fen\u00f3meno?<\/strong><\/p>\n\n\n\n<p>Las Eta Acu\u00e1ridas son una lluvia de meteoros -popularmente conocidas como \u201clluvia de estrellas\u201d o \u201cestrellas fugaces\u201d- que se produce cada a\u00f1o cuando la Tierra atraviesa una corriente de part\u00edculas dejadas por el cometa Halley a lo largo de su \u00f3rbita.<\/p>\n\n\n\n<p>\u201cEs un evento muy particular, porque su origen est\u00e1 en el cometa Halley, el primer cometa reconocido como peri\u00f3dico, es decir, un cuerpo que sabemos que regresa aproximadamente cada 76 a\u00f1os a las parte interna del sistema solar\u201d, explica Villanova, investigador del CATA y acad\u00e9mico UNAB.<\/p>\n\n\n\n<p>El fen\u00f3meno ocurre cuando nuestro planeta cruza un \u201csendero\u201d de polvo que este cometa dej\u00f3 en el pasado. \u201cLa Tierra pasa a trav\u00e9s de esta cola de polvo y estos peque\u00f1os granos son capturados por su gravedad. Al entrar a la atm\u00f3sfera, se queman y producen los destellos que observamos desde la superficie\u201d, agrega.<\/p>\n\n\n\n<p>Adem\u00e1s, el director enfatiza de que se trata de part\u00edculas extremadamente diminutas. \u201cSon granitos de polvo muy peque\u00f1os que se queman completamente en la parte alta de la atm\u00f3sfera y no alcanzan a llegar a la superficie de la Tierra\u201d.<\/p>\n\n\n\n<p>Asimismo, el evento recibe su nombre porque los meteoros parecen provenir de la constelaci\u00f3n de Acuario, espec\u00edficamente desde las cercan\u00edas de la estrella Eta Aquarii.<\/p>\n\n\n\n<figure class=\"wp-block-image size-large\"><img loading=\"lazy\" decoding=\"async\" width=\"1000\" height=\"750\" src=\"https:\/\/temucotelevision.cl\/web\/wp-content\/uploads\/2026\/04\/ESO_P.-Horalek-1000x750.jpg\" alt=\"\" class=\"wp-image-62191\" srcset=\"https:\/\/temucotelevision.cl\/web\/wp-content\/uploads\/2026\/04\/ESO_P.-Horalek-1000x750.jpg 1000w, https:\/\/temucotelevision.cl\/web\/wp-content\/uploads\/2026\/04\/ESO_P.-Horalek-768x576.jpg 768w, https:\/\/temucotelevision.cl\/web\/wp-content\/uploads\/2026\/04\/ESO_P.-Horalek-1536x1152.jpg 1536w, https:\/\/temucotelevision.cl\/web\/wp-content\/uploads\/2026\/04\/ESO_P.-Horalek.jpg 1600w\" sizes=\"auto, (max-width: 1000px) 100vw, 1000px\" \/><figcaption class=\"wp-element-caption\">The Eta Aquariids meteor shower, which peaked in early May this year, was captured in this stunning image by astrophotographer Petr Hor\u00e1lek. It was taken near San Pedro de Atacama, a Chilean town about 50 km away from the Chajnantor observatory site, where APEX and ALMA, astronomical facilities co-owned by ESO, are located. The Eta Aquariids meteors are caused by leftover debris from Halley\u2019s comet and make up the bright, arrow-like darts of light in the photo. But don\u2019t stop there: this image is literally full to the brim of astronomical phenomena.\u00a0 The luminous object towards the bottom of the sky is Venus. Above it, arranged in a satisfying line, are several planets in conjunction. Directly above Venus is Jupiter, followed by the bright red Mars, and then Saturn. Conjunctions such as this are rare, often occurring decades apart. The planets also trace the zodiacal light, the faint glow stretching like a pillar, up towards the bright stellar-dense centre of the Milky Way, our home galaxy.\u00a0 Zodiacal light is often seen from dark sites like ESO observatories just after sunset, or before sunrise, and is the reflected sunlight from dust particles in the plane of the Solar System. The dust comes from asteroids, passing comets, and even from other inner Solar System planets, such as Mars. Here we see the zodiacal light paired with the red sunset over the mountains and volcanoes surrounding the Chajnantor site, a spectacular backdrop to this dreamy night sky. Link  Annotated version of this image<\/figcaption><\/figure>\n\n\n\n<p><strong>\u00bfC\u00f3mo observar las Eta Acu\u00e1ridas desde Chile?<\/strong><\/p>\n\n\n\n<p>Si bien esta lluvia de meteoros es visible desde fines de abril hasta los \u00faltimos d\u00edas de mayo, su mayor nivel de actividad tendr\u00e1 lugar en las noches del lunes 5 y martes 6 de mayo. En este contexto, Chile presenta condiciones particularmente favorables para observar este fen\u00f3meno debido a su ubicaci\u00f3n geogr\u00e1fica. \u201cEs una lluvia que se puede ver muy bien desde Chile, porque el mejor lugar para observar est\u00e1 en nuestro hemisferio en torno a los 30 grados de latitud sur. Nuestro pa\u00eds se encuentra justamente en ese rango, por lo que es un lugar ideal\u201d, afirma Villanova.<\/p>\n\n\n\n<p>El astr\u00f3nomo enfatiza que el mejor momento para observar ser\u00e1 durante la segunda mitad de la noche hasta los momentos previos al amanecer. \u201cLa constelaci\u00f3n de Acuario comienza a elevarse alrededor de las 2:00 de la ma\u00f1ana. Desde ese momento ya se pueden ver algunos meteoros, pero mientras m\u00e1s cerca del amanecer, mejor ser\u00e1n las condiciones\u201d, explica el Investigador Asociado del CATA.<\/p>\n\n\n\n<p>Aunque el peak ocurre en esta fecha en espec\u00edfico, el fen\u00f3meno se extiende por varias semanas. \u201cNo es un evento puntual de una sola noche. La lluvia dura m\u00e1s de un mes, porque este sendero de polvo es ancho y es la Tierra la que lo atraviesa cada a\u00f1o\u201d, a\u00f1ade el tambi\u00e9n acad\u00e9mico de la UNAB sede Concepci\u00f3n.<\/p>\n\n\n\n<p>En cuanto a las condiciones de observaci\u00f3n, la Luna puede interferir en la visibilidad de estos meteoros. \u201cAlrededor de las noches del 5 y 6 de mayo, nuestro sat\u00e9lite natural estar\u00e1 en fase menguante con una fracci\u00f3n importante iluminada, generando una porci\u00f3n importante de luz que podr\u00eda dificultar ver los meteoros m\u00e1s d\u00e9biles\u201d, se\u00f1ala.<\/p>\n\n\n\n<p>Sin embargo, esto tampoco impide su observaci\u00f3n. \u201cSi se esperan algunos d\u00edas, cuando la luminosidad de la Luna disminuye, la visibilidad mejora considerablemente. Incluso, cerca de la Luna nueva se pueden tener condiciones mucho m\u00e1s favorables\u201d, agrega el astr\u00f3nomo.<\/p>\n\n\n\n<p>El investigador del CATA recomienda observar desde lugares oscuros, alejados de la contaminaci\u00f3n lum\u00ednica y dirigir la mirada hacia el Este, donde se ubica el punto radiante, aunque los meteoros pueden aparecer en distintas partes del cielo. \u201cLa mayor\u00eda no son muy brillantes, pero si el grano de polvo es lo suficientemente grande, se puede producir un meteoro muy luminoso, capaz incluso de iluminar gran parte del cielo por unos instantes\u201d, enfatiza el profesor.<\/p>\n\n\n\n<p>Por otro lado, quienes deseen planificar mejor la observaci\u00f3n se pueden apoyar en aplicaciones de astronom\u00eda como Star Walk o Stellarium, que permiten identificar la ubicaci\u00f3n de la constelaci\u00f3n de Acuario y seguir en tiempo real el movimiento del cielo nocturno seg\u00fan la ubicaci\u00f3n del usuario, facilitando as\u00ed la b\u00fasqueda del punto desde donde se originan los meteoros.<\/p>\n\n\n\n<figure class=\"wp-block-image size-full\"><img loading=\"lazy\" decoding=\"async\" width=\"768\" height=\"576\" src=\"https:\/\/temucotelevision.cl\/web\/wp-content\/uploads\/2026\/04\/NASA_MSFC_B.-Cooke.jpg\" alt=\"\" class=\"wp-image-62192\"\/><\/figure>\n\n\n\n<p><strong>\u00bfRepresenta alg\u00fan riesgo este fen\u00f3meno?<\/strong><\/p>\n\n\n\n<p>El paso de las Eta Acu\u00e1ridas no representa ning\u00fan riesgo para la Tierra ni para las personas. \u201cEs un espect\u00e1culo muy bonito que no conlleva peligro, pues los granos de polvo se desintegran completamente en la atm\u00f3sfera, por lo que no tienen ning\u00fan efecto en la superficie terrestre\u201d, aclara Villanova.<\/p>\n\n\n\n<figure class=\"wp-block-image size-large\"><img loading=\"lazy\" decoding=\"async\" width=\"1000\" height=\"694\" src=\"https:\/\/temucotelevision.cl\/web\/wp-content\/uploads\/2026\/04\/NASA_W.-Liller-1000x694.jpg\" alt=\"\" class=\"wp-image-62193\" srcset=\"https:\/\/temucotelevision.cl\/web\/wp-content\/uploads\/2026\/04\/NASA_W.-Liller-1000x694.jpg 1000w, https:\/\/temucotelevision.cl\/web\/wp-content\/uploads\/2026\/04\/NASA_W.-Liller-768x533.jpg 768w, https:\/\/temucotelevision.cl\/web\/wp-content\/uploads\/2026\/04\/NASA_W.-Liller-392x272.jpg 392w, https:\/\/temucotelevision.cl\/web\/wp-content\/uploads\/2026\/04\/NASA_W.-Liller-130x90.jpg 130w, https:\/\/temucotelevision.cl\/web\/wp-content\/uploads\/2026\/04\/NASA_W.-Liller.jpg 1492w\" sizes=\"auto, (max-width: 1000px) 100vw, 1000px\" \/><\/figure>\n\n\n\n<p><strong>\u00bfQu\u00e9 se puede aprender de estos fen\u00f3menos?<\/strong><\/p>\n\n\n\n<p>Sumado a su belleza a simple vista, este fen\u00f3meno permite profundizar en el estudio de los cometas y su rol en la historia del Sistema Solar. \u201cEventos como \u00e9stos nos permiten explicar qu\u00e9 son los cometas y por qu\u00e9 son importantes. Por ejemplo, existe la hip\u00f3tesis de que el agua de la Tierra proviene de estos cuerpos, ya que son ricos en elementos vol\u00e1tiles como el agua\u201d, se\u00f1ala el investigador.<\/p>\n\n\n\n<p>Asimismo, estos objetos podr\u00edan estar vinculados al origen de la vida en la Tierra. \u201cSe piensa que muchos de los compuestos fundamentales, como los amino\u00e1cidos, pudieron haber sido transportados a la Tierra por cometas\u201d.&nbsp;<\/p>\n\n\n\n<p>Finalmente, el Investigador del CATA destaca que este tipo de eventos son una oportunidad para acercar la astronom\u00eda a la ciudadan\u00eda, despertando el inter\u00e9s por el universo y facilitando la comprensi\u00f3n de procesos clave en la formaci\u00f3n del Sistema Solar y el surgimiento de la vida.<\/p>\n\n\n\n<p><strong>Cr\u00e9ditos de im\u00e1genes:<\/strong><\/p>\n\n\n\n<p>1. Lluvia de meteoritos en el desierto chileno (Eta Acu\u00e1ridas)<\/p>\n\n\n\n<p>Cr\u00e9ditos:&nbsp;<strong>ESO\/P. Horalek<\/strong><\/p>\n\n\n\n<p>2. La lluvia de meteoritos de las Eta Acu\u00e1ridas al amanecer.<\/p>\n\n\n\n<p>Cr\u00e9ditos:&nbsp;<strong>Mike Lewinski\/Wikimedia Commons<\/strong><\/p>\n\n\n\n<p>3. Un meteoro de las Eta Acu\u00e1ridas surca el cielo del norte de Georgia el 29 de abril de 2012.<\/p>\n\n\n\n<p>Cr\u00e9ditos:&nbsp;<strong>NASA\/MSFC\/B. Cooke.<\/strong><\/p>\n\n\n\n<p>4. Lluvia de meteoros de las Eta Acu\u00e1ridas captada sobre Kandalama, Sri Lanka, durante el momento de mayor actividad.<\/p>\n\n\n\n<p>Cr\u00e9ditos:&nbsp;<strong>Thilina Kaluthotage\/NurPhoto via Getty Images.<\/strong><\/p>\n\n\n\n<p>5. El cometa 1P\/Halley, fotografiado el 8 de marzo de 1986 por W. Liller en la Isla de Pascua, como parte de la Red de Fen\u00f3menos a Gran Escala del International Halley Watch (IHW).<\/p>\n\n\n\n<p>Cr\u00e9ditos:&nbsp;<strong>NASA\/W. Liller.<\/strong><\/p>\n\n\n\n<p><\/p>\n","protected":false},"excerpt":{"rendered":"<div class=\"pvc_clear\"><\/div>\n<p id=\"pvc_stats_62188\" class=\"pvc_stats total_only  \" data-element-id=\"62188\" style=\"\"><i class=\"pvc-stats-icon large\" aria-hidden=\"true\"><svg aria-hidden=\"true\" focusable=\"false\" data-prefix=\"far\" data-icon=\"chart-bar\" role=\"img\" xmlns=\"http:\/\/www.w3.org\/2000\/svg\" viewBox=\"0 0 512 512\" class=\"svg-inline--fa fa-chart-bar fa-w-16 fa-2x\"><path fill=\"currentColor\" d=\"M396.8 352h22.4c6.4 0 12.8-6.4 12.8-12.8V108.8c0-6.4-6.4-12.8-12.8-12.8h-22.4c-6.4 0-12.8 6.4-12.8 12.8v230.4c0 6.4 6.4 12.8 12.8 12.8zm-192 0h22.4c6.4 0 12.8-6.4 12.8-12.8V140.8c0-6.4-6.4-12.8-12.8-12.8h-22.4c-6.4 0-12.8 6.4-12.8 12.8v198.4c0 6.4 6.4 12.8 12.8 12.8zm96 0h22.4c6.4 0 12.8-6.4 12.8-12.8V204.8c0-6.4-6.4-12.8-12.8-12.8h-22.4c-6.4 0-12.8 6.4-12.8 12.8v134.4c0 6.4 6.4 12.8 12.8 12.8zM496 400H48V80c0-8.84-7.16-16-16-16H16C7.16 64 0 71.16 0 80v336c0 17.67 14.33 32 32 32h464c8.84 0 16-7.16 16-16v-16c0-8.84-7.16-16-16-16zm-387.2-48h22.4c6.4 0 12.8-6.4 12.8-12.8v-70.4c0-6.4-6.4-12.8-12.8-12.8h-22.4c-6.4 0-12.8 6.4-12.8 12.8v70.4c0 6.4 6.4 12.8 12.8 12.8z\" class=\"\"><\/path><\/svg><\/i> <img loading=\"lazy\" decoding=\"async\" width=\"16\" height=\"16\" alt=\"Loading\" src=\"https:\/\/temucotelevision.cl\/web\/wp-content\/plugins\/page-views-count\/ajax-loader-2x.gif\" border=0 \/><\/p>\n<div class=\"pvc_clear\"><\/div>\n<p>Sandro Villanova, Investigador Asociado del CATA y Director de la Licenciatura en Astronom\u00eda UNAB, sede Concepci\u00f3n, entrega detalles de este<\/p>\n","protected":false},"author":1,"featured_media":62189,"comment_status":"open","ping_status":"open","sticky":false,"template":"","format":"standard","meta":{"colormag_page_container_layout":"default_layout","colormag_page_sidebar_layout":"default_layout","footnotes":""},"categories":[101,18],"tags":[7353],"class_list":["post-62188","post","type-post","status-publish","format-standard","has-post-thumbnail","hentry","category-actualidad","category-nacional","tag-meteoros"],"a3_pvc":{"activated":true,"total_views":9097,"today_views":9},"_links":{"self":[{"href":"https:\/\/temucotelevision.cl\/web\/wp-json\/wp\/v2\/posts\/62188","targetHints":{"allow":["GET"]}}],"collection":[{"href":"https:\/\/temucotelevision.cl\/web\/wp-json\/wp\/v2\/posts"}],"about":[{"href":"https:\/\/temucotelevision.cl\/web\/wp-json\/wp\/v2\/types\/post"}],"author":[{"embeddable":true,"href":"https:\/\/temucotelevision.cl\/web\/wp-json\/wp\/v2\/users\/1"}],"replies":[{"embeddable":true,"href":"https:\/\/temucotelevision.cl\/web\/wp-json\/wp\/v2\/comments?post=62188"}],"version-history":[{"count":1,"href":"https:\/\/temucotelevision.cl\/web\/wp-json\/wp\/v2\/posts\/62188\/revisions"}],"predecessor-version":[{"id":62194,"href":"https:\/\/temucotelevision.cl\/web\/wp-json\/wp\/v2\/posts\/62188\/revisions\/62194"}],"wp:featuredmedia":[{"embeddable":true,"href":"https:\/\/temucotelevision.cl\/web\/wp-json\/wp\/v2\/media\/62189"}],"wp:attachment":[{"href":"https:\/\/temucotelevision.cl\/web\/wp-json\/wp\/v2\/media?parent=62188"}],"wp:term":[{"taxonomy":"category","embeddable":true,"href":"https:\/\/temucotelevision.cl\/web\/wp-json\/wp\/v2\/categories?post=62188"},{"taxonomy":"post_tag","embeddable":true,"href":"https:\/\/temucotelevision.cl\/web\/wp-json\/wp\/v2\/tags?post=62188"}],"curies":[{"name":"wp","href":"https:\/\/api.w.org\/{rel}","templated":true}]}}