{"id":62184,"date":"2026-04-29T22:22:52","date_gmt":"2026-04-30T01:22:52","guid":{"rendered":"https:\/\/temucotelevision.cl\/web\/?p=62184"},"modified":"2026-04-29T22:22:52","modified_gmt":"2026-04-30T01:22:52","slug":"seremi-de-gobierno-participa-en-encuentro-nacional-de-coordinacion-de-prioridades-y-ejes-gubernamentales","status":"publish","type":"post","link":"https:\/\/temucotelevision.cl\/web\/2026\/04\/29\/seremi-de-gobierno-participa-en-encuentro-nacional-de-coordinacion-de-prioridades-y-ejes-gubernamentales\/","title":{"rendered":"Seremi de Gobierno participa en encuentro nacional de coordinaci\u00f3n de prioridades y ejes gubernamentales"},"content":{"rendered":"<div class=\"pvc_clear\"><\/div><p id=\"pvc_stats_62184\" class=\"pvc_stats total_only  \" data-element-id=\"62184\" style=\"\"><i class=\"pvc-stats-icon large\" aria-hidden=\"true\"><svg aria-hidden=\"true\" focusable=\"false\" data-prefix=\"far\" data-icon=\"chart-bar\" role=\"img\" xmlns=\"http:\/\/www.w3.org\/2000\/svg\" viewBox=\"0 0 512 512\" class=\"svg-inline--fa fa-chart-bar fa-w-16 fa-2x\"><path fill=\"currentColor\" d=\"M396.8 352h22.4c6.4 0 12.8-6.4 12.8-12.8V108.8c0-6.4-6.4-12.8-12.8-12.8h-22.4c-6.4 0-12.8 6.4-12.8 12.8v230.4c0 6.4 6.4 12.8 12.8 12.8zm-192 0h22.4c6.4 0 12.8-6.4 12.8-12.8V140.8c0-6.4-6.4-12.8-12.8-12.8h-22.4c-6.4 0-12.8 6.4-12.8 12.8v198.4c0 6.4 6.4 12.8 12.8 12.8zm96 0h22.4c6.4 0 12.8-6.4 12.8-12.8V204.8c0-6.4-6.4-12.8-12.8-12.8h-22.4c-6.4 0-12.8 6.4-12.8 12.8v134.4c0 6.4 6.4 12.8 12.8 12.8zM496 400H48V80c0-8.84-7.16-16-16-16H16C7.16 64 0 71.16 0 80v336c0 17.67 14.33 32 32 32h464c8.84 0 16-7.16 16-16v-16c0-8.84-7.16-16-16-16zm-387.2-48h22.4c6.4 0 12.8-6.4 12.8-12.8v-70.4c0-6.4-6.4-12.8-12.8-12.8h-22.4c-6.4 0-12.8 6.4-12.8 12.8v70.4c0 6.4 6.4 12.8 12.8 12.8z\" class=\"\"><\/path><\/svg><\/i> <img loading=\"lazy\" decoding=\"async\" width=\"16\" height=\"16\" alt=\"Loading\" src=\"https:\/\/temucotelevision.cl\/web\/wp-content\/plugins\/page-views-count\/ajax-loader-2x.gif\" border=0 \/><\/p><div class=\"pvc_clear\"><\/div>\n<p>En Santiago, el seremi de Gobierno de La Araucan\u00eda, Felipe Montero, particip\u00f3 en un relevante encuentro nacional de seremis, instancia clave de coordinaci\u00f3n y articulaci\u00f3n de lineamientos gubernamentales. La reuni\u00f3n fue encabezada por la ministra Vocera de Gobierno, Mara Sedini, junto al subsecretario Jos\u00e9 Francisco Lagos.<\/p>\n\n\n\n<p>La jornada que se extendi\u00f3 por 2 d\u00edas, tuvo como objetivo fortalecer el trabajo territorial de las serem\u00edas, alineando estrategias comunicacionales y de gesti\u00f3n en torno a las prioridades del Gobierno. En este contexto, se abordaron temas de contingencia nacional, el despliegue de pol\u00edticas p\u00fablicas y la importancia de reforzar el v\u00ednculo con la ciudadan\u00eda en cada regi\u00f3n del pa\u00eds.<\/p>\n\n\n\n<p>El seremi Felipe Montero destac\u00f3 la relevancia de este tipo de instancias, se\u00f1alando que \u201cestos encuentros permiten compartir experiencias, coordinar acciones y asegurar que el trabajo que realizamos en regiones est\u00e9 plenamente alineado con los desaf\u00edos y prioridades del Gobierno\u201d. Asimismo, valor\u00f3 el espacio como una oportunidad para fortalecer la gesti\u00f3n regional y mejorar la comunicaci\u00f3n de las iniciativas gubernamentales en La Araucan\u00eda.<\/p>\n\n\n\n<p>El vocero de La Araucan\u00eda, recalc\u00f3 que \u201cesta reuni\u00f3n en la que nos hemos reunido todos los seremis de gobierno del pa\u00eds para conversar con nuestro Subsecretario Juan Francisco Lagos y nuestra Ministra Mara Sedini acerca de nuestras problem\u00e1ticas regionales, pero tambi\u00e9n acerca de lo que es el programa del gobierno del Presidente Jos\u00e9 Antonio kast. Este gobierno de emergencia que viene a revitalizar nuevamente el pa\u00eds, a devolver el empleo y a poner a Chile en pie. As\u00ed que muy contento con lo que ha pasado en esta jornada\u201d, puntualiz\u00f3.<\/p>\n\n\n\n<p><strong>Enfoque descentralizado<\/strong><\/p>\n\n\n\n<p>Por su parte, el Subsecretario General de Gobierno, Jos\u00e9 Francisco Lagos, se\u00f1al\u00f3 que \u201chemos estado en una jornada intensa de capacitaci\u00f3n, compartir ideas respecto a c\u00f3mo tiene que ser la comunicaci\u00f3n del gobierno, no solamente a nivel central, sino que a nivel de cada regi\u00f3n. Esta instancia es fundamental para transmitir las mismas ideas y sobre todo estar en l\u00ednea con el mensaje del presidente Jos\u00e9 Antonio Kast.<\/p>\n\n\n\n<p>De igual modo la autoridad asegur\u00f3 \u201cque el prop\u00f3sito fundamental del Gobierno, es seguir construyendo desarrollo integral, inclusivo, solidario y sustentable, y para aquello se debe continuar trabajando por Chile, en busca de una mejor calidad de vida, m\u00e1s empleo, m\u00e1s seguridad y m\u00e1s oportunidades para salir adelante\u201d.&nbsp;<\/p>\n\n\n\n<p>Finalmente, desde el Ministerio Secretar\u00eda General de Gobierno se reiter\u00f3 el compromiso de continuar impulsando espacios de coordinaci\u00f3n que permitan avanzar de manera conjunta en la implementaci\u00f3n de pol\u00edticas p\u00fablicas, con un enfoque descentralizado y cercano a las necesidades de la ciudadan\u00eda.<\/p>\n","protected":false},"excerpt":{"rendered":"<div class=\"pvc_clear\"><\/div>\n<p id=\"pvc_stats_62184\" class=\"pvc_stats total_only  \" data-element-id=\"62184\" style=\"\"><i class=\"pvc-stats-icon large\" aria-hidden=\"true\"><svg aria-hidden=\"true\" focusable=\"false\" data-prefix=\"far\" data-icon=\"chart-bar\" role=\"img\" xmlns=\"http:\/\/www.w3.org\/2000\/svg\" viewBox=\"0 0 512 512\" class=\"svg-inline--fa fa-chart-bar fa-w-16 fa-2x\"><path fill=\"currentColor\" d=\"M396.8 352h22.4c6.4 0 12.8-6.4 12.8-12.8V108.8c0-6.4-6.4-12.8-12.8-12.8h-22.4c-6.4 0-12.8 6.4-12.8 12.8v230.4c0 6.4 6.4 12.8 12.8 12.8zm-192 0h22.4c6.4 0 12.8-6.4 12.8-12.8V140.8c0-6.4-6.4-12.8-12.8-12.8h-22.4c-6.4 0-12.8 6.4-12.8 12.8v198.4c0 6.4 6.4 12.8 12.8 12.8zm96 0h22.4c6.4 0 12.8-6.4 12.8-12.8V204.8c0-6.4-6.4-12.8-12.8-12.8h-22.4c-6.4 0-12.8 6.4-12.8 12.8v134.4c0 6.4 6.4 12.8 12.8 12.8zM496 400H48V80c0-8.84-7.16-16-16-16H16C7.16 64 0 71.16 0 80v336c0 17.67 14.33 32 32 32h464c8.84 0 16-7.16 16-16v-16c0-8.84-7.16-16-16-16zm-387.2-48h22.4c6.4 0 12.8-6.4 12.8-12.8v-70.4c0-6.4-6.4-12.8-12.8-12.8h-22.4c-6.4 0-12.8 6.4-12.8 12.8v70.4c0 6.4 6.4 12.8 12.8 12.8z\" class=\"\"><\/path><\/svg><\/i> <img loading=\"lazy\" decoding=\"async\" width=\"16\" height=\"16\" alt=\"Loading\" src=\"https:\/\/temucotelevision.cl\/web\/wp-content\/plugins\/page-views-count\/ajax-loader-2x.gif\" border=0 \/><\/p>\n<div class=\"pvc_clear\"><\/div>\n<p>En Santiago, el seremi de Gobierno de La Araucan\u00eda, Felipe Montero, particip\u00f3 en un relevante encuentro nacional de seremis, instancia<\/p>\n","protected":false},"author":1,"featured_media":62185,"comment_status":"open","ping_status":"open","sticky":false,"template":"","format":"standard","meta":{"colormag_page_container_layout":"default_layout","colormag_page_sidebar_layout":"default_layout","footnotes":""},"categories":[84],"tags":[232],"class_list":["post-62184","post","type-post","status-publish","format-standard","has-post-thumbnail","hentry","category-politica","tag-seremi"],"a3_pvc":{"activated":true,"total_views":3906,"today_views":5},"_links":{"self":[{"href":"https:\/\/temucotelevision.cl\/web\/wp-json\/wp\/v2\/posts\/62184","targetHints":{"allow":["GET"]}}],"collection":[{"href":"https:\/\/temucotelevision.cl\/web\/wp-json\/wp\/v2\/posts"}],"about":[{"href":"https:\/\/temucotelevision.cl\/web\/wp-json\/wp\/v2\/types\/post"}],"author":[{"embeddable":true,"href":"https:\/\/temucotelevision.cl\/web\/wp-json\/wp\/v2\/users\/1"}],"replies":[{"embeddable":true,"href":"https:\/\/temucotelevision.cl\/web\/wp-json\/wp\/v2\/comments?post=62184"}],"version-history":[{"count":1,"href":"https:\/\/temucotelevision.cl\/web\/wp-json\/wp\/v2\/posts\/62184\/revisions"}],"predecessor-version":[{"id":62186,"href":"https:\/\/temucotelevision.cl\/web\/wp-json\/wp\/v2\/posts\/62184\/revisions\/62186"}],"wp:featuredmedia":[{"embeddable":true,"href":"https:\/\/temucotelevision.cl\/web\/wp-json\/wp\/v2\/media\/62185"}],"wp:attachment":[{"href":"https:\/\/temucotelevision.cl\/web\/wp-json\/wp\/v2\/media?parent=62184"}],"wp:term":[{"taxonomy":"category","embeddable":true,"href":"https:\/\/temucotelevision.cl\/web\/wp-json\/wp\/v2\/categories?post=62184"},{"taxonomy":"post_tag","embeddable":true,"href":"https:\/\/temucotelevision.cl\/web\/wp-json\/wp\/v2\/tags?post=62184"}],"curies":[{"name":"wp","href":"https:\/\/api.w.org\/{rel}","templated":true}]}}