{"id":62178,"date":"2026-04-29T22:19:51","date_gmt":"2026-04-30T01:19:51","guid":{"rendered":"https:\/\/temucotelevision.cl\/web\/?p=62178"},"modified":"2026-04-29T22:33:20","modified_gmt":"2026-04-30T01:33:20","slug":"presidente-jose-antonio-kast-inaugura-centro-oncopediatrico-troi-araucania-en-temuco","status":"publish","type":"post","link":"https:\/\/temucotelevision.cl\/web\/2026\/04\/29\/presidente-jose-antonio-kast-inaugura-centro-oncopediatrico-troi-araucania-en-temuco\/","title":{"rendered":"Presidente Jos\u00e9 Antonio Kast inaugura Centro Oncopedi\u00e1trico TROI Araucan\u00eda en Temuco"},"content":{"rendered":"<div class=\"pvc_clear\"><\/div><p id=\"pvc_stats_62178\" class=\"pvc_stats total_only  \" data-element-id=\"62178\" style=\"\"><i class=\"pvc-stats-icon large\" aria-hidden=\"true\"><svg aria-hidden=\"true\" focusable=\"false\" data-prefix=\"far\" data-icon=\"chart-bar\" role=\"img\" xmlns=\"http:\/\/www.w3.org\/2000\/svg\" viewBox=\"0 0 512 512\" class=\"svg-inline--fa fa-chart-bar fa-w-16 fa-2x\"><path fill=\"currentColor\" d=\"M396.8 352h22.4c6.4 0 12.8-6.4 12.8-12.8V108.8c0-6.4-6.4-12.8-12.8-12.8h-22.4c-6.4 0-12.8 6.4-12.8 12.8v230.4c0 6.4 6.4 12.8 12.8 12.8zm-192 0h22.4c6.4 0 12.8-6.4 12.8-12.8V140.8c0-6.4-6.4-12.8-12.8-12.8h-22.4c-6.4 0-12.8 6.4-12.8 12.8v198.4c0 6.4 6.4 12.8 12.8 12.8zm96 0h22.4c6.4 0 12.8-6.4 12.8-12.8V204.8c0-6.4-6.4-12.8-12.8-12.8h-22.4c-6.4 0-12.8 6.4-12.8 12.8v134.4c0 6.4 6.4 12.8 12.8 12.8zM496 400H48V80c0-8.84-7.16-16-16-16H16C7.16 64 0 71.16 0 80v336c0 17.67 14.33 32 32 32h464c8.84 0 16-7.16 16-16v-16c0-8.84-7.16-16-16-16zm-387.2-48h22.4c6.4 0 12.8-6.4 12.8-12.8v-70.4c0-6.4-6.4-12.8-12.8-12.8h-22.4c-6.4 0-12.8 6.4-12.8 12.8v70.4c0 6.4 6.4 12.8 12.8 12.8z\" class=\"\"><\/path><\/svg><\/i> <img loading=\"lazy\" decoding=\"async\" width=\"16\" height=\"16\" alt=\"Loading\" src=\"https:\/\/temucotelevision.cl\/web\/wp-content\/plugins\/page-views-count\/ajax-loader-2x.gif\" border=0 \/><\/p><div class=\"pvc_clear\"><\/div>\n<p>Con la presencia del Presidente de la Rep\u00fablica, Jos\u00e9 Antonio Kast, este mi\u00e9rcoles 29 de abril se inaugur\u00f3 el Centro Oncol\u00f3gico Ambulatorio Infantil TROI Araucan\u00eda, ubicado en el Hospital Dr. Hern\u00e1n Henr\u00edquez Aravena, consolid\u00e1ndose como el principal centro de referencia en oncolog\u00eda pedi\u00e1trica de la macrozona sur.<\/p>\n\n\n\n<iframe loading=\"lazy\" width=\"560\" height=\"315\" src=\"https:\/\/www.youtube.com\/embed\/3h5nWxCWoGs?si=wpqY1xMCRu9CMolK\" title=\"YouTube video player\" frameborder=\"0\" allow=\"accelerometer; autoplay; clipboard-write; encrypted-media; gyroscope; picture-in-picture; web-share\" referrerpolicy=\"strict-origin-when-cross-origin\" allowfullscreen><\/iframe>\n\n\n\n<p>La ceremonia reuni\u00f3 a autoridades nacionales, regionales y locales, entre ellas la ministra de Salud, May Chomal\u00ed, junto a representantes del Gobierno Regional, alcaldes y actores del \u00e1mbito p\u00fablico y privado vinculados al desarrollo del proyecto.<\/p>\n\n\n\n<p>Este nuevo centro responde a una necesidad cr\u00edtica en la Regi\u00f3n de La Araucan\u00eda, donde se concentra cerca del 10% de los casos de c\u00e1ncer infantil del pa\u00eds, con aproximadamente 350 pacientes en control activo y alrededor de 40 nuevos diagn\u00f3sticos anuales.<\/p>\n\n\n\n<figure class=\"wp-block-image size-full\"><img decoding=\"async\" src=\"https:\/\/temucotelevision.cl\/web\/wp-content\/uploads\/2026\/04\/IMG_0762.heic\" alt=\"\" class=\"wp-image-62182\"\/><\/figure>\n\n\n\n<h3 class=\"wp-block-heading\">UN MODELO INTEGRAL PARA LA ATENCI\u00d3N ONCOL\u00d3GICA INFANTIL<\/h3>\n\n\n\n<p>El Centro TROI Araucan\u00eda est\u00e1 orientado a fortalecer la atenci\u00f3n integral de ni\u00f1os, ni\u00f1as y adolescentes con c\u00e1ncer, mediante un modelo ambulatorio especializado que integra atenci\u00f3n cl\u00ednica, apoyo psicosocial y acompa\u00f1amiento familiar.<\/p>\n\n\n\n<p>La infraestructura, de aproximadamente 807 metros cuadrados distribuidos en dos niveles, contempla espacios cl\u00ednicos modernos y adecuados para pacientes inmunocomprometidos, incluyendo:<\/p>\n\n\n\n<ul class=\"wp-block-list\">\n<li>\u00c1rea de quimioterapia ambulatoria con 5 puestos<\/li>\n\n\n\n<li>Box cl\u00ednicos y de procedimientos<\/li>\n\n\n\n<li>Pabell\u00f3n de cirug\u00eda menor<\/li>\n\n\n\n<li>Atenci\u00f3n odontopedi\u00e1trica, kin\u00e9sica y nutricional<\/li>\n\n\n\n<li>Espacios de apoyo psicosocial y \u00e1reas para familias<\/li>\n<\/ul>\n\n\n\n<p>Este dise\u00f1o permite concentrar en un solo lugar prestaciones que anteriormente se encontraban dispersas, mejorando la continuidad de la atenci\u00f3n y reduciendo riesgos asociados a traslados innecesarios dentro del hospital.<\/p>\n\n\n\n<h3 class=\"wp-block-heading\">INVERSI\u00d3N Y ARTICULACI\u00d3N P\u00daBLICO-PRIVADA<\/h3>\n\n\n\n<p>El proyecto fue desarrollado bajo un modelo de financiamiento mixto, con una inversi\u00f3n en infraestructura que supera los $3.086 millones, aportados por el Gobierno Regional, el municipio y la Fundaci\u00f3n Vivir M\u00e1s Feliz. A ello se suma una inversi\u00f3n sectorial en equipamiento cl\u00ednico superior a los $648 millones.<\/p>\n\n\n\n<p>Esta articulaci\u00f3n p\u00fablico-privada ha permitido avanzar en una iniciativa que fortalece la red asistencial regional y mejora significativamente las condiciones de atenci\u00f3n para pacientes pedi\u00e1tricos oncol\u00f3gicos.<\/p>\n\n\n\n<figure class=\"wp-block-image size-full\"><img decoding=\"async\" src=\"https:\/\/temucotelevision.cl\/web\/wp-content\/uploads\/2026\/04\/IMG_0770.heic\" alt=\"\" class=\"wp-image-62180\"\/><\/figure>\n\n\n\n<h3 class=\"wp-block-heading\">IMPACTO EN LA SALUD REGIONAL<\/h3>\n\n\n\n<p>La puesta en marcha del Centro TROI Araucan\u00eda permitir\u00e1 mejorar la calidad y oportunidad de la atenci\u00f3n, disminuir la fragmentaci\u00f3n de prestaciones y fortalecer la adherencia a los tratamientos. Asimismo, incorpora un enfoque de humanizaci\u00f3n que considera tanto a los pacientes como a sus familias.<\/p>\n\n\n\n<p>De esta manera, el nuevo centro se posiciona como un avance concreto en la respuesta sanitaria frente al c\u00e1ncer infantil en La Araucan\u00eda, contribuyendo a una atenci\u00f3n m\u00e1s digna, integral y especializada para ni\u00f1os, ni\u00f1as y adolescentes.<\/p>\n\n\n\n<figure class=\"wp-block-image size-full\"><img decoding=\"async\" src=\"https:\/\/temucotelevision.cl\/web\/wp-content\/uploads\/2026\/04\/IMG_0769.heic\" alt=\"\" class=\"wp-image-62181\"\/><\/figure>\n","protected":false},"excerpt":{"rendered":"<div class=\"pvc_clear\"><\/div>\n<p id=\"pvc_stats_62178\" class=\"pvc_stats total_only  \" data-element-id=\"62178\" style=\"\"><i class=\"pvc-stats-icon large\" aria-hidden=\"true\"><svg aria-hidden=\"true\" focusable=\"false\" data-prefix=\"far\" data-icon=\"chart-bar\" role=\"img\" xmlns=\"http:\/\/www.w3.org\/2000\/svg\" viewBox=\"0 0 512 512\" class=\"svg-inline--fa fa-chart-bar fa-w-16 fa-2x\"><path fill=\"currentColor\" d=\"M396.8 352h22.4c6.4 0 12.8-6.4 12.8-12.8V108.8c0-6.4-6.4-12.8-12.8-12.8h-22.4c-6.4 0-12.8 6.4-12.8 12.8v230.4c0 6.4 6.4 12.8 12.8 12.8zm-192 0h22.4c6.4 0 12.8-6.4 12.8-12.8V140.8c0-6.4-6.4-12.8-12.8-12.8h-22.4c-6.4 0-12.8 6.4-12.8 12.8v198.4c0 6.4 6.4 12.8 12.8 12.8zm96 0h22.4c6.4 0 12.8-6.4 12.8-12.8V204.8c0-6.4-6.4-12.8-12.8-12.8h-22.4c-6.4 0-12.8 6.4-12.8 12.8v134.4c0 6.4 6.4 12.8 12.8 12.8zM496 400H48V80c0-8.84-7.16-16-16-16H16C7.16 64 0 71.16 0 80v336c0 17.67 14.33 32 32 32h464c8.84 0 16-7.16 16-16v-16c0-8.84-7.16-16-16-16zm-387.2-48h22.4c6.4 0 12.8-6.4 12.8-12.8v-70.4c0-6.4-6.4-12.8-12.8-12.8h-22.4c-6.4 0-12.8 6.4-12.8 12.8v70.4c0 6.4 6.4 12.8 12.8 12.8z\" class=\"\"><\/path><\/svg><\/i> <img loading=\"lazy\" decoding=\"async\" width=\"16\" height=\"16\" alt=\"Loading\" src=\"https:\/\/temucotelevision.cl\/web\/wp-content\/plugins\/page-views-count\/ajax-loader-2x.gif\" border=0 \/><\/p>\n<div class=\"pvc_clear\"><\/div>\n<p>Con la presencia del Presidente de la Rep\u00fablica, Jos\u00e9 Antonio Kast, este mi\u00e9rcoles 29 de abril se inaugur\u00f3 el Centro<\/p>\n","protected":false},"author":1,"featured_media":62179,"comment_status":"open","ping_status":"open","sticky":false,"template":"","format":"standard","meta":{"colormag_page_container_layout":"default_layout","colormag_page_sidebar_layout":"default_layout","footnotes":""},"categories":[15],"tags":[1761],"class_list":["post-62178","post","type-post","status-publish","format-standard","has-post-thumbnail","hentry","category-la-araucania","tag-kast"],"a3_pvc":{"activated":true,"total_views":7100,"today_views":6},"_links":{"self":[{"href":"https:\/\/temucotelevision.cl\/web\/wp-json\/wp\/v2\/posts\/62178","targetHints":{"allow":["GET"]}}],"collection":[{"href":"https:\/\/temucotelevision.cl\/web\/wp-json\/wp\/v2\/posts"}],"about":[{"href":"https:\/\/temucotelevision.cl\/web\/wp-json\/wp\/v2\/types\/post"}],"author":[{"embeddable":true,"href":"https:\/\/temucotelevision.cl\/web\/wp-json\/wp\/v2\/users\/1"}],"replies":[{"embeddable":true,"href":"https:\/\/temucotelevision.cl\/web\/wp-json\/wp\/v2\/comments?post=62178"}],"version-history":[{"count":2,"href":"https:\/\/temucotelevision.cl\/web\/wp-json\/wp\/v2\/posts\/62178\/revisions"}],"predecessor-version":[{"id":62187,"href":"https:\/\/temucotelevision.cl\/web\/wp-json\/wp\/v2\/posts\/62178\/revisions\/62187"}],"wp:featuredmedia":[{"embeddable":true,"href":"https:\/\/temucotelevision.cl\/web\/wp-json\/wp\/v2\/media\/62179"}],"wp:attachment":[{"href":"https:\/\/temucotelevision.cl\/web\/wp-json\/wp\/v2\/media?parent=62178"}],"wp:term":[{"taxonomy":"category","embeddable":true,"href":"https:\/\/temucotelevision.cl\/web\/wp-json\/wp\/v2\/categories?post=62178"},{"taxonomy":"post_tag","embeddable":true,"href":"https:\/\/temucotelevision.cl\/web\/wp-json\/wp\/v2\/tags?post=62178"}],"curies":[{"name":"wp","href":"https:\/\/api.w.org\/{rel}","templated":true}]}}