{"id":62174,"date":"2026-04-29T22:03:23","date_gmt":"2026-04-30T01:03:23","guid":{"rendered":"https:\/\/temucotelevision.cl\/web\/?p=62174"},"modified":"2026-04-29T22:03:23","modified_gmt":"2026-04-30T01:03:23","slug":"el-reencuentro-con-el-color-maria-jose-gutierrez-llega-a-casa-autonoma","status":"publish","type":"post","link":"https:\/\/temucotelevision.cl\/web\/2026\/04\/29\/el-reencuentro-con-el-color-maria-jose-gutierrez-llega-a-casa-autonoma\/","title":{"rendered":"El reencuentro con el color: Mar\u00eda Jos\u00e9 Guti\u00e9rrez llega a Casa Aut\u00f3noma"},"content":{"rendered":"<div class=\"pvc_clear\"><\/div><p id=\"pvc_stats_62174\" class=\"pvc_stats total_only  \" data-element-id=\"62174\" style=\"\"><i class=\"pvc-stats-icon large\" aria-hidden=\"true\"><svg aria-hidden=\"true\" focusable=\"false\" data-prefix=\"far\" data-icon=\"chart-bar\" role=\"img\" xmlns=\"http:\/\/www.w3.org\/2000\/svg\" viewBox=\"0 0 512 512\" class=\"svg-inline--fa fa-chart-bar fa-w-16 fa-2x\"><path fill=\"currentColor\" d=\"M396.8 352h22.4c6.4 0 12.8-6.4 12.8-12.8V108.8c0-6.4-6.4-12.8-12.8-12.8h-22.4c-6.4 0-12.8 6.4-12.8 12.8v230.4c0 6.4 6.4 12.8 12.8 12.8zm-192 0h22.4c6.4 0 12.8-6.4 12.8-12.8V140.8c0-6.4-6.4-12.8-12.8-12.8h-22.4c-6.4 0-12.8 6.4-12.8 12.8v198.4c0 6.4 6.4 12.8 12.8 12.8zm96 0h22.4c6.4 0 12.8-6.4 12.8-12.8V204.8c0-6.4-6.4-12.8-12.8-12.8h-22.4c-6.4 0-12.8 6.4-12.8 12.8v134.4c0 6.4 6.4 12.8 12.8 12.8zM496 400H48V80c0-8.84-7.16-16-16-16H16C7.16 64 0 71.16 0 80v336c0 17.67 14.33 32 32 32h464c8.84 0 16-7.16 16-16v-16c0-8.84-7.16-16-16-16zm-387.2-48h22.4c6.4 0 12.8-6.4 12.8-12.8v-70.4c0-6.4-6.4-12.8-12.8-12.8h-22.4c-6.4 0-12.8 6.4-12.8 12.8v70.4c0 6.4 6.4 12.8 12.8 12.8z\" class=\"\"><\/path><\/svg><\/i> <img loading=\"lazy\" decoding=\"async\" width=\"16\" height=\"16\" alt=\"Loading\" src=\"https:\/\/temucotelevision.cl\/web\/wp-content\/plugins\/page-views-count\/ajax-loader-2x.gif\" border=0 \/><\/p><div class=\"pvc_clear\"><\/div>\n<p>Casa Aut\u00f3noma, Arte y Cultura presenta la exposici\u00f3n&nbsp;<em>\u201cMar\u00eda Jos\u00e9 Guti\u00e9rrez, obra pict\u00f3rica\u201d<\/em>, una muestra que re\u00fane m\u00e1s de 40 trabajos en peque\u00f1o y gran formato, abarcando cinco a\u00f1os de producci\u00f3n art\u00edstica.<\/p>\n\n\n\n<p>Formada en la Facultad de Artes de la Universidad de Chile, la artista residi\u00f3 durante una d\u00e9cada en Alemania, periodo que marc\u00f3 profundamente su desarrollo creativo. Tras su regreso a Chile, Guti\u00e9rrez ha retomado la pintura con una propuesta centrada en la investigaci\u00f3n del color y sus m\u00faltiples relaciones.<\/p>\n\n\n\n<p>La exposici\u00f3n presenta una serie de paisajes sugerentes, composiciones de car\u00e1cter surrealista y abstracciones que evidencian un lenguaje pict\u00f3rico propio. En ellas, el color se despliega con fuerza y libertad, dando forma a una imaginativa propuesta visual que destaca por su intensidad y coherencia est\u00e9tica.<\/p>\n\n\n\n<p>A lo largo de su trayectoria, la obra de la artista ha sido exhibida en diversas galer\u00edas de Santiago, como Galer\u00eda Trece, Galer\u00eda Formato, Arte Carolina Ortiz y Galer\u00eda Praxis. Sin embargo, esta muestra adquiere especial relevancia al marcar su regreso a la exhibici\u00f3n tras un prolongado periodo de trabajo silencioso.<\/p>\n\n\n\n<p>\u201cMar\u00eda Jos\u00e9 Guti\u00e9rrez, obra pict\u00f3rica\u201d estar\u00e1 abierta al p\u00fablico hasta el 20 de mayo, en calle Europa 1970. Los horarios de visita son de lunes a viernes, de 10:00 a 17:00 horas, y los s\u00e1bados, de 10:00 a 14:00 horas.<\/p>\n\n\n\n<p>Esta exposici\u00f3n invita a recorrer un universo visual donde el color, la intuici\u00f3n y la exploraci\u00f3n formal dialogan en cada obra, consolidando el regreso de una artista que vuelve a la escena con una propuesta madura y profundamente personal.<\/p>\n\n\n\n<figure class=\"wp-block-image size-large\"><img loading=\"lazy\" decoding=\"async\" width=\"756\" height=\"1000\" src=\"https:\/\/temucotelevision.cl\/web\/wp-content\/uploads\/2026\/04\/1000043384-756x1000.jpg\" alt=\"\" class=\"wp-image-62176\" srcset=\"https:\/\/temucotelevision.cl\/web\/wp-content\/uploads\/2026\/04\/1000043384-756x1000.jpg 756w, https:\/\/temucotelevision.cl\/web\/wp-content\/uploads\/2026\/04\/1000043384-768x1016.jpg 768w, https:\/\/temucotelevision.cl\/web\/wp-content\/uploads\/2026\/04\/1000043384.jpg 1009w\" sizes=\"auto, (max-width: 756px) 100vw, 756px\" \/><\/figure>\n","protected":false},"excerpt":{"rendered":"<div class=\"pvc_clear\"><\/div>\n<p id=\"pvc_stats_62174\" class=\"pvc_stats total_only  \" data-element-id=\"62174\" style=\"\"><i class=\"pvc-stats-icon large\" aria-hidden=\"true\"><svg aria-hidden=\"true\" focusable=\"false\" data-prefix=\"far\" data-icon=\"chart-bar\" role=\"img\" xmlns=\"http:\/\/www.w3.org\/2000\/svg\" viewBox=\"0 0 512 512\" class=\"svg-inline--fa fa-chart-bar fa-w-16 fa-2x\"><path fill=\"currentColor\" d=\"M396.8 352h22.4c6.4 0 12.8-6.4 12.8-12.8V108.8c0-6.4-6.4-12.8-12.8-12.8h-22.4c-6.4 0-12.8 6.4-12.8 12.8v230.4c0 6.4 6.4 12.8 12.8 12.8zm-192 0h22.4c6.4 0 12.8-6.4 12.8-12.8V140.8c0-6.4-6.4-12.8-12.8-12.8h-22.4c-6.4 0-12.8 6.4-12.8 12.8v198.4c0 6.4 6.4 12.8 12.8 12.8zm96 0h22.4c6.4 0 12.8-6.4 12.8-12.8V204.8c0-6.4-6.4-12.8-12.8-12.8h-22.4c-6.4 0-12.8 6.4-12.8 12.8v134.4c0 6.4 6.4 12.8 12.8 12.8zM496 400H48V80c0-8.84-7.16-16-16-16H16C7.16 64 0 71.16 0 80v336c0 17.67 14.33 32 32 32h464c8.84 0 16-7.16 16-16v-16c0-8.84-7.16-16-16-16zm-387.2-48h22.4c6.4 0 12.8-6.4 12.8-12.8v-70.4c0-6.4-6.4-12.8-12.8-12.8h-22.4c-6.4 0-12.8 6.4-12.8 12.8v70.4c0 6.4 6.4 12.8 12.8 12.8z\" class=\"\"><\/path><\/svg><\/i> <img loading=\"lazy\" decoding=\"async\" width=\"16\" height=\"16\" alt=\"Loading\" src=\"https:\/\/temucotelevision.cl\/web\/wp-content\/plugins\/page-views-count\/ajax-loader-2x.gif\" border=0 \/><\/p>\n<div class=\"pvc_clear\"><\/div>\n<p>Casa Aut\u00f3noma, Arte y Cultura presenta la exposici\u00f3n&nbsp;\u201cMar\u00eda Jos\u00e9 Guti\u00e9rrez, obra pict\u00f3rica\u201d, una muestra que re\u00fane m\u00e1s de 40 trabajos<\/p>\n","protected":false},"author":1,"featured_media":62175,"comment_status":"open","ping_status":"open","sticky":false,"template":"","format":"standard","meta":{"colormag_page_container_layout":"default_layout","colormag_page_sidebar_layout":"default_layout","footnotes":""},"categories":[86],"tags":[314],"class_list":["post-62174","post","type-post","status-publish","format-standard","has-post-thumbnail","hentry","category-panoramas","tag-expo"],"a3_pvc":{"activated":true,"total_views":893,"today_views":6},"_links":{"self":[{"href":"https:\/\/temucotelevision.cl\/web\/wp-json\/wp\/v2\/posts\/62174","targetHints":{"allow":["GET"]}}],"collection":[{"href":"https:\/\/temucotelevision.cl\/web\/wp-json\/wp\/v2\/posts"}],"about":[{"href":"https:\/\/temucotelevision.cl\/web\/wp-json\/wp\/v2\/types\/post"}],"author":[{"embeddable":true,"href":"https:\/\/temucotelevision.cl\/web\/wp-json\/wp\/v2\/users\/1"}],"replies":[{"embeddable":true,"href":"https:\/\/temucotelevision.cl\/web\/wp-json\/wp\/v2\/comments?post=62174"}],"version-history":[{"count":1,"href":"https:\/\/temucotelevision.cl\/web\/wp-json\/wp\/v2\/posts\/62174\/revisions"}],"predecessor-version":[{"id":62177,"href":"https:\/\/temucotelevision.cl\/web\/wp-json\/wp\/v2\/posts\/62174\/revisions\/62177"}],"wp:featuredmedia":[{"embeddable":true,"href":"https:\/\/temucotelevision.cl\/web\/wp-json\/wp\/v2\/media\/62175"}],"wp:attachment":[{"href":"https:\/\/temucotelevision.cl\/web\/wp-json\/wp\/v2\/media?parent=62174"}],"wp:term":[{"taxonomy":"category","embeddable":true,"href":"https:\/\/temucotelevision.cl\/web\/wp-json\/wp\/v2\/categories?post=62174"},{"taxonomy":"post_tag","embeddable":true,"href":"https:\/\/temucotelevision.cl\/web\/wp-json\/wp\/v2\/tags?post=62174"}],"curies":[{"name":"wp","href":"https:\/\/api.w.org\/{rel}","templated":true}]}}