{"id":62171,"date":"2026-04-29T22:01:00","date_gmt":"2026-04-30T01:01:00","guid":{"rendered":"https:\/\/temucotelevision.cl\/web\/?p=62171"},"modified":"2026-04-29T22:01:00","modified_gmt":"2026-04-30T01:01:00","slug":"seremi-del-trabajo-alerta-por-alta-informalidad-en-la-araucania-pese-a-baja-en-la-desocupacion","status":"publish","type":"post","link":"https:\/\/temucotelevision.cl\/web\/2026\/04\/29\/seremi-del-trabajo-alerta-por-alta-informalidad-en-la-araucania-pese-a-baja-en-la-desocupacion\/","title":{"rendered":"Seremi del Trabajo alerta por alta informalidad en La Araucan\u00eda pese a baja en la desocupaci\u00f3n"},"content":{"rendered":"<div class=\"pvc_clear\"><\/div><p id=\"pvc_stats_62171\" class=\"pvc_stats total_only  \" data-element-id=\"62171\" style=\"\"><i class=\"pvc-stats-icon large\" aria-hidden=\"true\"><svg aria-hidden=\"true\" focusable=\"false\" data-prefix=\"far\" data-icon=\"chart-bar\" role=\"img\" xmlns=\"http:\/\/www.w3.org\/2000\/svg\" viewBox=\"0 0 512 512\" class=\"svg-inline--fa fa-chart-bar fa-w-16 fa-2x\"><path fill=\"currentColor\" d=\"M396.8 352h22.4c6.4 0 12.8-6.4 12.8-12.8V108.8c0-6.4-6.4-12.8-12.8-12.8h-22.4c-6.4 0-12.8 6.4-12.8 12.8v230.4c0 6.4 6.4 12.8 12.8 12.8zm-192 0h22.4c6.4 0 12.8-6.4 12.8-12.8V140.8c0-6.4-6.4-12.8-12.8-12.8h-22.4c-6.4 0-12.8 6.4-12.8 12.8v198.4c0 6.4 6.4 12.8 12.8 12.8zm96 0h22.4c6.4 0 12.8-6.4 12.8-12.8V204.8c0-6.4-6.4-12.8-12.8-12.8h-22.4c-6.4 0-12.8 6.4-12.8 12.8v134.4c0 6.4 6.4 12.8 12.8 12.8zM496 400H48V80c0-8.84-7.16-16-16-16H16C7.16 64 0 71.16 0 80v336c0 17.67 14.33 32 32 32h464c8.84 0 16-7.16 16-16v-16c0-8.84-7.16-16-16-16zm-387.2-48h22.4c6.4 0 12.8-6.4 12.8-12.8v-70.4c0-6.4-6.4-12.8-12.8-12.8h-22.4c-6.4 0-12.8 6.4-12.8 12.8v70.4c0 6.4 6.4 12.8 12.8 12.8z\" class=\"\"><\/path><\/svg><\/i> <img loading=\"lazy\" decoding=\"async\" width=\"16\" height=\"16\" alt=\"Loading\" src=\"https:\/\/temucotelevision.cl\/web\/wp-content\/plugins\/page-views-count\/ajax-loader-2x.gif\" border=0 \/><\/p><div class=\"pvc_clear\"><\/div>\n<p>La Secretar\u00eda Regional Ministerial del Trabajo y Previsi\u00f3n Social manifest\u00f3 su preocupaci\u00f3n frente a las cifras del mercado laboral en la Regi\u00f3n de La Araucan\u00eda, dadas a conocer por el Instituto Nacional de Estad\u00edsticas (INE). Si bien los datos muestran una tasa de desocupaci\u00f3n de 7,8% en el trimestre enero \u2013 marzo de 2026 \u2014con una baja de 1,4 puntos porcentuales en doce meses\u2014, tambi\u00e9n evidencian un preocupante aumento de la informalidad laboral.<\/p>\n\n\n\n<p>La autoridad destac\u00f3 que la regi\u00f3n se ubica por debajo del promedio nacional (8,9%) y en niveles similares a los previos a la pandemia, lo que refleja una recuperaci\u00f3n del empleo. Sin embargo, advirti\u00f3 que este avance convive con se\u00f1ales de fragilidad estructural en el mercado laboral regional.<\/p>\n\n\n\n<p>Durante el per\u00edodo, la poblaci\u00f3n ocupada creci\u00f3 en 8.125 personas, alcanzando un total de 452.015. Este aumento fue impulsado principalmente por el empleo femenino, que creci\u00f3 un 3,7% (cerca de 7 mil nuevas ocupaciones), mientras que en los hombres el incremento fue de 0,4%. A nivel sectorial, el dinamismo estuvo marcado por actividades de la salud, ense\u00f1anza y el sector silvoagropecuario y pesca. En contraste, sectores tradicionalmente relevantes como el comercio y el transporte mostraron retrocesos, configurando un escenario at\u00edpico que podr\u00eda impactar el comportamiento futuro del empleo en la regi\u00f3n.<\/p>\n\n\n\n<p>Asimismo, se registr\u00f3 una disminuci\u00f3n de 6.844 personas desocupadas en doce meses, lo que explica junto al aumento en la ocupaci\u00f3n, la baja en la tasa de desempleo en La Araucan\u00eda. Esta ca\u00edda fue m\u00e1s pronunciada en mujeres (-2,5 pp.), cuya tasa se situ\u00f3 en 8,0%, mientras que en los hombres la disminuci\u00f3n fue de 0,6 puntos porcentuales, alcanzando un 7,6%.<\/p>\n\n\n\n<p><strong>Informalidad<\/strong><\/p>\n\n\n\n<p>No obstante, esta mejora en la empleabilidad contrasta con el incremento de la informalidad laboral. La tasa de ocupaci\u00f3n informal lleg\u00f3 a 36,5%, aumentando 0,7 puntos porcentuales en un a\u00f1o y manteniendo a La Araucan\u00eda como la regi\u00f3n con mayor informalidad del pa\u00eds. En t\u00e9rminos absolutos, las personas ocupadas informales crecieron en 6.241, con una fuerte incidencia de mujeres, que aumentaron en 6.043.<\/p>\n\n\n\n<p>El seremi del Trabajo y Previsi\u00f3n Social, Juan Pablo Carrasco, fue enf\u00e1tico en se\u00f1alar:<br>\u201cSi bien valoramos que la regi\u00f3n est\u00e9 bajo la media nacional de desocupaci\u00f3n y que estemos recuperando niveles de empleo previos a la pandemia, no podemos conformarnos con estas cifras. La realidad es que los niveles de informalidad que estamos viendo son derechamente dram\u00e1ticos y reflejan una precarizaci\u00f3n del empleo que no podemos normalizar\u201d.<\/p>\n\n\n\n<p>La autoridad agreg\u00f3:<br>\u201cHoy tenemos m\u00e1s personas trabajando, y especialmente m\u00e1s mujeres incorpor\u00e1ndose al mundo laboral, lo que es una se\u00f1al positiva. Pero no da lo mismo en qu\u00e9 condiciones se trabaja. Hoy muchas de esas mujeres est\u00e1n en la informalidad, sin seguridad social y sin estabilidad. Eso es un problema estructural que debemos enfrentar con urgencia\u201d.<\/p>\n\n\n\n<p>En esa l\u00ednea, el seremi enfatiz\u00f3 la necesidad de fortalecer las pol\u00edticas p\u00fablicas orientadas a la formalizaci\u00f3n:<br>\u201cEste no es solo un dato estad\u00edstico, es una se\u00f1al de alerta clara. Tenemos que redoblar los esfuerzos para que la informalidad baje y avanzar decididamente en generar m\u00e1s empleos formales para las y los trabajadores de La Araucan\u00eda. Ese es el desaf\u00edo central: no solo crear empleo, sino que asegurar que sea un empleo con derechos y con protecci\u00f3n social\u201d.<\/p>\n\n\n\n<p>Finalmente, desde la Seremi del Trabajo y Previsi\u00f3n Social reiteraron el compromiso de seguir impulsando medidas que permitan mejorar la calidad del empleo, fortalecer la formalizaci\u00f3n laboral y reducir las brechas de g\u00e9nero, avanzando hacia un mercado laboral m\u00e1s justo y equitativo en la regi\u00f3n.<\/p>\n","protected":false},"excerpt":{"rendered":"<div class=\"pvc_clear\"><\/div>\n<p id=\"pvc_stats_62171\" class=\"pvc_stats total_only  \" data-element-id=\"62171\" style=\"\"><i class=\"pvc-stats-icon large\" aria-hidden=\"true\"><svg aria-hidden=\"true\" focusable=\"false\" data-prefix=\"far\" data-icon=\"chart-bar\" role=\"img\" xmlns=\"http:\/\/www.w3.org\/2000\/svg\" viewBox=\"0 0 512 512\" class=\"svg-inline--fa fa-chart-bar fa-w-16 fa-2x\"><path fill=\"currentColor\" d=\"M396.8 352h22.4c6.4 0 12.8-6.4 12.8-12.8V108.8c0-6.4-6.4-12.8-12.8-12.8h-22.4c-6.4 0-12.8 6.4-12.8 12.8v230.4c0 6.4 6.4 12.8 12.8 12.8zm-192 0h22.4c6.4 0 12.8-6.4 12.8-12.8V140.8c0-6.4-6.4-12.8-12.8-12.8h-22.4c-6.4 0-12.8 6.4-12.8 12.8v198.4c0 6.4 6.4 12.8 12.8 12.8zm96 0h22.4c6.4 0 12.8-6.4 12.8-12.8V204.8c0-6.4-6.4-12.8-12.8-12.8h-22.4c-6.4 0-12.8 6.4-12.8 12.8v134.4c0 6.4 6.4 12.8 12.8 12.8zM496 400H48V80c0-8.84-7.16-16-16-16H16C7.16 64 0 71.16 0 80v336c0 17.67 14.33 32 32 32h464c8.84 0 16-7.16 16-16v-16c0-8.84-7.16-16-16-16zm-387.2-48h22.4c6.4 0 12.8-6.4 12.8-12.8v-70.4c0-6.4-6.4-12.8-12.8-12.8h-22.4c-6.4 0-12.8 6.4-12.8 12.8v70.4c0 6.4 6.4 12.8 12.8 12.8z\" class=\"\"><\/path><\/svg><\/i> <img loading=\"lazy\" decoding=\"async\" width=\"16\" height=\"16\" alt=\"Loading\" src=\"https:\/\/temucotelevision.cl\/web\/wp-content\/plugins\/page-views-count\/ajax-loader-2x.gif\" border=0 \/><\/p>\n<div class=\"pvc_clear\"><\/div>\n<p>La Secretar\u00eda Regional Ministerial del Trabajo y Previsi\u00f3n Social manifest\u00f3 su preocupaci\u00f3n frente a las cifras del mercado laboral en<\/p>\n","protected":false},"author":1,"featured_media":62172,"comment_status":"open","ping_status":"open","sticky":false,"template":"","format":"standard","meta":{"colormag_page_container_layout":"default_layout","colormag_page_sidebar_layout":"default_layout","footnotes":""},"categories":[14],"tags":[342],"class_list":["post-62171","post","type-post","status-publish","format-standard","has-post-thumbnail","hentry","category-temuco","tag-trabajo"],"a3_pvc":{"activated":true,"total_views":4,"today_views":4},"_links":{"self":[{"href":"https:\/\/temucotelevision.cl\/web\/wp-json\/wp\/v2\/posts\/62171","targetHints":{"allow":["GET"]}}],"collection":[{"href":"https:\/\/temucotelevision.cl\/web\/wp-json\/wp\/v2\/posts"}],"about":[{"href":"https:\/\/temucotelevision.cl\/web\/wp-json\/wp\/v2\/types\/post"}],"author":[{"embeddable":true,"href":"https:\/\/temucotelevision.cl\/web\/wp-json\/wp\/v2\/users\/1"}],"replies":[{"embeddable":true,"href":"https:\/\/temucotelevision.cl\/web\/wp-json\/wp\/v2\/comments?post=62171"}],"version-history":[{"count":1,"href":"https:\/\/temucotelevision.cl\/web\/wp-json\/wp\/v2\/posts\/62171\/revisions"}],"predecessor-version":[{"id":62173,"href":"https:\/\/temucotelevision.cl\/web\/wp-json\/wp\/v2\/posts\/62171\/revisions\/62173"}],"wp:featuredmedia":[{"embeddable":true,"href":"https:\/\/temucotelevision.cl\/web\/wp-json\/wp\/v2\/media\/62172"}],"wp:attachment":[{"href":"https:\/\/temucotelevision.cl\/web\/wp-json\/wp\/v2\/media?parent=62171"}],"wp:term":[{"taxonomy":"category","embeddable":true,"href":"https:\/\/temucotelevision.cl\/web\/wp-json\/wp\/v2\/categories?post=62171"},{"taxonomy":"post_tag","embeddable":true,"href":"https:\/\/temucotelevision.cl\/web\/wp-json\/wp\/v2\/tags?post=62171"}],"curies":[{"name":"wp","href":"https:\/\/api.w.org\/{rel}","templated":true}]}}