{"id":62168,"date":"2026-04-29T21:58:54","date_gmt":"2026-04-30T00:58:54","guid":{"rendered":"https:\/\/temucotelevision.cl\/web\/?p=62168"},"modified":"2026-04-29T21:58:54","modified_gmt":"2026-04-30T00:58:54","slug":"poeta-nacional-thomas-harris-lanza-antologia-la-ciudad-de-los-espejos-tras-obtener-el-premio-nacional-de-poesia-jorge-teillier","status":"publish","type":"post","link":"https:\/\/temucotelevision.cl\/web\/2026\/04\/29\/poeta-nacional-thomas-harris-lanza-antologia-la-ciudad-de-los-espejos-tras-obtener-el-premio-nacional-de-poesia-jorge-teillier\/","title":{"rendered":"Poeta nacional Thomas Harris lanza antolog\u00eda \u201cLa ciudad de los espejos\u201d tras obtener el Premio Nacional de Poes\u00eda Jorge Teillier"},"content":{"rendered":"<div class=\"pvc_clear\"><\/div><p id=\"pvc_stats_62168\" class=\"pvc_stats total_only  \" data-element-id=\"62168\" style=\"\"><i class=\"pvc-stats-icon large\" aria-hidden=\"true\"><svg aria-hidden=\"true\" focusable=\"false\" data-prefix=\"far\" data-icon=\"chart-bar\" role=\"img\" xmlns=\"http:\/\/www.w3.org\/2000\/svg\" viewBox=\"0 0 512 512\" class=\"svg-inline--fa fa-chart-bar fa-w-16 fa-2x\"><path fill=\"currentColor\" d=\"M396.8 352h22.4c6.4 0 12.8-6.4 12.8-12.8V108.8c0-6.4-6.4-12.8-12.8-12.8h-22.4c-6.4 0-12.8 6.4-12.8 12.8v230.4c0 6.4 6.4 12.8 12.8 12.8zm-192 0h22.4c6.4 0 12.8-6.4 12.8-12.8V140.8c0-6.4-6.4-12.8-12.8-12.8h-22.4c-6.4 0-12.8 6.4-12.8 12.8v198.4c0 6.4 6.4 12.8 12.8 12.8zm96 0h22.4c6.4 0 12.8-6.4 12.8-12.8V204.8c0-6.4-6.4-12.8-12.8-12.8h-22.4c-6.4 0-12.8 6.4-12.8 12.8v134.4c0 6.4 6.4 12.8 12.8 12.8zM496 400H48V80c0-8.84-7.16-16-16-16H16C7.16 64 0 71.16 0 80v336c0 17.67 14.33 32 32 32h464c8.84 0 16-7.16 16-16v-16c0-8.84-7.16-16-16-16zm-387.2-48h22.4c6.4 0 12.8-6.4 12.8-12.8v-70.4c0-6.4-6.4-12.8-12.8-12.8h-22.4c-6.4 0-12.8 6.4-12.8 12.8v70.4c0 6.4 6.4 12.8 12.8 12.8z\" class=\"\"><\/path><\/svg><\/i> <img loading=\"lazy\" decoding=\"async\" width=\"16\" height=\"16\" alt=\"Loading\" src=\"https:\/\/temucotelevision.cl\/web\/wp-content\/plugins\/page-views-count\/ajax-loader-2x.gif\" border=0 \/><\/p><div class=\"pvc_clear\"><\/div>\n<p><em>La ceremonia se realizar\u00e1 el mi\u00e9rcoles 6 de mayo, a las 18:00 horas, en el Auditorio Selva Saavedra de la Universidad de La Frontera, con la participaci\u00f3n de Mary Macmillan y del autor.<\/em><\/p>\n\n\n\n<p><em><strong>La ciudad y los espejos<\/strong><\/em>, se denomina la antolog\u00eda que Thomas Harris prepar\u00f3 tras obtener el Premio Nacional de Poes\u00eda Jorge Teillier, iniciativa otorgada al alero de la Universidad de La Frontera. El libro, re\u00fane textos de ocho poemarios publicados durante los \u00faltimos treinta a\u00f1os, incluyendo:<em>&nbsp;Cipango; Los 7 n\u00e1ufragos; Cr\u00f3nicas maravillosas; Tridente; Lobo; La batalla del Ebr(i)o; Unheimlich:<\/em>&nbsp;<em>Poemas de amor, deseo y muerte,<\/em>&nbsp;y&nbsp;<em>La memoria del coraz\u00f3n<\/em>. Adem\u00e1s, el volumen presenta varios poemas in\u00e9ditos escritos m\u00e1s recientemente, agrupados bajo el t\u00edtulo&nbsp;<em>Melmoth por las carreteras<\/em>, que reflejan una etapa m\u00e1s \u00edntima del autor.<\/p>\n\n\n\n<p>Respecto a la publicaci\u00f3n, Harris se\u00f1al\u00f3 que \u201ceste libro es una compilaci\u00f3n de textos que re\u00fane algunos que datan desde 1982 a in\u00e9ditos de los \u00faltimos a\u00f1os. Desde&nbsp;<em>Zonas de peligro<\/em>&nbsp;a un libro -in\u00e9dito a\u00fan- que se titula<em>&nbsp;Melmoth por las carreteras,<\/em>&nbsp;la obra cuenta con el ep\u00edlogo de Niall Beens, una obra m\u00e1s bien personal y muy biogr\u00e1fica a diferencia de los comienzos de mi escritura, que fueron m\u00e1s bien barrocos y sociales. En esta selecci\u00f3n me ayud\u00f3 mucho el Dr. Jos\u00e9 Manuel Rodr\u00edguez, quien ha estudiado muy l\u00facidamente mi poes\u00eda desde hace a\u00f1os\u201d, indic\u00f3 el poeta.<\/p>\n\n\n\n<p>Asimismo, el autor destac\u00f3 el rol de la UFRO, instituci\u00f3n p\u00fablica, estatal y regional que desde 2012 ha impulsado la realizaci\u00f3n del Premio Nacional de Poes\u00eda , se\u00f1alando que \u201clas universidades, sobre todo estatales y regionales, son un garante del desarrollo intelectual del pa\u00eds, un lugar de permanente di\u00e1logo ciudadano y libertad de expresi\u00f3n\u201d, concluy\u00f3 Harris.<\/p>\n\n\n\n<p>Por su parte, la directora de Vinculaci\u00f3n con el Medio, Dra. Paula Astudillo D\u00edaz, manifest\u00f3 que \u201ccomo Universidad de La Frontera valoramos profundamente estas instancias culturales, las que nos permiten acercar la creaci\u00f3n literaria a la comunidad, a la vez que fortalecemos el v\u00ednculo entre la universidad y el territorio. Este lanzamiento no solo pone en valor la trayectoria de Thomas Harris, sino que tambi\u00e9n, reafirma nuestro compromiso con la promoci\u00f3n de las artes, la cultura y el pensamiento cr\u00edtico\u201d, destac\u00f3 Astudillo.<\/p>\n\n\n\n<p>Con m\u00e1s de 15 t\u00edtulos publicados, Thomas Harris se ha consolidado como uno de los autores m\u00e1s destacados de la generaci\u00f3n literaria del 80 en el pa\u00eds. Su poes\u00eda registra los espacios marginales de ciudades desoladas, donde se hace presente la historia, el cine, la ciencia ficci\u00f3n y la cultura pop.<\/p>\n\n\n\n<p>Desde su creaci\u00f3n en 2012, el Premio Nacional de Poes\u00eda Jorge Teillier ha distinguido a las y los poetas Manuel Silva Acevedo, Elicura Chihuailaf, Omar Lara, Elvira Hern\u00e1ndez, Jaime Huen\u00fan Villa y Rosabetty Mu\u00f1oz. Cabe se\u00f1alar que varios de estos autores, posteriormente, han sido distinguidos con el Premio Nacional de Literatura, lo que evidencia su relevancia en el \u00e1mbito literario.<\/p>\n","protected":false},"excerpt":{"rendered":"<div class=\"pvc_clear\"><\/div>\n<p id=\"pvc_stats_62168\" class=\"pvc_stats total_only  \" data-element-id=\"62168\" style=\"\"><i class=\"pvc-stats-icon large\" aria-hidden=\"true\"><svg aria-hidden=\"true\" focusable=\"false\" data-prefix=\"far\" data-icon=\"chart-bar\" role=\"img\" xmlns=\"http:\/\/www.w3.org\/2000\/svg\" viewBox=\"0 0 512 512\" class=\"svg-inline--fa fa-chart-bar fa-w-16 fa-2x\"><path fill=\"currentColor\" d=\"M396.8 352h22.4c6.4 0 12.8-6.4 12.8-12.8V108.8c0-6.4-6.4-12.8-12.8-12.8h-22.4c-6.4 0-12.8 6.4-12.8 12.8v230.4c0 6.4 6.4 12.8 12.8 12.8zm-192 0h22.4c6.4 0 12.8-6.4 12.8-12.8V140.8c0-6.4-6.4-12.8-12.8-12.8h-22.4c-6.4 0-12.8 6.4-12.8 12.8v198.4c0 6.4 6.4 12.8 12.8 12.8zm96 0h22.4c6.4 0 12.8-6.4 12.8-12.8V204.8c0-6.4-6.4-12.8-12.8-12.8h-22.4c-6.4 0-12.8 6.4-12.8 12.8v134.4c0 6.4 6.4 12.8 12.8 12.8zM496 400H48V80c0-8.84-7.16-16-16-16H16C7.16 64 0 71.16 0 80v336c0 17.67 14.33 32 32 32h464c8.84 0 16-7.16 16-16v-16c0-8.84-7.16-16-16-16zm-387.2-48h22.4c6.4 0 12.8-6.4 12.8-12.8v-70.4c0-6.4-6.4-12.8-12.8-12.8h-22.4c-6.4 0-12.8 6.4-12.8 12.8v70.4c0 6.4 6.4 12.8 12.8 12.8z\" class=\"\"><\/path><\/svg><\/i> <img loading=\"lazy\" decoding=\"async\" width=\"16\" height=\"16\" alt=\"Loading\" src=\"https:\/\/temucotelevision.cl\/web\/wp-content\/plugins\/page-views-count\/ajax-loader-2x.gif\" border=0 \/><\/p>\n<div class=\"pvc_clear\"><\/div>\n<p>La ceremonia se realizar\u00e1 el mi\u00e9rcoles 6 de mayo, a las 18:00 horas, en el Auditorio Selva Saavedra de la<\/p>\n","protected":false},"author":1,"featured_media":62169,"comment_status":"open","ping_status":"open","sticky":false,"template":"","format":"standard","meta":{"colormag_page_container_layout":"default_layout","colormag_page_sidebar_layout":"default_layout","footnotes":""},"categories":[101],"tags":[6605],"class_list":["post-62168","post","type-post","status-publish","format-standard","has-post-thumbnail","hentry","category-actualidad","tag-poeta"],"a3_pvc":{"activated":true,"total_views":1358,"today_views":4},"_links":{"self":[{"href":"https:\/\/temucotelevision.cl\/web\/wp-json\/wp\/v2\/posts\/62168","targetHints":{"allow":["GET"]}}],"collection":[{"href":"https:\/\/temucotelevision.cl\/web\/wp-json\/wp\/v2\/posts"}],"about":[{"href":"https:\/\/temucotelevision.cl\/web\/wp-json\/wp\/v2\/types\/post"}],"author":[{"embeddable":true,"href":"https:\/\/temucotelevision.cl\/web\/wp-json\/wp\/v2\/users\/1"}],"replies":[{"embeddable":true,"href":"https:\/\/temucotelevision.cl\/web\/wp-json\/wp\/v2\/comments?post=62168"}],"version-history":[{"count":1,"href":"https:\/\/temucotelevision.cl\/web\/wp-json\/wp\/v2\/posts\/62168\/revisions"}],"predecessor-version":[{"id":62170,"href":"https:\/\/temucotelevision.cl\/web\/wp-json\/wp\/v2\/posts\/62168\/revisions\/62170"}],"wp:featuredmedia":[{"embeddable":true,"href":"https:\/\/temucotelevision.cl\/web\/wp-json\/wp\/v2\/media\/62169"}],"wp:attachment":[{"href":"https:\/\/temucotelevision.cl\/web\/wp-json\/wp\/v2\/media?parent=62168"}],"wp:term":[{"taxonomy":"category","embeddable":true,"href":"https:\/\/temucotelevision.cl\/web\/wp-json\/wp\/v2\/categories?post=62168"},{"taxonomy":"post_tag","embeddable":true,"href":"https:\/\/temucotelevision.cl\/web\/wp-json\/wp\/v2\/tags?post=62168"}],"curies":[{"name":"wp","href":"https:\/\/api.w.org\/{rel}","templated":true}]}}