{"id":62165,"date":"2026-04-29T21:56:16","date_gmt":"2026-04-30T00:56:16","guid":{"rendered":"https:\/\/temucotelevision.cl\/web\/?p=62165"},"modified":"2026-04-29T21:56:16","modified_gmt":"2026-04-30T00:56:16","slug":"medio-siglo-al-volante-de-los-carrobombas-temuco-homenajea-a-francisco-molina-por-sus-50-anos-como-cuartelero","status":"publish","type":"post","link":"https:\/\/temucotelevision.cl\/web\/2026\/04\/29\/medio-siglo-al-volante-de-los-carrobombas-temuco-homenajea-a-francisco-molina-por-sus-50-anos-como-cuartelero\/","title":{"rendered":"Medio siglo al volante de los carrobombas: Temuco homenajea a Francisco Molina por sus 50 a\u00f1os como cuartelero"},"content":{"rendered":"<div class=\"pvc_clear\"><\/div><p id=\"pvc_stats_62165\" class=\"pvc_stats total_only  \" data-element-id=\"62165\" style=\"\"><i class=\"pvc-stats-icon large\" aria-hidden=\"true\"><svg aria-hidden=\"true\" focusable=\"false\" data-prefix=\"far\" data-icon=\"chart-bar\" role=\"img\" xmlns=\"http:\/\/www.w3.org\/2000\/svg\" viewBox=\"0 0 512 512\" class=\"svg-inline--fa fa-chart-bar fa-w-16 fa-2x\"><path fill=\"currentColor\" d=\"M396.8 352h22.4c6.4 0 12.8-6.4 12.8-12.8V108.8c0-6.4-6.4-12.8-12.8-12.8h-22.4c-6.4 0-12.8 6.4-12.8 12.8v230.4c0 6.4 6.4 12.8 12.8 12.8zm-192 0h22.4c6.4 0 12.8-6.4 12.8-12.8V140.8c0-6.4-6.4-12.8-12.8-12.8h-22.4c-6.4 0-12.8 6.4-12.8 12.8v198.4c0 6.4 6.4 12.8 12.8 12.8zm96 0h22.4c6.4 0 12.8-6.4 12.8-12.8V204.8c0-6.4-6.4-12.8-12.8-12.8h-22.4c-6.4 0-12.8 6.4-12.8 12.8v134.4c0 6.4 6.4 12.8 12.8 12.8zM496 400H48V80c0-8.84-7.16-16-16-16H16C7.16 64 0 71.16 0 80v336c0 17.67 14.33 32 32 32h464c8.84 0 16-7.16 16-16v-16c0-8.84-7.16-16-16-16zm-387.2-48h22.4c6.4 0 12.8-6.4 12.8-12.8v-70.4c0-6.4-6.4-12.8-12.8-12.8h-22.4c-6.4 0-12.8 6.4-12.8 12.8v70.4c0 6.4 6.4 12.8 12.8 12.8z\" class=\"\"><\/path><\/svg><\/i> <img loading=\"lazy\" decoding=\"async\" width=\"16\" height=\"16\" alt=\"Loading\" src=\"https:\/\/temucotelevision.cl\/web\/wp-content\/plugins\/page-views-count\/ajax-loader-2x.gif\" border=0 \/><\/p><div class=\"pvc_clear\"><\/div>\n<p>En una emotiva ceremonia realizada en su despacho, el alcalde de Temuco, Roberto Neira, entreg\u00f3 un reconocimiento oficial a Francisco Molina S\u00e1nchez, quien cumpli\u00f3 cinco d\u00e9cadas de servicio ininterrumpido en la S\u00e9ptima Compa\u00f1\u00eda de Bomberos. El homenaje resalt\u00f3 la figura de este funcionario, cuya labor en el cuartel de Avenida San Mart\u00edn casi llegando a Andes ha sido fundamental para la operatividad de la unidad y la seguridad de los vecinos del sector.<\/p>\n\n\n\n<p>El alcalde Neira subray\u00f3 que la labor del cuartelero es una pieza clave dentro del engranaje de Bomberos, ya que, a diferencia de los voluntarios, son funcionarios contratados, responsables directos de la conducci\u00f3n y el mantenimiento de las m\u00e1quinas. Durante el encuentro, la autoridad destac\u00f3 que el compromiso de Molina ha trascendido lo laboral para convertirse en un legado familiar, transform\u00e1ndose en un ejemplo que hoy siguen sus hijos y nietos, quienes tambi\u00e9n se han integrado a las filas de la instituci\u00f3n motivados por su testimonio de servicio p\u00fablico.<\/p>\n\n\n\n<p><strong>\u00abPara m\u00ed es algo nuevo porque no pensaba que recibir\u00eda un homenaje por mi trabajo. Es primera vez que la municipalidad me hace un reconocimiento, as\u00ed que estoy contento y me queda un buen recuerdo de estos 50 a\u00f1os siendo el m\u00e1s antiguo de todos los cuarteleros de Temuco\u00bb<\/strong>, expres\u00f3 el funcionario con evidente emoci\u00f3n.<\/p>\n\n\n\n<p>Francisco Molina record\u00f3 sus inicios cuando lleg\u00f3 desde Vi\u00f1a del Mar a una compa\u00f1\u00eda que en ese entonces se encontraba en los l\u00edmites urbanos de la ciudad, rodeada de campos. En aquellos a\u00f1os, el r\u00e9gimen de trabajo era de dedicaci\u00f3n absoluta, pues los cuarteleros deb\u00edan residir en el mismo edificio y mantenerse operativos las 24 horas del d\u00eda durante toda la semana. Esta realidad, que solo cambi\u00f3 recientemente con la incorporaci\u00f3n de nuevas leyes laborales, convirti\u00f3 a Molina en un testigo privilegiado del crecimiento de la S\u00e9ptima Compa\u00f1\u00eda, la cual pas\u00f3 de tener un solo carro a contar con tres modernas unidades.<\/p>\n\n\n\n<p><strong>HERIDO EN SERVICIO<\/strong><\/p>\n\n\n\n<p>Entre las vivencias que marcaron su trayectoria, Molina relat\u00f3 con humildad un grave accidente sufrido en 1983 durante un incendio en un edificio de la Avenida Alemania. En aquella oportunidad, al intentar trasladar un cilindro de gas inflamado y proteger a dos bomberos reci\u00e9n ingresados, cedi\u00f3 sus propios guantes de seguridad a uno de los voluntarios, momento en que el recipiente se prendi\u00f3 con violencia, lo que le provoc\u00f3 severas quemaduras en las manos y el cabello. Este acto de abnegaci\u00f3n lo mantuvo internado durante un mes en una cl\u00ednica local para lograr recuperarse y otro mes para la rehabilitaci\u00f3n de sus extremidades, episodio que hoy recuerda como el pasaje m\u00e1s serio de su carrera en Bomberos.<\/p>\n\n\n\n<p>Actualmente, el homenajeado dice disfrutar de un presente m\u00e1s tranquilo gracias a la regulaci\u00f3n de los turnos y el respeto a los tiempos de descanso, lo que le permite compartir m\u00e1s con su extensa familia de bomberos. Con dos hijos, dos nietas y varios descendientes m\u00e1s en proceso de formaci\u00f3n dentro de la misma compa\u00f1\u00eda, Francisco Molina S\u00e1nchez se mantiene como el cuartelero m\u00e1s antiguo de Temuco, consolidando una tradici\u00f3n de sacrificio y entrega que ha dejado una huella en la historia del Cuerpo de Bomberos de Temuco.<\/p>\n","protected":false},"excerpt":{"rendered":"<div class=\"pvc_clear\"><\/div>\n<p id=\"pvc_stats_62165\" class=\"pvc_stats total_only  \" data-element-id=\"62165\" style=\"\"><i class=\"pvc-stats-icon large\" aria-hidden=\"true\"><svg aria-hidden=\"true\" focusable=\"false\" data-prefix=\"far\" data-icon=\"chart-bar\" role=\"img\" xmlns=\"http:\/\/www.w3.org\/2000\/svg\" viewBox=\"0 0 512 512\" class=\"svg-inline--fa fa-chart-bar fa-w-16 fa-2x\"><path fill=\"currentColor\" d=\"M396.8 352h22.4c6.4 0 12.8-6.4 12.8-12.8V108.8c0-6.4-6.4-12.8-12.8-12.8h-22.4c-6.4 0-12.8 6.4-12.8 12.8v230.4c0 6.4 6.4 12.8 12.8 12.8zm-192 0h22.4c6.4 0 12.8-6.4 12.8-12.8V140.8c0-6.4-6.4-12.8-12.8-12.8h-22.4c-6.4 0-12.8 6.4-12.8 12.8v198.4c0 6.4 6.4 12.8 12.8 12.8zm96 0h22.4c6.4 0 12.8-6.4 12.8-12.8V204.8c0-6.4-6.4-12.8-12.8-12.8h-22.4c-6.4 0-12.8 6.4-12.8 12.8v134.4c0 6.4 6.4 12.8 12.8 12.8zM496 400H48V80c0-8.84-7.16-16-16-16H16C7.16 64 0 71.16 0 80v336c0 17.67 14.33 32 32 32h464c8.84 0 16-7.16 16-16v-16c0-8.84-7.16-16-16-16zm-387.2-48h22.4c6.4 0 12.8-6.4 12.8-12.8v-70.4c0-6.4-6.4-12.8-12.8-12.8h-22.4c-6.4 0-12.8 6.4-12.8 12.8v70.4c0 6.4 6.4 12.8 12.8 12.8z\" class=\"\"><\/path><\/svg><\/i> <img loading=\"lazy\" decoding=\"async\" width=\"16\" height=\"16\" alt=\"Loading\" src=\"https:\/\/temucotelevision.cl\/web\/wp-content\/plugins\/page-views-count\/ajax-loader-2x.gif\" border=0 \/><\/p>\n<div class=\"pvc_clear\"><\/div>\n<p>En una emotiva ceremonia realizada en su despacho, el alcalde de Temuco, Roberto Neira, entreg\u00f3 un reconocimiento oficial a Francisco<\/p>\n","protected":false},"author":1,"featured_media":62166,"comment_status":"open","ping_status":"open","sticky":false,"template":"","format":"standard","meta":{"colormag_page_container_layout":"default_layout","colormag_page_sidebar_layout":"default_layout","footnotes":""},"categories":[14],"tags":[304],"class_list":["post-62165","post","type-post","status-publish","format-standard","has-post-thumbnail","hentry","category-temuco","tag-bomberos"],"a3_pvc":{"activated":true,"total_views":1006,"today_views":3},"_links":{"self":[{"href":"https:\/\/temucotelevision.cl\/web\/wp-json\/wp\/v2\/posts\/62165","targetHints":{"allow":["GET"]}}],"collection":[{"href":"https:\/\/temucotelevision.cl\/web\/wp-json\/wp\/v2\/posts"}],"about":[{"href":"https:\/\/temucotelevision.cl\/web\/wp-json\/wp\/v2\/types\/post"}],"author":[{"embeddable":true,"href":"https:\/\/temucotelevision.cl\/web\/wp-json\/wp\/v2\/users\/1"}],"replies":[{"embeddable":true,"href":"https:\/\/temucotelevision.cl\/web\/wp-json\/wp\/v2\/comments?post=62165"}],"version-history":[{"count":1,"href":"https:\/\/temucotelevision.cl\/web\/wp-json\/wp\/v2\/posts\/62165\/revisions"}],"predecessor-version":[{"id":62167,"href":"https:\/\/temucotelevision.cl\/web\/wp-json\/wp\/v2\/posts\/62165\/revisions\/62167"}],"wp:featuredmedia":[{"embeddable":true,"href":"https:\/\/temucotelevision.cl\/web\/wp-json\/wp\/v2\/media\/62166"}],"wp:attachment":[{"href":"https:\/\/temucotelevision.cl\/web\/wp-json\/wp\/v2\/media?parent=62165"}],"wp:term":[{"taxonomy":"category","embeddable":true,"href":"https:\/\/temucotelevision.cl\/web\/wp-json\/wp\/v2\/categories?post=62165"},{"taxonomy":"post_tag","embeddable":true,"href":"https:\/\/temucotelevision.cl\/web\/wp-json\/wp\/v2\/tags?post=62165"}],"curies":[{"name":"wp","href":"https:\/\/api.w.org\/{rel}","templated":true}]}}