{"id":62162,"date":"2026-04-29T21:53:37","date_gmt":"2026-04-30T00:53:37","guid":{"rendered":"https:\/\/temucotelevision.cl\/web\/?p=62162"},"modified":"2026-04-29T21:53:37","modified_gmt":"2026-04-30T00:53:37","slug":"nadadora-chilena-destaca-en-sudamericano-de-aguas-abiertas-y-trae-dos-medallas-a-la-region","status":"publish","type":"post","link":"https:\/\/temucotelevision.cl\/web\/2026\/04\/29\/nadadora-chilena-destaca-en-sudamericano-de-aguas-abiertas-y-trae-dos-medallas-a-la-region\/","title":{"rendered":"Nadadora chilena destaca en Sudamericano de aguas abiertas y trae dos medallas a la regi\u00f3n"},"content":{"rendered":"<div class=\"pvc_clear\"><\/div><p id=\"pvc_stats_62162\" class=\"pvc_stats total_only  \" data-element-id=\"62162\" style=\"\"><i class=\"pvc-stats-icon large\" aria-hidden=\"true\"><svg aria-hidden=\"true\" focusable=\"false\" data-prefix=\"far\" data-icon=\"chart-bar\" role=\"img\" xmlns=\"http:\/\/www.w3.org\/2000\/svg\" viewBox=\"0 0 512 512\" class=\"svg-inline--fa fa-chart-bar fa-w-16 fa-2x\"><path fill=\"currentColor\" d=\"M396.8 352h22.4c6.4 0 12.8-6.4 12.8-12.8V108.8c0-6.4-6.4-12.8-12.8-12.8h-22.4c-6.4 0-12.8 6.4-12.8 12.8v230.4c0 6.4 6.4 12.8 12.8 12.8zm-192 0h22.4c6.4 0 12.8-6.4 12.8-12.8V140.8c0-6.4-6.4-12.8-12.8-12.8h-22.4c-6.4 0-12.8 6.4-12.8 12.8v198.4c0 6.4 6.4 12.8 12.8 12.8zm96 0h22.4c6.4 0 12.8-6.4 12.8-12.8V204.8c0-6.4-6.4-12.8-12.8-12.8h-22.4c-6.4 0-12.8 6.4-12.8 12.8v134.4c0 6.4 6.4 12.8 12.8 12.8zM496 400H48V80c0-8.84-7.16-16-16-16H16C7.16 64 0 71.16 0 80v336c0 17.67 14.33 32 32 32h464c8.84 0 16-7.16 16-16v-16c0-8.84-7.16-16-16-16zm-387.2-48h22.4c6.4 0 12.8-6.4 12.8-12.8v-70.4c0-6.4-6.4-12.8-12.8-12.8h-22.4c-6.4 0-12.8 6.4-12.8 12.8v70.4c0 6.4 6.4 12.8 12.8 12.8z\" class=\"\"><\/path><\/svg><\/i> <img loading=\"lazy\" decoding=\"async\" width=\"16\" height=\"16\" alt=\"Loading\" src=\"https:\/\/temucotelevision.cl\/web\/wp-content\/plugins\/page-views-count\/ajax-loader-2x.gif\" border=0 \/><\/p><div class=\"pvc_clear\"><\/div>\n<p>\u25cf Con el apoyo de AquaChile, Vanessa Garrido particip\u00f3 en el Campeonato Sudamericano de Deportes Acu\u00e1ticos M\u00e1ster y Pre-M\u00e1ster 2026, realizado en Porto de Galinhas, Brasil, donde logr\u00f3 ubicarse entre las 10 primeras de su categor\u00eda en una exigente competencia marcada por el oleaje y las condiciones del mar.<\/p>\n\n\n\n<p>Con un destacado resultado internacional, la nadadora Vanessa Garrido represent\u00f3 a Chile en el Campeonato Sudamericano de Deportes Acu\u00e1ticos M\u00e1ster y Pre-M\u00e1ster 2026, realizado en Brasil, instancia continental que reuni\u00f3 a deportistas de distintos pa\u00edses y que incluy\u00f3 pruebas de aguas abiertas en el sector de Pontal de Maraca\u00edpe, en Porto de Galinhas.<\/p>\n\n\n\n<p>La competencia de aguas abiertas se desarroll\u00f3 los d\u00edas 18 y 19 de abril, en el marco de uno de los principales eventos sudamericanos de la categor\u00eda, organizado por la Confederaci\u00f3n Sudamericana de Deportes Acu\u00e1ticos. En esta edici\u00f3n, la delegaci\u00f3n chilena tuvo una importante participaci\u00f3n, con 66 nadadores y m\u00e1s de 30 medallas obtenidas durante los primeros d\u00edas del campeonato.<\/p>\n\n\n\n<p>En ese contexto, Vanessa Garrido logr\u00f3 posicionarse entre las 10 primeras de su categor\u00eda y obtuvo dos medallas: una finisher y otra por categor\u00eda, resultado que calific\u00f3 como uno de los hitos m\u00e1s importantes de su trayectoria deportiva.<\/p>\n\n\n\n<p>Tras la competencia, la nadadora destac\u00f3 la dificultad de la prueba y valor\u00f3 el apoyo recibido para concretar su participaci\u00f3n internacional. \u201cPrimero que todo, quiero agradecer profundamente a AquaChile, porque sin su apoyo habr\u00eda sido imposible para m\u00ed asistir a este Sudamericano de aguas abiertas en Brasil. Estoy muy feliz con el resultado; logr\u00e9 posicionarme entre las 10 primeras de mi categor\u00eda y traer dos medallas a la regi\u00f3n, una medalla finisher y otra por categor\u00eda. Fue una competencia muy dura, el mar estaba con bastante oleaje y por momentos sent\u00eda que no avanzaba. Sin duda, ha sido una de las traves\u00edas m\u00e1s dif\u00edciles que me ha tocado enfrentar hasta ahora\u201d, se\u00f1al\u00f3 Vanessa Garrido.<\/p>\n\n\n\n<p>La deportista agreg\u00f3 que este logro tiene un significado especial no solo a nivel personal, sino tambi\u00e9n para su territorio y para el pa\u00eds. \u201cMe voy inmensamente contenta, agradecida y orgullosa de lo logrado. Tambi\u00e9n muy emocionada por todo el cari\u00f1o de la gente que se ha alegrado con este resultado, porque estas medallas no son solo m\u00edas, sino tambi\u00e9n de mi regi\u00f3n y de mi pa\u00eds. Gracias a este resultado, adem\u00e1s, podr\u00eda competir en el Panamericano en Buenos Aires en septiembre, por lo que espero poder seguir avanzando en este camino durante 2026\u201d, coment\u00f3.<\/p>\n\n\n\n<p>La participaci\u00f3n de Vanessa Garrido en esta competencia forma parte de una trayectoria marcada por la disciplina, la perseverancia y el compromiso con el deporte, valores que le han permitido proyectarse en instancias internacionales y abrir nuevas oportunidades para seguir representando a Chile en competencias de alto nivel.<\/p>\n\n\n\n<p>A trav\u00e9s de este apoyo, AquaChile busca contribuir al desarrollo de talentos locales y acompa\u00f1ar iniciativas que promuevan el deporte, la vida saludable y la proyecci\u00f3n de representantes regionales en escenarios nacionales e internacionales.<\/p>\n","protected":false},"excerpt":{"rendered":"<div class=\"pvc_clear\"><\/div>\n<p id=\"pvc_stats_62162\" class=\"pvc_stats total_only  \" data-element-id=\"62162\" style=\"\"><i class=\"pvc-stats-icon large\" aria-hidden=\"true\"><svg aria-hidden=\"true\" focusable=\"false\" data-prefix=\"far\" data-icon=\"chart-bar\" role=\"img\" xmlns=\"http:\/\/www.w3.org\/2000\/svg\" viewBox=\"0 0 512 512\" class=\"svg-inline--fa fa-chart-bar fa-w-16 fa-2x\"><path fill=\"currentColor\" d=\"M396.8 352h22.4c6.4 0 12.8-6.4 12.8-12.8V108.8c0-6.4-6.4-12.8-12.8-12.8h-22.4c-6.4 0-12.8 6.4-12.8 12.8v230.4c0 6.4 6.4 12.8 12.8 12.8zm-192 0h22.4c6.4 0 12.8-6.4 12.8-12.8V140.8c0-6.4-6.4-12.8-12.8-12.8h-22.4c-6.4 0-12.8 6.4-12.8 12.8v198.4c0 6.4 6.4 12.8 12.8 12.8zm96 0h22.4c6.4 0 12.8-6.4 12.8-12.8V204.8c0-6.4-6.4-12.8-12.8-12.8h-22.4c-6.4 0-12.8 6.4-12.8 12.8v134.4c0 6.4 6.4 12.8 12.8 12.8zM496 400H48V80c0-8.84-7.16-16-16-16H16C7.16 64 0 71.16 0 80v336c0 17.67 14.33 32 32 32h464c8.84 0 16-7.16 16-16v-16c0-8.84-7.16-16-16-16zm-387.2-48h22.4c6.4 0 12.8-6.4 12.8-12.8v-70.4c0-6.4-6.4-12.8-12.8-12.8h-22.4c-6.4 0-12.8 6.4-12.8 12.8v70.4c0 6.4 6.4 12.8 12.8 12.8z\" class=\"\"><\/path><\/svg><\/i> <img loading=\"lazy\" decoding=\"async\" width=\"16\" height=\"16\" alt=\"Loading\" src=\"https:\/\/temucotelevision.cl\/web\/wp-content\/plugins\/page-views-count\/ajax-loader-2x.gif\" border=0 \/><\/p>\n<div class=\"pvc_clear\"><\/div>\n<p>\u25cf Con el apoyo de AquaChile, Vanessa Garrido particip\u00f3 en el Campeonato Sudamericano de Deportes Acu\u00e1ticos M\u00e1ster y Pre-M\u00e1ster 2026,<\/p>\n","protected":false},"author":1,"featured_media":62163,"comment_status":"open","ping_status":"open","sticky":false,"template":"","format":"standard","meta":{"colormag_page_container_layout":"default_layout","colormag_page_sidebar_layout":"default_layout","footnotes":""},"categories":[101],"tags":[7352],"class_list":["post-62162","post","type-post","status-publish","format-standard","has-post-thumbnail","hentry","category-actualidad","tag-nadadora"],"a3_pvc":{"activated":true,"total_views":908,"today_views":6},"_links":{"self":[{"href":"https:\/\/temucotelevision.cl\/web\/wp-json\/wp\/v2\/posts\/62162","targetHints":{"allow":["GET"]}}],"collection":[{"href":"https:\/\/temucotelevision.cl\/web\/wp-json\/wp\/v2\/posts"}],"about":[{"href":"https:\/\/temucotelevision.cl\/web\/wp-json\/wp\/v2\/types\/post"}],"author":[{"embeddable":true,"href":"https:\/\/temucotelevision.cl\/web\/wp-json\/wp\/v2\/users\/1"}],"replies":[{"embeddable":true,"href":"https:\/\/temucotelevision.cl\/web\/wp-json\/wp\/v2\/comments?post=62162"}],"version-history":[{"count":1,"href":"https:\/\/temucotelevision.cl\/web\/wp-json\/wp\/v2\/posts\/62162\/revisions"}],"predecessor-version":[{"id":62164,"href":"https:\/\/temucotelevision.cl\/web\/wp-json\/wp\/v2\/posts\/62162\/revisions\/62164"}],"wp:featuredmedia":[{"embeddable":true,"href":"https:\/\/temucotelevision.cl\/web\/wp-json\/wp\/v2\/media\/62163"}],"wp:attachment":[{"href":"https:\/\/temucotelevision.cl\/web\/wp-json\/wp\/v2\/media?parent=62162"}],"wp:term":[{"taxonomy":"category","embeddable":true,"href":"https:\/\/temucotelevision.cl\/web\/wp-json\/wp\/v2\/categories?post=62162"},{"taxonomy":"post_tag","embeddable":true,"href":"https:\/\/temucotelevision.cl\/web\/wp-json\/wp\/v2\/tags?post=62162"}],"curies":[{"name":"wp","href":"https:\/\/api.w.org\/{rel}","templated":true}]}}