{"id":62152,"date":"2026-04-27T20:01:59","date_gmt":"2026-04-27T23:01:59","guid":{"rendered":"https:\/\/temucotelevision.cl\/web\/?p=62152"},"modified":"2026-04-27T20:01:59","modified_gmt":"2026-04-27T23:01:59","slug":"temuco-rinde-homenaje-a-martires-de-carabineros-en-su-99-aniversario-institucional","status":"publish","type":"post","link":"https:\/\/temucotelevision.cl\/web\/2026\/04\/27\/temuco-rinde-homenaje-a-martires-de-carabineros-en-su-99-aniversario-institucional\/","title":{"rendered":"Temuco rinde homenaje a m\u00e1rtires de Carabineros en su 99\u00b0 aniversario institucional"},"content":{"rendered":"<div class=\"pvc_clear\"><\/div><p id=\"pvc_stats_62152\" class=\"pvc_stats total_only  \" data-element-id=\"62152\" style=\"\"><i class=\"pvc-stats-icon large\" aria-hidden=\"true\"><svg aria-hidden=\"true\" focusable=\"false\" data-prefix=\"far\" data-icon=\"chart-bar\" role=\"img\" xmlns=\"http:\/\/www.w3.org\/2000\/svg\" viewBox=\"0 0 512 512\" class=\"svg-inline--fa fa-chart-bar fa-w-16 fa-2x\"><path fill=\"currentColor\" d=\"M396.8 352h22.4c6.4 0 12.8-6.4 12.8-12.8V108.8c0-6.4-6.4-12.8-12.8-12.8h-22.4c-6.4 0-12.8 6.4-12.8 12.8v230.4c0 6.4 6.4 12.8 12.8 12.8zm-192 0h22.4c6.4 0 12.8-6.4 12.8-12.8V140.8c0-6.4-6.4-12.8-12.8-12.8h-22.4c-6.4 0-12.8 6.4-12.8 12.8v198.4c0 6.4 6.4 12.8 12.8 12.8zm96 0h22.4c6.4 0 12.8-6.4 12.8-12.8V204.8c0-6.4-6.4-12.8-12.8-12.8h-22.4c-6.4 0-12.8 6.4-12.8 12.8v134.4c0 6.4 6.4 12.8 12.8 12.8zM496 400H48V80c0-8.84-7.16-16-16-16H16C7.16 64 0 71.16 0 80v336c0 17.67 14.33 32 32 32h464c8.84 0 16-7.16 16-16v-16c0-8.84-7.16-16-16-16zm-387.2-48h22.4c6.4 0 12.8-6.4 12.8-12.8v-70.4c0-6.4-6.4-12.8-12.8-12.8h-22.4c-6.4 0-12.8 6.4-12.8 12.8v70.4c0 6.4 6.4 12.8 12.8 12.8z\" class=\"\"><\/path><\/svg><\/i> <img loading=\"lazy\" decoding=\"async\" width=\"16\" height=\"16\" alt=\"Loading\" src=\"https:\/\/temucotelevision.cl\/web\/wp-content\/plugins\/page-views-count\/ajax-loader-2x.gif\" border=0 \/><\/p><div class=\"pvc_clear\"><\/div>\n<p><em><strong>En el marco del 99\u00b0 aniversario de Carabineros de Chile, la Municipalidad de Temuco realiz\u00f3 un emotivo homenaje a los m\u00e1rtires de la instituci\u00f3n en la 8\u00aa Comisar\u00eda, destacando su legado y reafirmando el compromiso con la seguridad y el reconocimiento a su labor.<\/strong><\/em><\/p>\n\n\n\n<p>En el marco del 99\u00b0 aniversario de Carabineros de Chile, la Municipalidad de Temuco realiz\u00f3 un homenaje a los m\u00e1rtires de la instituci\u00f3n frente a la 8\u00aa Comisar\u00eda, ubicada en el sector Barrio Ingl\u00e9s.<\/p>\n\n\n\n<p>La ceremonia, de car\u00e1cter solemne y reflexivo, fue encabezada por el alcalde Roberto Neira, junto a la mayor Gabriela Berrios, jefa de operaciones de la unidad, y cont\u00f3 con la participaci\u00f3n de integrantes del concejo municipal y funcionarios policiales.<\/p>\n\n\n\n<p>Durante la actividad se destac\u00f3 el valor del servicio policial y el sacrificio de quienes han perdido la vida en el cumplimiento de su deber, en un acto que busc\u00f3 relevar la memoria institucional y el compromiso con la seguridad de la comunidad.<\/p>\n\n\n\n<p>El alcalde Roberto Neira valor\u00f3 la instancia como una tradici\u00f3n que refuerza el v\u00ednculo entre el municipio y la instituci\u00f3n: \u201cComo Concejo Municipal hemos establecido esta tradici\u00f3n de rendir homenaje a los m\u00e1rtires en el aniversario de Carabineros, como una forma de reconocimiento y agradecimiento en nombre de toda la ciudad\u201d, se\u00f1al\u00f3.<\/p>\n\n\n\n<p>Por su parte, la mayor Gabriela Berrios destac\u00f3 el significado de la conmemoraci\u00f3n para la instituci\u00f3n. \u201cEste es un d\u00eda especial para nosotros, que nos invita a reflexionar sobre nuestra labor y a renovar nuestro compromiso con la comunidad y su seguridad\u201d, indic\u00f3.<\/p>\n\n\n\n<p>En la ceremonia tambi\u00e9n particip\u00f3 la concejala Micaela Becker, quien valor\u00f3 el trabajo de la instituci\u00f3n en el territorio. \u201cSentimos orgullo y creemos que es importante respaldar la labor de Carabineros; en lo personal, me emociona porque he visto de cerca su trabajo y compromiso en la regi\u00f3n\u201d, expres\u00f3.<\/p>\n\n\n\n<p>La actividad se enmarca en las distintas acciones conmemorativas desarrolladas en la comuna para relevar el rol de Carabineros y su aporte a la seguridad p\u00fablica.<\/p>\n","protected":false},"excerpt":{"rendered":"<div class=\"pvc_clear\"><\/div>\n<p id=\"pvc_stats_62152\" class=\"pvc_stats total_only  \" data-element-id=\"62152\" style=\"\"><i class=\"pvc-stats-icon large\" aria-hidden=\"true\"><svg aria-hidden=\"true\" focusable=\"false\" data-prefix=\"far\" data-icon=\"chart-bar\" role=\"img\" xmlns=\"http:\/\/www.w3.org\/2000\/svg\" viewBox=\"0 0 512 512\" class=\"svg-inline--fa fa-chart-bar fa-w-16 fa-2x\"><path fill=\"currentColor\" d=\"M396.8 352h22.4c6.4 0 12.8-6.4 12.8-12.8V108.8c0-6.4-6.4-12.8-12.8-12.8h-22.4c-6.4 0-12.8 6.4-12.8 12.8v230.4c0 6.4 6.4 12.8 12.8 12.8zm-192 0h22.4c6.4 0 12.8-6.4 12.8-12.8V140.8c0-6.4-6.4-12.8-12.8-12.8h-22.4c-6.4 0-12.8 6.4-12.8 12.8v198.4c0 6.4 6.4 12.8 12.8 12.8zm96 0h22.4c6.4 0 12.8-6.4 12.8-12.8V204.8c0-6.4-6.4-12.8-12.8-12.8h-22.4c-6.4 0-12.8 6.4-12.8 12.8v134.4c0 6.4 6.4 12.8 12.8 12.8zM496 400H48V80c0-8.84-7.16-16-16-16H16C7.16 64 0 71.16 0 80v336c0 17.67 14.33 32 32 32h464c8.84 0 16-7.16 16-16v-16c0-8.84-7.16-16-16-16zm-387.2-48h22.4c6.4 0 12.8-6.4 12.8-12.8v-70.4c0-6.4-6.4-12.8-12.8-12.8h-22.4c-6.4 0-12.8 6.4-12.8 12.8v70.4c0 6.4 6.4 12.8 12.8 12.8z\" class=\"\"><\/path><\/svg><\/i> <img loading=\"lazy\" decoding=\"async\" width=\"16\" height=\"16\" alt=\"Loading\" src=\"https:\/\/temucotelevision.cl\/web\/wp-content\/plugins\/page-views-count\/ajax-loader-2x.gif\" border=0 \/><\/p>\n<div class=\"pvc_clear\"><\/div>\n<p>En el marco del 99\u00b0 aniversario de Carabineros de Chile, la Municipalidad de Temuco realiz\u00f3 un emotivo homenaje a los<\/p>\n","protected":false},"author":1,"featured_media":62153,"comment_status":"open","ping_status":"open","sticky":false,"template":"","format":"standard","meta":{"colormag_page_container_layout":"default_layout","colormag_page_sidebar_layout":"default_layout","footnotes":""},"categories":[14],"tags":[125],"class_list":["post-62152","post","type-post","status-publish","format-standard","has-post-thumbnail","hentry","category-temuco","tag-carabineros"],"a3_pvc":{"activated":true,"total_views":2417,"today_views":6},"_links":{"self":[{"href":"https:\/\/temucotelevision.cl\/web\/wp-json\/wp\/v2\/posts\/62152","targetHints":{"allow":["GET"]}}],"collection":[{"href":"https:\/\/temucotelevision.cl\/web\/wp-json\/wp\/v2\/posts"}],"about":[{"href":"https:\/\/temucotelevision.cl\/web\/wp-json\/wp\/v2\/types\/post"}],"author":[{"embeddable":true,"href":"https:\/\/temucotelevision.cl\/web\/wp-json\/wp\/v2\/users\/1"}],"replies":[{"embeddable":true,"href":"https:\/\/temucotelevision.cl\/web\/wp-json\/wp\/v2\/comments?post=62152"}],"version-history":[{"count":1,"href":"https:\/\/temucotelevision.cl\/web\/wp-json\/wp\/v2\/posts\/62152\/revisions"}],"predecessor-version":[{"id":62154,"href":"https:\/\/temucotelevision.cl\/web\/wp-json\/wp\/v2\/posts\/62152\/revisions\/62154"}],"wp:featuredmedia":[{"embeddable":true,"href":"https:\/\/temucotelevision.cl\/web\/wp-json\/wp\/v2\/media\/62153"}],"wp:attachment":[{"href":"https:\/\/temucotelevision.cl\/web\/wp-json\/wp\/v2\/media?parent=62152"}],"wp:term":[{"taxonomy":"category","embeddable":true,"href":"https:\/\/temucotelevision.cl\/web\/wp-json\/wp\/v2\/categories?post=62152"},{"taxonomy":"post_tag","embeddable":true,"href":"https:\/\/temucotelevision.cl\/web\/wp-json\/wp\/v2\/tags?post=62152"}],"curies":[{"name":"wp","href":"https:\/\/api.w.org\/{rel}","templated":true}]}}