{"id":62149,"date":"2026-04-27T19:53:38","date_gmt":"2026-04-27T22:53:38","guid":{"rendered":"https:\/\/temucotelevision.cl\/web\/?p=62149"},"modified":"2026-04-27T19:53:38","modified_gmt":"2026-04-27T22:53:38","slug":"gobierno-regional-lanza-programa-para-modernizar-transporte-publico-y-no-depender-de-combustibles-fosiles","status":"publish","type":"post","link":"https:\/\/temucotelevision.cl\/web\/2026\/04\/27\/gobierno-regional-lanza-programa-para-modernizar-transporte-publico-y-no-depender-de-combustibles-fosiles\/","title":{"rendered":"Gobierno Regional lanza programa para modernizar transporte p\u00fablico y no depender de combustibles f\u00f3siles\u00a0"},"content":{"rendered":"<div class=\"pvc_clear\"><\/div><p id=\"pvc_stats_62149\" class=\"pvc_stats total_only  \" data-element-id=\"62149\" style=\"\"><i class=\"pvc-stats-icon large\" aria-hidden=\"true\"><svg aria-hidden=\"true\" focusable=\"false\" data-prefix=\"far\" data-icon=\"chart-bar\" role=\"img\" xmlns=\"http:\/\/www.w3.org\/2000\/svg\" viewBox=\"0 0 512 512\" class=\"svg-inline--fa fa-chart-bar fa-w-16 fa-2x\"><path fill=\"currentColor\" d=\"M396.8 352h22.4c6.4 0 12.8-6.4 12.8-12.8V108.8c0-6.4-6.4-12.8-12.8-12.8h-22.4c-6.4 0-12.8 6.4-12.8 12.8v230.4c0 6.4 6.4 12.8 12.8 12.8zm-192 0h22.4c6.4 0 12.8-6.4 12.8-12.8V140.8c0-6.4-6.4-12.8-12.8-12.8h-22.4c-6.4 0-12.8 6.4-12.8 12.8v198.4c0 6.4 6.4 12.8 12.8 12.8zm96 0h22.4c6.4 0 12.8-6.4 12.8-12.8V204.8c0-6.4-6.4-12.8-12.8-12.8h-22.4c-6.4 0-12.8 6.4-12.8 12.8v134.4c0 6.4 6.4 12.8 12.8 12.8zM496 400H48V80c0-8.84-7.16-16-16-16H16C7.16 64 0 71.16 0 80v336c0 17.67 14.33 32 32 32h464c8.84 0 16-7.16 16-16v-16c0-8.84-7.16-16-16-16zm-387.2-48h22.4c6.4 0 12.8-6.4 12.8-12.8v-70.4c0-6.4-6.4-12.8-12.8-12.8h-22.4c-6.4 0-12.8 6.4-12.8 12.8v70.4c0 6.4 6.4 12.8 12.8 12.8z\" class=\"\"><\/path><\/svg><\/i> <img loading=\"lazy\" decoding=\"async\" width=\"16\" height=\"16\" alt=\"Loading\" src=\"https:\/\/temucotelevision.cl\/web\/wp-content\/plugins\/page-views-count\/ajax-loader-2x.gif\" border=0 \/><\/p><div class=\"pvc_clear\"><\/div>\n<p><em>El programa se ejecuta en coordinaci\u00f3n con el Ministerio de Transportes y Telecomunicaciones.<\/em><\/p>\n\n\n\n<p><a><\/a>Con el objetivo de modernizar el transporte p\u00fablico y avanzar hacia un sistema m\u00e1s eficiente y sustentable, el Gobierno de La Araucan\u00eda dio inicio al Programa Especial de Renovaci\u00f3n de Buses, Minibuses, Trolebuses y Taxibuses el\u00e9ctricos para el periodo 2026-2027, iniciativa que contempla una inversi\u00f3n superior a los $9 mil millones.<\/p>\n\n\n\n<p>El programa \u2014que se ejecuta en coordinaci\u00f3n con el Ministerio de Transportes y Telecomunicaciones\u2014 est\u00e1 dirigido a propietarios y operadores de transporte p\u00fablico mayor de La Araucan\u00eda, tanto urbano como rural, y busca reemplazar veh\u00edculos antiguos, tipo convencionales y de combusti\u00f3n interna, por unidades el\u00e9ctricas m\u00e1s modernas, seguras, con menor emisi\u00f3n de ruido, eliminaci\u00f3n de residuos contaminantes y que proyecten entornos urbanos m\u00e1s saludables.<\/p>\n\n\n\n<p>El Gobernador Regional, Ren\u00e9 Saffirio, destac\u00f3 el impacto que tendr\u00e1 esta pol\u00edtica p\u00fablica en la calidad de vida de los usuarios y en el desarrollo regional.<\/p>\n\n\n\n<p>\u201cEste programa es una se\u00f1al concreta de c\u00f3mo estamos invirtiendo recursos regionales para mejorar un servicio esencial para miles de familias. No solo estamos renovando buses, estamos elevando el est\u00e1ndar del transporte p\u00fablico en La Araucan\u00eda\u201d, afirm\u00f3 la autoridad.<\/p>\n\n\n\n<p>La convocatoria, iniciada el 27 de abril, considera incentivos econ\u00f3micos que var\u00edan seg\u00fan el tipo de bus convencional retirado en referencia al bus el\u00e9ctrico que lo reemplaza. A ello se suman incentivos adicionales por est\u00e1ndar red y accesibilidad universal, lo que refuerza el enfoque inclusivo del programa.&nbsp;<\/p>\n\n\n\n<p>En tanto, el seremi de Transportes y Telecomunicaciones, Rodrigo Lagos, se\u00f1al\u00f3 que \u201ccomo Gobierno estamos comprometidos con la renovaci\u00f3n del transporte p\u00fablico en La Araucan\u00eda, a trav\u00e9s de la incorporaci\u00f3n de la electromovilidad. Este programa permite dar un salto significativo en calidad de servicio, reemplazando buses antiguos por unidades el\u00e9ctricas m\u00e1s modernas y seguras. No es un cambio menor: mejorar el transporte p\u00fablico es mejorar la calidad de vida de las personas. Adem\u00e1s, en el contexto actual, avanzamos hacia un sistema que dependa menos de combustibles f\u00f3siles, m\u00e1s limpio y con menos emisiones\u201d.<\/p>\n\n\n\n<p>Desde el Gobierno Regional subrayan que uno de los requisitos clave es la chatarrizaci\u00f3n de los veh\u00edculos antiguos, lo que permite asegurar el retiro efectivo de m\u00e1quinas obsoletas y contaminantes del sistema.<\/p>\n\n\n\n<p>En esa l\u00ednea, el Gobernador Saffirio enfatiz\u00f3 el componente ambiental de la iniciativa: \u201cAqu\u00ed tambi\u00e9n hay un compromiso con el medio ambiente. Queremos un transporte m\u00e1s limpio, m\u00e1s eficiente y que est\u00e9 a la altura de las necesidades actuales de nuestra regi\u00f3n\u201d.<\/p>\n\n\n\n<p>Las postulaciones, en primera etapa, se est\u00e1n realizando hasta el 27 de julio, de manera presencial en la Seremi de Transportes ubicadas en Claro Solar 950, piso 7, oficina 701, Temuco, mientras que los resultados se dar\u00e1n a conocer a partir del 28 de octubre&nbsp;en el sitio web institucional.&nbsp;<\/p>\n\n\n\n<p>Con estas medidas, el Gobierno Regional busca fortalecer el sistema de transporte p\u00fablico, especialmente en zonas donde la conectividad es clave para el acceso a servicios, empleo y educaci\u00f3n, consolidando as\u00ed una pol\u00edtica de movilidad m\u00e1s equitativa para La Araucan\u00eda.<\/p>\n","protected":false},"excerpt":{"rendered":"<div class=\"pvc_clear\"><\/div>\n<p id=\"pvc_stats_62149\" class=\"pvc_stats total_only  \" data-element-id=\"62149\" style=\"\"><i class=\"pvc-stats-icon large\" aria-hidden=\"true\"><svg aria-hidden=\"true\" focusable=\"false\" data-prefix=\"far\" data-icon=\"chart-bar\" role=\"img\" xmlns=\"http:\/\/www.w3.org\/2000\/svg\" viewBox=\"0 0 512 512\" class=\"svg-inline--fa fa-chart-bar fa-w-16 fa-2x\"><path fill=\"currentColor\" d=\"M396.8 352h22.4c6.4 0 12.8-6.4 12.8-12.8V108.8c0-6.4-6.4-12.8-12.8-12.8h-22.4c-6.4 0-12.8 6.4-12.8 12.8v230.4c0 6.4 6.4 12.8 12.8 12.8zm-192 0h22.4c6.4 0 12.8-6.4 12.8-12.8V140.8c0-6.4-6.4-12.8-12.8-12.8h-22.4c-6.4 0-12.8 6.4-12.8 12.8v198.4c0 6.4 6.4 12.8 12.8 12.8zm96 0h22.4c6.4 0 12.8-6.4 12.8-12.8V204.8c0-6.4-6.4-12.8-12.8-12.8h-22.4c-6.4 0-12.8 6.4-12.8 12.8v134.4c0 6.4 6.4 12.8 12.8 12.8zM496 400H48V80c0-8.84-7.16-16-16-16H16C7.16 64 0 71.16 0 80v336c0 17.67 14.33 32 32 32h464c8.84 0 16-7.16 16-16v-16c0-8.84-7.16-16-16-16zm-387.2-48h22.4c6.4 0 12.8-6.4 12.8-12.8v-70.4c0-6.4-6.4-12.8-12.8-12.8h-22.4c-6.4 0-12.8 6.4-12.8 12.8v70.4c0 6.4 6.4 12.8 12.8 12.8z\" class=\"\"><\/path><\/svg><\/i> <img loading=\"lazy\" decoding=\"async\" width=\"16\" height=\"16\" alt=\"Loading\" src=\"https:\/\/temucotelevision.cl\/web\/wp-content\/plugins\/page-views-count\/ajax-loader-2x.gif\" border=0 \/><\/p>\n<div class=\"pvc_clear\"><\/div>\n<p>El programa se ejecuta en coordinaci\u00f3n con el Ministerio de Transportes y Telecomunicaciones. Con el objetivo de modernizar el transporte<\/p>\n","protected":false},"author":1,"featured_media":62150,"comment_status":"open","ping_status":"open","sticky":false,"template":"","format":"standard","meta":{"colormag_page_container_layout":"default_layout","colormag_page_sidebar_layout":"default_layout","footnotes":""},"categories":[15],"tags":[706],"class_list":["post-62149","post","type-post","status-publish","format-standard","has-post-thumbnail","hentry","category-la-araucania","tag-transporte"],"a3_pvc":{"activated":true,"total_views":1313,"today_views":26},"_links":{"self":[{"href":"https:\/\/temucotelevision.cl\/web\/wp-json\/wp\/v2\/posts\/62149","targetHints":{"allow":["GET"]}}],"collection":[{"href":"https:\/\/temucotelevision.cl\/web\/wp-json\/wp\/v2\/posts"}],"about":[{"href":"https:\/\/temucotelevision.cl\/web\/wp-json\/wp\/v2\/types\/post"}],"author":[{"embeddable":true,"href":"https:\/\/temucotelevision.cl\/web\/wp-json\/wp\/v2\/users\/1"}],"replies":[{"embeddable":true,"href":"https:\/\/temucotelevision.cl\/web\/wp-json\/wp\/v2\/comments?post=62149"}],"version-history":[{"count":1,"href":"https:\/\/temucotelevision.cl\/web\/wp-json\/wp\/v2\/posts\/62149\/revisions"}],"predecessor-version":[{"id":62151,"href":"https:\/\/temucotelevision.cl\/web\/wp-json\/wp\/v2\/posts\/62149\/revisions\/62151"}],"wp:featuredmedia":[{"embeddable":true,"href":"https:\/\/temucotelevision.cl\/web\/wp-json\/wp\/v2\/media\/62150"}],"wp:attachment":[{"href":"https:\/\/temucotelevision.cl\/web\/wp-json\/wp\/v2\/media?parent=62149"}],"wp:term":[{"taxonomy":"category","embeddable":true,"href":"https:\/\/temucotelevision.cl\/web\/wp-json\/wp\/v2\/categories?post=62149"},{"taxonomy":"post_tag","embeddable":true,"href":"https:\/\/temucotelevision.cl\/web\/wp-json\/wp\/v2\/tags?post=62149"}],"curies":[{"name":"wp","href":"https:\/\/api.w.org\/{rel}","templated":true}]}}