{"id":62146,"date":"2026-04-27T19:30:50","date_gmt":"2026-04-27T22:30:50","guid":{"rendered":"https:\/\/temucotelevision.cl\/web\/?p=62146"},"modified":"2026-04-27T19:30:50","modified_gmt":"2026-04-27T22:30:50","slug":"hoy-no-es-un-aniversario-mas","status":"publish","type":"post","link":"https:\/\/temucotelevision.cl\/web\/2026\/04\/27\/hoy-no-es-un-aniversario-mas\/","title":{"rendered":"Hoy no es un aniversario m\u00e1s"},"content":{"rendered":"<div class=\"pvc_clear\"><\/div><p id=\"pvc_stats_62146\" class=\"pvc_stats total_only  \" data-element-id=\"62146\" style=\"\"><i class=\"pvc-stats-icon large\" aria-hidden=\"true\"><svg aria-hidden=\"true\" focusable=\"false\" data-prefix=\"far\" data-icon=\"chart-bar\" role=\"img\" xmlns=\"http:\/\/www.w3.org\/2000\/svg\" viewBox=\"0 0 512 512\" class=\"svg-inline--fa fa-chart-bar fa-w-16 fa-2x\"><path fill=\"currentColor\" d=\"M396.8 352h22.4c6.4 0 12.8-6.4 12.8-12.8V108.8c0-6.4-6.4-12.8-12.8-12.8h-22.4c-6.4 0-12.8 6.4-12.8 12.8v230.4c0 6.4 6.4 12.8 12.8 12.8zm-192 0h22.4c6.4 0 12.8-6.4 12.8-12.8V140.8c0-6.4-6.4-12.8-12.8-12.8h-22.4c-6.4 0-12.8 6.4-12.8 12.8v198.4c0 6.4 6.4 12.8 12.8 12.8zm96 0h22.4c6.4 0 12.8-6.4 12.8-12.8V204.8c0-6.4-6.4-12.8-12.8-12.8h-22.4c-6.4 0-12.8 6.4-12.8 12.8v134.4c0 6.4 6.4 12.8 12.8 12.8zM496 400H48V80c0-8.84-7.16-16-16-16H16C7.16 64 0 71.16 0 80v336c0 17.67 14.33 32 32 32h464c8.84 0 16-7.16 16-16v-16c0-8.84-7.16-16-16-16zm-387.2-48h22.4c6.4 0 12.8-6.4 12.8-12.8v-70.4c0-6.4-6.4-12.8-12.8-12.8h-22.4c-6.4 0-12.8 6.4-12.8 12.8v70.4c0 6.4 6.4 12.8 12.8 12.8z\" class=\"\"><\/path><\/svg><\/i> <img loading=\"lazy\" decoding=\"async\" width=\"16\" height=\"16\" alt=\"Loading\" src=\"https:\/\/temucotelevision.cl\/web\/wp-content\/plugins\/page-views-count\/ajax-loader-2x.gif\" border=0 \/><\/p><div class=\"pvc_clear\"><\/div>\n<p>Este 27 de abril, Carabineros de Chile cumple 99 a\u00f1os de historia, de servicio y de entrega, noventa y nueve a\u00f1os en los que&nbsp;hombres y mujeres han decidido voluntariamente&nbsp;dedicar su vida a cuidar la de los dem\u00e1s. Noventa y nueve a\u00f1os caminando junto a Chile,&nbsp;en sus momentos m\u00e1s dif\u00edciles pero&nbsp;tambi\u00e9n en sus mayores esperanzas.<\/p>\n\n\n\n<p>Al revisar nuestra historia, veo&nbsp;generaciones de carabineros que fueron los cimientos deesta instituci\u00f3n, cimientos construidos&nbsp;con sacrificio, en silencio, muchas veces lejos de sus hogares, muchas veces arriesg\u00e1ndolo todo. Recordamos con especial recogimiento, a nuestros m\u00e1rtires, quienes ofrendaron su vida&nbsp;en el cumplimiento del deber, ellos no solo son parte de nuestra historia,&nbsp;son el alma de Carabineros de Chile.<\/p>\n\n\n\n<p>Fundamental es observar el presente,&nbsp;en \u00e9l&nbsp;veo a&nbsp;hombres y mujeres que&nbsp;con vocaci\u00f3n genuina&nbsp;contin\u00faan esta obra, veo al carabinero que patrulla de madrugada, a la carabinera que auxilia&nbsp;y contiene&nbsp;en momentos&nbsp;de angustia, al funcionario que con&nbsp;su presenciadevuelve tranquilidad a un ciudadano. En esos gestos cotidianos, muchas veces invisibles, se construye la grandeza de esta instituci\u00f3n.<\/p>\n\n\n\n<p>Ser carabinero o carabinera&nbsp;es&nbsp;una&nbsp;decisi\u00f3n que implica renuncias&nbsp;y una convicci\u00f3n profunda de servicio,&nbsp;por eso, hoy quiero decirlo con claridad.,&nbsp;Chile necesita de su entrega, de su profesionalismo y&nbsp;sobre todo, de su humanidad.<\/p>\n\n\n\n<p>A nuestras familias, quiero expresarles un reconocimiento especial. Ustedes son el soporte silencioso, el abrazo que espera&nbsp;en el calor del hogar, la fortaleza que sostiene, sin ustedes, esta vocaci\u00f3n ser\u00eda mucho m\u00e1s dif\u00edcil de llevar.<\/p>\n\n\n\n<p>Hoy, al cumplir 99 a\u00f1os, no solo celebramos nuestra historia,&nbsp;sino que&nbsp;renovamos un compromiso, el compromiso de seguir avanzando hacia nuestro centenario con m\u00e1s vocaci\u00f3n, m\u00e1s cercan\u00eda&nbsp;y valoraci\u00f3n de&nbsp;la&nbsp;comunidad, m\u00e1s respeto por la dignidad de cada persona y m\u00e1s orgullo por lo que somos.<\/p>\n\n\n\n<p>El&nbsp;camino al&nbsp;centenario no es solo una meta en el tiempo,&nbsp;es una oportunidad para proyectar lo mejor de nosotros hacia el futuro, para consolidar una instituci\u00f3n cada vez m\u00e1s cercana,&nbsp;que se moderniza d\u00eda a d\u00eda, &nbsp;m\u00e1s profesional y&nbsp;sobre todo, m\u00e1s&nbsp;comprometida con Chile.<\/p>\n\n\n\n<p>Estamos a las puertas de nuestro centenario y&nbsp;eso&nbsp;nos invita a mirar hacia atr\u00e1s con respeto y hacia adelante con&nbsp;renovada&nbsp;responsabilidad,&nbsp;espero&nbsp;que estos 99 a\u00f1os nos&nbsp;reconecten con&nbsp;qui\u00e9nes somos&nbsp;y&nbsp;que el camino al centenario nos inspire a ser a\u00fan mejores.<\/p>\n\n\n\n<p>\u00a1Viva Carabineros de Chile!<\/p>\n\n\n\n<p><strong>Miguel Herrera Jorquera<\/strong><\/p>\n\n\n\n<p><strong>General de Carabineros<\/strong><\/p>\n\n\n\n<p><strong>Jefe Zona Araucan\u00eda<\/strong><\/p>\n","protected":false},"excerpt":{"rendered":"<div class=\"pvc_clear\"><\/div>\n<p id=\"pvc_stats_62146\" class=\"pvc_stats total_only  \" data-element-id=\"62146\" style=\"\"><i class=\"pvc-stats-icon large\" aria-hidden=\"true\"><svg aria-hidden=\"true\" focusable=\"false\" data-prefix=\"far\" data-icon=\"chart-bar\" role=\"img\" xmlns=\"http:\/\/www.w3.org\/2000\/svg\" viewBox=\"0 0 512 512\" class=\"svg-inline--fa fa-chart-bar fa-w-16 fa-2x\"><path fill=\"currentColor\" d=\"M396.8 352h22.4c6.4 0 12.8-6.4 12.8-12.8V108.8c0-6.4-6.4-12.8-12.8-12.8h-22.4c-6.4 0-12.8 6.4-12.8 12.8v230.4c0 6.4 6.4 12.8 12.8 12.8zm-192 0h22.4c6.4 0 12.8-6.4 12.8-12.8V140.8c0-6.4-6.4-12.8-12.8-12.8h-22.4c-6.4 0-12.8 6.4-12.8 12.8v198.4c0 6.4 6.4 12.8 12.8 12.8zm96 0h22.4c6.4 0 12.8-6.4 12.8-12.8V204.8c0-6.4-6.4-12.8-12.8-12.8h-22.4c-6.4 0-12.8 6.4-12.8 12.8v134.4c0 6.4 6.4 12.8 12.8 12.8zM496 400H48V80c0-8.84-7.16-16-16-16H16C7.16 64 0 71.16 0 80v336c0 17.67 14.33 32 32 32h464c8.84 0 16-7.16 16-16v-16c0-8.84-7.16-16-16-16zm-387.2-48h22.4c6.4 0 12.8-6.4 12.8-12.8v-70.4c0-6.4-6.4-12.8-12.8-12.8h-22.4c-6.4 0-12.8 6.4-12.8 12.8v70.4c0 6.4 6.4 12.8 12.8 12.8z\" class=\"\"><\/path><\/svg><\/i> <img loading=\"lazy\" decoding=\"async\" width=\"16\" height=\"16\" alt=\"Loading\" src=\"https:\/\/temucotelevision.cl\/web\/wp-content\/plugins\/page-views-count\/ajax-loader-2x.gif\" border=0 \/><\/p>\n<div class=\"pvc_clear\"><\/div>\n<p>Este 27 de abril, Carabineros de Chile cumple 99 a\u00f1os de historia, de servicio y de entrega, noventa y nueve<\/p>\n","protected":false},"author":1,"featured_media":62147,"comment_status":"open","ping_status":"open","sticky":false,"template":"","format":"standard","meta":{"colormag_page_container_layout":"default_layout","colormag_page_sidebar_layout":"default_layout","footnotes":""},"categories":[16],"tags":[125],"class_list":["post-62146","post","type-post","status-publish","format-standard","has-post-thumbnail","hentry","category-policial","tag-carabineros"],"a3_pvc":{"activated":true,"total_views":3716,"today_views":5},"_links":{"self":[{"href":"https:\/\/temucotelevision.cl\/web\/wp-json\/wp\/v2\/posts\/62146","targetHints":{"allow":["GET"]}}],"collection":[{"href":"https:\/\/temucotelevision.cl\/web\/wp-json\/wp\/v2\/posts"}],"about":[{"href":"https:\/\/temucotelevision.cl\/web\/wp-json\/wp\/v2\/types\/post"}],"author":[{"embeddable":true,"href":"https:\/\/temucotelevision.cl\/web\/wp-json\/wp\/v2\/users\/1"}],"replies":[{"embeddable":true,"href":"https:\/\/temucotelevision.cl\/web\/wp-json\/wp\/v2\/comments?post=62146"}],"version-history":[{"count":1,"href":"https:\/\/temucotelevision.cl\/web\/wp-json\/wp\/v2\/posts\/62146\/revisions"}],"predecessor-version":[{"id":62148,"href":"https:\/\/temucotelevision.cl\/web\/wp-json\/wp\/v2\/posts\/62146\/revisions\/62148"}],"wp:featuredmedia":[{"embeddable":true,"href":"https:\/\/temucotelevision.cl\/web\/wp-json\/wp\/v2\/media\/62147"}],"wp:attachment":[{"href":"https:\/\/temucotelevision.cl\/web\/wp-json\/wp\/v2\/media?parent=62146"}],"wp:term":[{"taxonomy":"category","embeddable":true,"href":"https:\/\/temucotelevision.cl\/web\/wp-json\/wp\/v2\/categories?post=62146"},{"taxonomy":"post_tag","embeddable":true,"href":"https:\/\/temucotelevision.cl\/web\/wp-json\/wp\/v2\/tags?post=62146"}],"curies":[{"name":"wp","href":"https:\/\/api.w.org\/{rel}","templated":true}]}}