{"id":62140,"date":"2026-04-27T01:42:59","date_gmt":"2026-04-27T04:42:59","guid":{"rendered":"https:\/\/temucotelevision.cl\/web\/?p=62140"},"modified":"2026-04-27T01:44:19","modified_gmt":"2026-04-27T04:44:19","slug":"nueva-oficina-en-melipeuco-impulsa-inversion-y-desarrollo-turistico-en-la-comuna","status":"publish","type":"post","link":"https:\/\/temucotelevision.cl\/web\/2026\/04\/27\/nueva-oficina-en-melipeuco-impulsa-inversion-y-desarrollo-turistico-en-la-comuna\/","title":{"rendered":"Nueva oficina en Melipeuco impulsa inversi\u00f3n y desarrollo tur\u00edstico en la comuna"},"content":{"rendered":"<div class=\"pvc_clear\"><\/div><p id=\"pvc_stats_62140\" class=\"pvc_stats total_only  \" data-element-id=\"62140\" style=\"\"><i class=\"pvc-stats-icon large\" aria-hidden=\"true\"><svg aria-hidden=\"true\" focusable=\"false\" data-prefix=\"far\" data-icon=\"chart-bar\" role=\"img\" xmlns=\"http:\/\/www.w3.org\/2000\/svg\" viewBox=\"0 0 512 512\" class=\"svg-inline--fa fa-chart-bar fa-w-16 fa-2x\"><path fill=\"currentColor\" d=\"M396.8 352h22.4c6.4 0 12.8-6.4 12.8-12.8V108.8c0-6.4-6.4-12.8-12.8-12.8h-22.4c-6.4 0-12.8 6.4-12.8 12.8v230.4c0 6.4 6.4 12.8 12.8 12.8zm-192 0h22.4c6.4 0 12.8-6.4 12.8-12.8V140.8c0-6.4-6.4-12.8-12.8-12.8h-22.4c-6.4 0-12.8 6.4-12.8 12.8v198.4c0 6.4 6.4 12.8 12.8 12.8zm96 0h22.4c6.4 0 12.8-6.4 12.8-12.8V204.8c0-6.4-6.4-12.8-12.8-12.8h-22.4c-6.4 0-12.8 6.4-12.8 12.8v134.4c0 6.4 6.4 12.8 12.8 12.8zM496 400H48V80c0-8.84-7.16-16-16-16H16C7.16 64 0 71.16 0 80v336c0 17.67 14.33 32 32 32h464c8.84 0 16-7.16 16-16v-16c0-8.84-7.16-16-16-16zm-387.2-48h22.4c6.4 0 12.8-6.4 12.8-12.8v-70.4c0-6.4-6.4-12.8-12.8-12.8h-22.4c-6.4 0-12.8 6.4-12.8 12.8v70.4c0 6.4 6.4 12.8 12.8 12.8z\" class=\"\"><\/path><\/svg><\/i> <img loading=\"lazy\" decoding=\"async\" width=\"16\" height=\"16\" alt=\"Loading\" src=\"https:\/\/temucotelevision.cl\/web\/wp-content\/plugins\/page-views-count\/ajax-loader-2x.gif\" border=0 \/><\/p><div class=\"pvc_clear\"><\/div>\n<p>Un importante paso en el fortalecimiento del desarrollo local y la atracci\u00f3n de inversiones se concret\u00f3 con la apertura de una nueva oficina en la comuna de Melipeuco, iniciativa que busca conectar oportunidades, promover el turismo y abrir el territorio a inversionistas nacionales e internacionales.<\/p>\n\n\n\n<p>Ubicada en Pedro Aguirre Cerda 159, esta nueva oficina se proyecta como un punto estrat\u00e9gico para la promoci\u00f3n de propiedades en toda la comuna, ofreciendo una variada cartera que incluye parcelas, casas, sitios y campos, adem\u00e1s de alternativas de arriendo diario y mensual como casas y caba\u00f1as.<\/p>\n\n\n\n<p>La iniciativa apunta a posicionar a Melipeuco como un destino atractivo no solo por su riqueza natural, sino tambi\u00e9n por su potencial de inversi\u00f3n. En este sentido, se busca facilitar la llegada de visitantes y capitales desde distintos puntos de Chile y el extranjero, fortaleciendo as\u00ed la econom\u00eda local.<\/p>\n\n\n\n<p>Este proyecto forma parte de un trabajo sostenido por m\u00e1s de 50 a\u00f1os en la comuna, enfocado en el impulso del turismo, el deporte y el crecimiento territorial, siempre bajo una mirada de desarrollo sustentable y respeto por el entorno natural.<\/p>\n\n\n\n<div class=\"wp-block-media-text is-stacked-on-mobile\" style=\"grid-template-columns:26% auto\"><figure class=\"wp-block-media-text__media\"><img loading=\"lazy\" decoding=\"async\" width=\"1000\" height=\"1000\" src=\"https:\/\/temucotelevision.cl\/web\/wp-content\/uploads\/2026\/04\/WhatsApp-Image-2026-04-26-at-23.22.34-1000x1000.jpeg\" alt=\"\" class=\"wp-image-62142 size-full\" srcset=\"https:\/\/temucotelevision.cl\/web\/wp-content\/uploads\/2026\/04\/WhatsApp-Image-2026-04-26-at-23.22.34-1000x1000.jpeg 1000w, https:\/\/temucotelevision.cl\/web\/wp-content\/uploads\/2026\/04\/WhatsApp-Image-2026-04-26-at-23.22.34-768x768.jpeg 768w, https:\/\/temucotelevision.cl\/web\/wp-content\/uploads\/2026\/04\/WhatsApp-Image-2026-04-26-at-23.22.34-150x150.jpeg 150w, https:\/\/temucotelevision.cl\/web\/wp-content\/uploads\/2026\/04\/WhatsApp-Image-2026-04-26-at-23.22.34.jpeg 1280w\" sizes=\"auto, (max-width: 1000px) 100vw, 1000px\" \/><\/figure><div class=\"wp-block-media-text__content\">\n<p>Asimismo, se realiz\u00f3 un llamado a inversionistas que valoren la naturaleza y deseen ser parte de un modelo de desarrollo responsable, que combina progreso econ\u00f3mico con conservaci\u00f3n del patrimonio ambiental.<\/p>\n<\/div><\/div>\n\n\n\n<p>Con esta apertura, Melipeuco da un nuevo impulso a su proyecci\u00f3n internacional, consolid\u00e1ndose como un destino \u00fanico en la regi\u00f3n de La Araucan\u00eda.<\/p>\n\n\n\n<p>\ud83d\udccd&nbsp;<strong>Direcci\u00f3n:<\/strong>&nbsp;Pedro Aguirre Cerda 159, Melipeuco.<br>\u2728 Una invitaci\u00f3n abierta a conocer, vivir e invertir en un territorio lleno de oportunidades.<\/p>\n\n\n\n<figure class=\"wp-block-image\"><img decoding=\"async\" src=\"https:\/\/images.openai.com\/static-rsc-4\/xcTn0u0HD1VFSihWjIO4WDtabFcGLMzhccCX7rcu-tTQbSf1SmfEk8qcpp86gfGmQwrEJ8JOV3EV3Q6RQ2hm1_mbu-sBXH6faw6qGNOOtlizEv9Q2_Pgx0jHpgLEz9ZI8MKyQtazQ7el3IctueL7ev3aKcF1f0knGZpmnZool15EUfG3hENngG8WpjA-GMYH?purpose=fullsize\" alt=\"Image\"\/><\/figure>\n\n\n\n<figure class=\"wp-block-image\"><img decoding=\"async\" src=\"https:\/\/images.openai.com\/static-rsc-4\/goqAkjmnNI_GXFZ_HyJUPrzVJhzjtX6HcNg2otOQQczB2lvtCZTLJk8l7O2ob9YdYkRosbZuc-Op4ism1VQeJWrZs-Yd5xdpfLRbF8HqOxY9n1QMdNVOgYNqMJ1B8wR5wEmH2hKp-rFGnpQyaK3edH-9HQd7ZMJmEWV3eVeVMiRyQnLp1P6h2eFWPT4YAdc2?purpose=fullsize\" alt=\"Image\"\/><\/figure>\n\n\n\n<iframe loading=\"lazy\" src=\"https:\/\/www.facebook.com\/plugins\/video.php?height=314&#038;href=https%3A%2F%2Fwww.facebook.com%2Freel%2F922932037258083%2F&#038;show_text=true&#038;width=560&#038;t=0\" width=\"560\" height=\"429\" style=\"border:none;overflow:hidden\" scrolling=\"no\" frameborder=\"0\" allowfullscreen=\"true\" allow=\"autoplay; clipboard-write; encrypted-media; picture-in-picture; web-share\" allowFullScreen=\"true\"><\/iframe>\n","protected":false},"excerpt":{"rendered":"<div class=\"pvc_clear\"><\/div>\n<p id=\"pvc_stats_62140\" class=\"pvc_stats total_only  \" data-element-id=\"62140\" style=\"\"><i class=\"pvc-stats-icon large\" aria-hidden=\"true\"><svg aria-hidden=\"true\" focusable=\"false\" data-prefix=\"far\" data-icon=\"chart-bar\" role=\"img\" xmlns=\"http:\/\/www.w3.org\/2000\/svg\" viewBox=\"0 0 512 512\" class=\"svg-inline--fa fa-chart-bar fa-w-16 fa-2x\"><path fill=\"currentColor\" d=\"M396.8 352h22.4c6.4 0 12.8-6.4 12.8-12.8V108.8c0-6.4-6.4-12.8-12.8-12.8h-22.4c-6.4 0-12.8 6.4-12.8 12.8v230.4c0 6.4 6.4 12.8 12.8 12.8zm-192 0h22.4c6.4 0 12.8-6.4 12.8-12.8V140.8c0-6.4-6.4-12.8-12.8-12.8h-22.4c-6.4 0-12.8 6.4-12.8 12.8v198.4c0 6.4 6.4 12.8 12.8 12.8zm96 0h22.4c6.4 0 12.8-6.4 12.8-12.8V204.8c0-6.4-6.4-12.8-12.8-12.8h-22.4c-6.4 0-12.8 6.4-12.8 12.8v134.4c0 6.4 6.4 12.8 12.8 12.8zM496 400H48V80c0-8.84-7.16-16-16-16H16C7.16 64 0 71.16 0 80v336c0 17.67 14.33 32 32 32h464c8.84 0 16-7.16 16-16v-16c0-8.84-7.16-16-16-16zm-387.2-48h22.4c6.4 0 12.8-6.4 12.8-12.8v-70.4c0-6.4-6.4-12.8-12.8-12.8h-22.4c-6.4 0-12.8 6.4-12.8 12.8v70.4c0 6.4 6.4 12.8 12.8 12.8z\" class=\"\"><\/path><\/svg><\/i> <img loading=\"lazy\" decoding=\"async\" width=\"16\" height=\"16\" alt=\"Loading\" src=\"https:\/\/temucotelevision.cl\/web\/wp-content\/plugins\/page-views-count\/ajax-loader-2x.gif\" border=0 \/><\/p>\n<div class=\"pvc_clear\"><\/div>\n<p>Un importante paso en el fortalecimiento del desarrollo local y la atracci\u00f3n de inversiones se concret\u00f3 con la apertura de<\/p>\n","protected":false},"author":1,"featured_media":62141,"comment_status":"open","ping_status":"open","sticky":false,"template":"","format":"standard","meta":{"colormag_page_container_layout":"default_layout","colormag_page_sidebar_layout":"default_layout","footnotes":""},"categories":[101],"tags":[94],"class_list":["post-62140","post","type-post","status-publish","format-standard","has-post-thumbnail","hentry","category-actualidad","tag-turismo"],"a3_pvc":{"activated":true,"total_views":916,"today_views":10},"_links":{"self":[{"href":"https:\/\/temucotelevision.cl\/web\/wp-json\/wp\/v2\/posts\/62140","targetHints":{"allow":["GET"]}}],"collection":[{"href":"https:\/\/temucotelevision.cl\/web\/wp-json\/wp\/v2\/posts"}],"about":[{"href":"https:\/\/temucotelevision.cl\/web\/wp-json\/wp\/v2\/types\/post"}],"author":[{"embeddable":true,"href":"https:\/\/temucotelevision.cl\/web\/wp-json\/wp\/v2\/users\/1"}],"replies":[{"embeddable":true,"href":"https:\/\/temucotelevision.cl\/web\/wp-json\/wp\/v2\/comments?post=62140"}],"version-history":[{"count":3,"href":"https:\/\/temucotelevision.cl\/web\/wp-json\/wp\/v2\/posts\/62140\/revisions"}],"predecessor-version":[{"id":62145,"href":"https:\/\/temucotelevision.cl\/web\/wp-json\/wp\/v2\/posts\/62140\/revisions\/62145"}],"wp:featuredmedia":[{"embeddable":true,"href":"https:\/\/temucotelevision.cl\/web\/wp-json\/wp\/v2\/media\/62141"}],"wp:attachment":[{"href":"https:\/\/temucotelevision.cl\/web\/wp-json\/wp\/v2\/media?parent=62140"}],"wp:term":[{"taxonomy":"category","embeddable":true,"href":"https:\/\/temucotelevision.cl\/web\/wp-json\/wp\/v2\/categories?post=62140"},{"taxonomy":"post_tag","embeddable":true,"href":"https:\/\/temucotelevision.cl\/web\/wp-json\/wp\/v2\/tags?post=62140"}],"curies":[{"name":"wp","href":"https:\/\/api.w.org\/{rel}","templated":true}]}}