{"id":62132,"date":"2026-04-26T20:01:23","date_gmt":"2026-04-26T23:01:23","guid":{"rendered":"https:\/\/temucotelevision.cl\/web\/?p=62132"},"modified":"2026-04-26T20:01:23","modified_gmt":"2026-04-26T23:01:23","slug":"este-domingo-entra-en-vigencia-reduccion-a-42-horas-laborales-semanales","status":"publish","type":"post","link":"https:\/\/temucotelevision.cl\/web\/2026\/04\/26\/este-domingo-entra-en-vigencia-reduccion-a-42-horas-laborales-semanales\/","title":{"rendered":"Este domingo entra en vigencia reducci\u00f3n a 42 horas laborales semanales"},"content":{"rendered":"<div class=\"pvc_clear\"><\/div><p id=\"pvc_stats_62132\" class=\"pvc_stats total_only  \" data-element-id=\"62132\" style=\"\"><i class=\"pvc-stats-icon large\" aria-hidden=\"true\"><svg aria-hidden=\"true\" focusable=\"false\" data-prefix=\"far\" data-icon=\"chart-bar\" role=\"img\" xmlns=\"http:\/\/www.w3.org\/2000\/svg\" viewBox=\"0 0 512 512\" class=\"svg-inline--fa fa-chart-bar fa-w-16 fa-2x\"><path fill=\"currentColor\" d=\"M396.8 352h22.4c6.4 0 12.8-6.4 12.8-12.8V108.8c0-6.4-6.4-12.8-12.8-12.8h-22.4c-6.4 0-12.8 6.4-12.8 12.8v230.4c0 6.4 6.4 12.8 12.8 12.8zm-192 0h22.4c6.4 0 12.8-6.4 12.8-12.8V140.8c0-6.4-6.4-12.8-12.8-12.8h-22.4c-6.4 0-12.8 6.4-12.8 12.8v198.4c0 6.4 6.4 12.8 12.8 12.8zm96 0h22.4c6.4 0 12.8-6.4 12.8-12.8V204.8c0-6.4-6.4-12.8-12.8-12.8h-22.4c-6.4 0-12.8 6.4-12.8 12.8v134.4c0 6.4 6.4 12.8 12.8 12.8zM496 400H48V80c0-8.84-7.16-16-16-16H16C7.16 64 0 71.16 0 80v336c0 17.67 14.33 32 32 32h464c8.84 0 16-7.16 16-16v-16c0-8.84-7.16-16-16-16zm-387.2-48h22.4c6.4 0 12.8-6.4 12.8-12.8v-70.4c0-6.4-6.4-12.8-12.8-12.8h-22.4c-6.4 0-12.8 6.4-12.8 12.8v70.4c0 6.4 6.4 12.8 12.8 12.8z\" class=\"\"><\/path><\/svg><\/i> <img loading=\"lazy\" decoding=\"async\" width=\"16\" height=\"16\" alt=\"Loading\" src=\"https:\/\/temucotelevision.cl\/web\/wp-content\/plugins\/page-views-count\/ajax-loader-2x.gif\" border=0 \/><\/p><div class=\"pvc_clear\"><\/div>\n<p>En la antesala de una nueva etapa en la implementaci\u00f3n de la Ley N\u00b0 21.561, conocida como \u201cLey 40 horas\u201d, el director de la Direcci\u00f3n del Trabajo, David Odd\u00f3, record\u00f3 que este domingo 26 de abril se concretar\u00e1 la rebaja de la jornada laboral ordinaria desde las 44 a las 42 horas semanales.<\/p>\n\n\n\n<p>La autoridad destac\u00f3 que la instituci\u00f3n ha acompa\u00f1ado este proceso mediante la difusi\u00f3n de la normativa, adem\u00e1s de mantener disponibles canales de orientaci\u00f3n y consulta para trabajadores y empleadores a trav\u00e9s del sitio web oficial&nbsp;<a href=\"http:\/\/www.direcciondeltrabajo.cl\/\">www.direcciondeltrabajo.cl<\/a>.<\/p>\n\n\n\n<p>En ese contexto, Odd\u00f3 inform\u00f3 que la Direcci\u00f3n del Trabajo llevar\u00e1 adelante un proceso de fiscalizaci\u00f3n para asegurar el correcto cumplimiento de la normativa. Estas acciones se desarrollar\u00e1n tanto en respuesta a denuncias laborales presentadas por trabajadores, como tambi\u00e9n mediante fiscalizaciones de oficio en distintos sectores productivos.<\/p>\n\n\n\n<p>La reducci\u00f3n de la jornada laboral forma parte de una implementaci\u00f3n gradual de la Ley 40 horas, que busca mejorar la calidad de vida de los trabajadores, promoviendo un equilibrio entre la vida laboral y personal.<\/p>\n\n\n\n<iframe loading=\"lazy\" width=\"560\" height=\"315\" src=\"https:\/\/www.youtube.com\/embed\/P1cNem_0SPw?si=lC5Fbvr1xAqO3ZF7\" title=\"YouTube video player\" frameborder=\"0\" allow=\"accelerometer; autoplay; clipboard-write; encrypted-media; gyroscope; picture-in-picture; web-share\" referrerpolicy=\"strict-origin-when-cross-origin\" allowfullscreen><\/iframe>\n","protected":false},"excerpt":{"rendered":"<div class=\"pvc_clear\"><\/div>\n<p id=\"pvc_stats_62132\" class=\"pvc_stats total_only  \" data-element-id=\"62132\" style=\"\"><i class=\"pvc-stats-icon large\" aria-hidden=\"true\"><svg aria-hidden=\"true\" focusable=\"false\" data-prefix=\"far\" data-icon=\"chart-bar\" role=\"img\" xmlns=\"http:\/\/www.w3.org\/2000\/svg\" viewBox=\"0 0 512 512\" class=\"svg-inline--fa fa-chart-bar fa-w-16 fa-2x\"><path fill=\"currentColor\" d=\"M396.8 352h22.4c6.4 0 12.8-6.4 12.8-12.8V108.8c0-6.4-6.4-12.8-12.8-12.8h-22.4c-6.4 0-12.8 6.4-12.8 12.8v230.4c0 6.4 6.4 12.8 12.8 12.8zm-192 0h22.4c6.4 0 12.8-6.4 12.8-12.8V140.8c0-6.4-6.4-12.8-12.8-12.8h-22.4c-6.4 0-12.8 6.4-12.8 12.8v198.4c0 6.4 6.4 12.8 12.8 12.8zm96 0h22.4c6.4 0 12.8-6.4 12.8-12.8V204.8c0-6.4-6.4-12.8-12.8-12.8h-22.4c-6.4 0-12.8 6.4-12.8 12.8v134.4c0 6.4 6.4 12.8 12.8 12.8zM496 400H48V80c0-8.84-7.16-16-16-16H16C7.16 64 0 71.16 0 80v336c0 17.67 14.33 32 32 32h464c8.84 0 16-7.16 16-16v-16c0-8.84-7.16-16-16-16zm-387.2-48h22.4c6.4 0 12.8-6.4 12.8-12.8v-70.4c0-6.4-6.4-12.8-12.8-12.8h-22.4c-6.4 0-12.8 6.4-12.8 12.8v70.4c0 6.4 6.4 12.8 12.8 12.8z\" class=\"\"><\/path><\/svg><\/i> <img loading=\"lazy\" decoding=\"async\" width=\"16\" height=\"16\" alt=\"Loading\" src=\"https:\/\/temucotelevision.cl\/web\/wp-content\/plugins\/page-views-count\/ajax-loader-2x.gif\" border=0 \/><\/p>\n<div class=\"pvc_clear\"><\/div>\n<p>En la antesala de una nueva etapa en la implementaci\u00f3n de la Ley N\u00b0 21.561, conocida como \u201cLey 40 horas\u201d,<\/p>\n","protected":false},"author":1,"featured_media":62134,"comment_status":"open","ping_status":"open","sticky":false,"template":"","format":"standard","meta":{"colormag_page_container_layout":"default_layout","colormag_page_sidebar_layout":"default_layout","footnotes":""},"categories":[15],"tags":[7351],"class_list":["post-62132","post","type-post","status-publish","format-standard","has-post-thumbnail","hentry","category-la-araucania","tag-42-horas"],"a3_pvc":{"activated":true,"total_views":3131,"today_views":9},"_links":{"self":[{"href":"https:\/\/temucotelevision.cl\/web\/wp-json\/wp\/v2\/posts\/62132","targetHints":{"allow":["GET"]}}],"collection":[{"href":"https:\/\/temucotelevision.cl\/web\/wp-json\/wp\/v2\/posts"}],"about":[{"href":"https:\/\/temucotelevision.cl\/web\/wp-json\/wp\/v2\/types\/post"}],"author":[{"embeddable":true,"href":"https:\/\/temucotelevision.cl\/web\/wp-json\/wp\/v2\/users\/1"}],"replies":[{"embeddable":true,"href":"https:\/\/temucotelevision.cl\/web\/wp-json\/wp\/v2\/comments?post=62132"}],"version-history":[{"count":2,"href":"https:\/\/temucotelevision.cl\/web\/wp-json\/wp\/v2\/posts\/62132\/revisions"}],"predecessor-version":[{"id":62135,"href":"https:\/\/temucotelevision.cl\/web\/wp-json\/wp\/v2\/posts\/62132\/revisions\/62135"}],"wp:featuredmedia":[{"embeddable":true,"href":"https:\/\/temucotelevision.cl\/web\/wp-json\/wp\/v2\/media\/62134"}],"wp:attachment":[{"href":"https:\/\/temucotelevision.cl\/web\/wp-json\/wp\/v2\/media?parent=62132"}],"wp:term":[{"taxonomy":"category","embeddable":true,"href":"https:\/\/temucotelevision.cl\/web\/wp-json\/wp\/v2\/categories?post=62132"},{"taxonomy":"post_tag","embeddable":true,"href":"https:\/\/temucotelevision.cl\/web\/wp-json\/wp\/v2\/tags?post=62132"}],"curies":[{"name":"wp","href":"https:\/\/api.w.org\/{rel}","templated":true}]}}