{"id":62129,"date":"2026-04-26T15:08:54","date_gmt":"2026-04-26T18:08:54","guid":{"rendered":"https:\/\/temucotelevision.cl\/web\/?p=62129"},"modified":"2026-04-26T15:08:54","modified_gmt":"2026-04-26T18:08:54","slug":"corporacion-renal-impulsa-alianza-estrategica-con-la-universidad-de-la-frontera-para-fortalecer-atencion-en-salud-renal","status":"publish","type":"post","link":"https:\/\/temucotelevision.cl\/web\/2026\/04\/26\/corporacion-renal-impulsa-alianza-estrategica-con-la-universidad-de-la-frontera-para-fortalecer-atencion-en-salud-renal\/","title":{"rendered":"Corporaci\u00f3n Renal impulsa alianza estrat\u00e9gica con la Universidad de La Frontera para fortalecer atenci\u00f3n en salud renal"},"content":{"rendered":"<div class=\"pvc_clear\"><\/div><p id=\"pvc_stats_62129\" class=\"pvc_stats total_only  \" data-element-id=\"62129\" style=\"\"><i class=\"pvc-stats-icon large\" aria-hidden=\"true\"><svg aria-hidden=\"true\" focusable=\"false\" data-prefix=\"far\" data-icon=\"chart-bar\" role=\"img\" xmlns=\"http:\/\/www.w3.org\/2000\/svg\" viewBox=\"0 0 512 512\" class=\"svg-inline--fa fa-chart-bar fa-w-16 fa-2x\"><path fill=\"currentColor\" d=\"M396.8 352h22.4c6.4 0 12.8-6.4 12.8-12.8V108.8c0-6.4-6.4-12.8-12.8-12.8h-22.4c-6.4 0-12.8 6.4-12.8 12.8v230.4c0 6.4 6.4 12.8 12.8 12.8zm-192 0h22.4c6.4 0 12.8-6.4 12.8-12.8V140.8c0-6.4-6.4-12.8-12.8-12.8h-22.4c-6.4 0-12.8 6.4-12.8 12.8v198.4c0 6.4 6.4 12.8 12.8 12.8zm96 0h22.4c6.4 0 12.8-6.4 12.8-12.8V204.8c0-6.4-6.4-12.8-12.8-12.8h-22.4c-6.4 0-12.8 6.4-12.8 12.8v134.4c0 6.4 6.4 12.8 12.8 12.8zM496 400H48V80c0-8.84-7.16-16-16-16H16C7.16 64 0 71.16 0 80v336c0 17.67 14.33 32 32 32h464c8.84 0 16-7.16 16-16v-16c0-8.84-7.16-16-16-16zm-387.2-48h22.4c6.4 0 12.8-6.4 12.8-12.8v-70.4c0-6.4-6.4-12.8-12.8-12.8h-22.4c-6.4 0-12.8 6.4-12.8 12.8v70.4c0 6.4 6.4 12.8 12.8 12.8z\" class=\"\"><\/path><\/svg><\/i> <img loading=\"lazy\" decoding=\"async\" width=\"16\" height=\"16\" alt=\"Loading\" src=\"https:\/\/temucotelevision.cl\/web\/wp-content\/plugins\/page-views-count\/ajax-loader-2x.gif\" border=0 \/><\/p><div class=\"pvc_clear\"><\/div>\n<p>La Corporaci\u00f3n de Pacientes Renales de Chile, Di\u00e1lisis Verde, sostuvo una reuni\u00f3n con Rigo Torres, Director de Vinculaci\u00f3n con el Medio de la Facultad de Medicina de la Universidad de La Frontera, con el objetivo de establecer una alianza estrat\u00e9gica orientada al desarrollo de talleres, instancias de formaci\u00f3n y programas de capacitaci\u00f3n en el \u00e1mbito de la di\u00e1lisis y la atenci\u00f3n integral de pacientes renales.<\/p>\n\n\n\n<p>Durante el encuentro, ambas partes abordaron la urgente necesidad de enfrentar la escasez de profesionales especializados en el \u00e1rea renal, particularmente en disciplinas como nefrolog\u00eda, nutrici\u00f3n y kinesiolog\u00eda. En este contexto, se plante\u00f3 la importancia de promover un enfoque multidisciplinario que permita mejorar la calidad de atenci\u00f3n, fortalecer la prevenci\u00f3n y el tratamiento precoz de enfermedades renales, as\u00ed como avanzar en la humanizaci\u00f3n de la relaci\u00f3n entre pacientes, equipos de salud y futuros profesionales.<\/p>\n\n\n\n<p>Asimismo, se destac\u00f3 la relevancia de articular esfuerzos entre la academia, organizaciones de pacientes y el Estado, con el fin de fortalecer las pol\u00edticas p\u00fablicas en salud renal y responder de manera integral a las crecientes necesidades de la poblaci\u00f3n. En esta l\u00ednea, se acord\u00f3 proyectar la realizaci\u00f3n de una jornada o encuentro futuro que permita visibilizar la realidad de las personas con enfermedad renal, sensibilizar a la comunidad y vincular a los actores relevantes del sector, con el prop\u00f3sito de abrir una agenda conjunta de trabajo.<\/p>\n\n\n\n<p>La Corporaci\u00f3n Renal, con asiento en La Araucan\u00eda, reafirma su compromiso con la promoci\u00f3n de una atenci\u00f3n digna, oportuna y de calidad, avanzando junto a instituciones acad\u00e9micas en soluciones concretas para los desaf\u00edos actuales en salud renal.<\/p>\n","protected":false},"excerpt":{"rendered":"<div class=\"pvc_clear\"><\/div>\n<p id=\"pvc_stats_62129\" class=\"pvc_stats total_only  \" data-element-id=\"62129\" style=\"\"><i class=\"pvc-stats-icon large\" aria-hidden=\"true\"><svg aria-hidden=\"true\" focusable=\"false\" data-prefix=\"far\" data-icon=\"chart-bar\" role=\"img\" xmlns=\"http:\/\/www.w3.org\/2000\/svg\" viewBox=\"0 0 512 512\" class=\"svg-inline--fa fa-chart-bar fa-w-16 fa-2x\"><path fill=\"currentColor\" d=\"M396.8 352h22.4c6.4 0 12.8-6.4 12.8-12.8V108.8c0-6.4-6.4-12.8-12.8-12.8h-22.4c-6.4 0-12.8 6.4-12.8 12.8v230.4c0 6.4 6.4 12.8 12.8 12.8zm-192 0h22.4c6.4 0 12.8-6.4 12.8-12.8V140.8c0-6.4-6.4-12.8-12.8-12.8h-22.4c-6.4 0-12.8 6.4-12.8 12.8v198.4c0 6.4 6.4 12.8 12.8 12.8zm96 0h22.4c6.4 0 12.8-6.4 12.8-12.8V204.8c0-6.4-6.4-12.8-12.8-12.8h-22.4c-6.4 0-12.8 6.4-12.8 12.8v134.4c0 6.4 6.4 12.8 12.8 12.8zM496 400H48V80c0-8.84-7.16-16-16-16H16C7.16 64 0 71.16 0 80v336c0 17.67 14.33 32 32 32h464c8.84 0 16-7.16 16-16v-16c0-8.84-7.16-16-16-16zm-387.2-48h22.4c6.4 0 12.8-6.4 12.8-12.8v-70.4c0-6.4-6.4-12.8-12.8-12.8h-22.4c-6.4 0-12.8 6.4-12.8 12.8v70.4c0 6.4 6.4 12.8 12.8 12.8z\" class=\"\"><\/path><\/svg><\/i> <img loading=\"lazy\" decoding=\"async\" width=\"16\" height=\"16\" alt=\"Loading\" src=\"https:\/\/temucotelevision.cl\/web\/wp-content\/plugins\/page-views-count\/ajax-loader-2x.gif\" border=0 \/><\/p>\n<div class=\"pvc_clear\"><\/div>\n<p>La Corporaci\u00f3n de Pacientes Renales de Chile, Di\u00e1lisis Verde, sostuvo una reuni\u00f3n con Rigo Torres, Director de Vinculaci\u00f3n con el<\/p>\n","protected":false},"author":1,"featured_media":62130,"comment_status":"open","ping_status":"open","sticky":false,"template":"","format":"standard","meta":{"colormag_page_container_layout":"default_layout","colormag_page_sidebar_layout":"default_layout","footnotes":""},"categories":[101],"tags":[131],"class_list":["post-62129","post","type-post","status-publish","format-standard","has-post-thumbnail","hentry","category-actualidad","tag-salud"],"a3_pvc":{"activated":true,"total_views":896,"today_views":7},"_links":{"self":[{"href":"https:\/\/temucotelevision.cl\/web\/wp-json\/wp\/v2\/posts\/62129","targetHints":{"allow":["GET"]}}],"collection":[{"href":"https:\/\/temucotelevision.cl\/web\/wp-json\/wp\/v2\/posts"}],"about":[{"href":"https:\/\/temucotelevision.cl\/web\/wp-json\/wp\/v2\/types\/post"}],"author":[{"embeddable":true,"href":"https:\/\/temucotelevision.cl\/web\/wp-json\/wp\/v2\/users\/1"}],"replies":[{"embeddable":true,"href":"https:\/\/temucotelevision.cl\/web\/wp-json\/wp\/v2\/comments?post=62129"}],"version-history":[{"count":1,"href":"https:\/\/temucotelevision.cl\/web\/wp-json\/wp\/v2\/posts\/62129\/revisions"}],"predecessor-version":[{"id":62131,"href":"https:\/\/temucotelevision.cl\/web\/wp-json\/wp\/v2\/posts\/62129\/revisions\/62131"}],"wp:featuredmedia":[{"embeddable":true,"href":"https:\/\/temucotelevision.cl\/web\/wp-json\/wp\/v2\/media\/62130"}],"wp:attachment":[{"href":"https:\/\/temucotelevision.cl\/web\/wp-json\/wp\/v2\/media?parent=62129"}],"wp:term":[{"taxonomy":"category","embeddable":true,"href":"https:\/\/temucotelevision.cl\/web\/wp-json\/wp\/v2\/categories?post=62129"},{"taxonomy":"post_tag","embeddable":true,"href":"https:\/\/temucotelevision.cl\/web\/wp-json\/wp\/v2\/tags?post=62129"}],"curies":[{"name":"wp","href":"https:\/\/api.w.org\/{rel}","templated":true}]}}