{"id":62126,"date":"2026-04-25T23:59:36","date_gmt":"2026-04-26T02:59:36","guid":{"rendered":"https:\/\/temucotelevision.cl\/web\/?p=62126"},"modified":"2026-04-25T23:59:36","modified_gmt":"2026-04-26T02:59:36","slug":"teatro-municipal-de-temuco-realiza-firma-de-convenios-con-auspiciadores-y-colaboradores-de-la-temporada-2026","status":"publish","type":"post","link":"https:\/\/temucotelevision.cl\/web\/2026\/04\/25\/teatro-municipal-de-temuco-realiza-firma-de-convenios-con-auspiciadores-y-colaboradores-de-la-temporada-2026\/","title":{"rendered":"Teatro Municipal de Temuco realiza firma de convenios con auspiciadores y colaboradores de la Temporada 2026"},"content":{"rendered":"<div class=\"pvc_clear\"><\/div><p id=\"pvc_stats_62126\" class=\"pvc_stats total_only  \" data-element-id=\"62126\" style=\"\"><i class=\"pvc-stats-icon large\" aria-hidden=\"true\"><svg aria-hidden=\"true\" focusable=\"false\" data-prefix=\"far\" data-icon=\"chart-bar\" role=\"img\" xmlns=\"http:\/\/www.w3.org\/2000\/svg\" viewBox=\"0 0 512 512\" class=\"svg-inline--fa fa-chart-bar fa-w-16 fa-2x\"><path fill=\"currentColor\" d=\"M396.8 352h22.4c6.4 0 12.8-6.4 12.8-12.8V108.8c0-6.4-6.4-12.8-12.8-12.8h-22.4c-6.4 0-12.8 6.4-12.8 12.8v230.4c0 6.4 6.4 12.8 12.8 12.8zm-192 0h22.4c6.4 0 12.8-6.4 12.8-12.8V140.8c0-6.4-6.4-12.8-12.8-12.8h-22.4c-6.4 0-12.8 6.4-12.8 12.8v198.4c0 6.4 6.4 12.8 12.8 12.8zm96 0h22.4c6.4 0 12.8-6.4 12.8-12.8V204.8c0-6.4-6.4-12.8-12.8-12.8h-22.4c-6.4 0-12.8 6.4-12.8 12.8v134.4c0 6.4 6.4 12.8 12.8 12.8zM496 400H48V80c0-8.84-7.16-16-16-16H16C7.16 64 0 71.16 0 80v336c0 17.67 14.33 32 32 32h464c8.84 0 16-7.16 16-16v-16c0-8.84-7.16-16-16-16zm-387.2-48h22.4c6.4 0 12.8-6.4 12.8-12.8v-70.4c0-6.4-6.4-12.8-12.8-12.8h-22.4c-6.4 0-12.8 6.4-12.8 12.8v70.4c0 6.4 6.4 12.8 12.8 12.8z\" class=\"\"><\/path><\/svg><\/i> <img loading=\"lazy\" decoding=\"async\" width=\"16\" height=\"16\" alt=\"Loading\" src=\"https:\/\/temucotelevision.cl\/web\/wp-content\/plugins\/page-views-count\/ajax-loader-2x.gif\" border=0 \/><\/p><div class=\"pvc_clear\"><\/div>\n<p><em>Once instituciones p\u00fablicas y privadas sellaron su compromiso con la cultura regional en una ceremonia encabezada por el alcalde Roberto Neira.<\/em><\/p>\n\n\n\n<p>El Teatro Municipal de Temuco \u201cCamilo Salvo\u201d llev\u00f3 a cabo la firma oficial de convenios con sus auspiciadores y colaboradores de la Temporada 2026, instancia que reuni\u00f3 a representantes del mundo privado, acad\u00e9mico y de los medios de comunicaci\u00f3n, quienes respaldan el desarrollo art\u00edstico de este nuevo ciclo.<\/p>\n\n\n\n<p>En esta oportunidad, son 11 las instituciones que se suman a este trabajo colaborativo, fortaleciendo el quehacer del principal escenario art\u00edstico de La Araucan\u00eda y permitiendo proyectar una temporada con mayor alcance y diversidad de p\u00fablicos. Este compromiso conjunto se traduce en un aporte valorizado en m\u00e1s de 120 millones de pesos, recursos fundamentales para el desarrollo de la programaci\u00f3n art\u00edstica, la realizaci\u00f3n de producciones propias y la generaci\u00f3n de instancias de acceso cultural para la comunidad.<\/p>\n\n\n\n<p>La ceremonia fue encabezada por el alcalde de Temuco y presidente de la Corporaci\u00f3n Cultural, Roberto Neira, junto a la Gerente y directora del Teatro Municipal de Temuco, Carolina Castillo. En la instancia, la autoridad comunal destac\u00f3 el rol que cumplen estas alianzas para el desarrollo del Teatro, se\u00f1alando que \u201c<em>el teatro por s\u00ed solo no puede llevar a cabo todas las actividades que necesita, y el aporte del mundo privado es fundamental para adquirir recursos que complementen lo que otorga la municipalidad de Temuco a trav\u00e9s de su concejo municipal. Adem\u00e1s, el teatro municipal de Temuco se est\u00e1 consolidando como uno de los m\u00e1s importantes de Chile, y lo ha demostrado con su consolidaci\u00f3n no solamente en el aspecto art\u00edstico, sino tambi\u00e9n, en lo administrativo y log\u00edstico\u201d.<\/em><\/p>\n\n\n\n<p>La jornada cont\u00f3 adem\u00e1s con la participaci\u00f3n de representantes de las instituciones auspiciadoras y colaboradoras, as\u00ed como de invitados especiales vinculados al \u00e1mbito cultural, en un encuentro que reafirma la importancia del trabajo conjunto entre el sector p\u00fablico y privado para el desarrollo de las artes.<\/p>\n\n\n\n<p>Desde el mundo acad\u00e9mico, el vicerrector de la Universidad Aut\u00f3noma, sede Temuco, Dr. Emilio Guerra, valor\u00f3 este tipo de iniciativas, indicando que \u201c<em>es un compromiso que tiene la Universidad hacia la comunidad, un compromiso con la cultura, y sobre todo que se pueda abrir el mundo de la cultura y que llegue a la gente de a pie, y de quienes viven en los diferentes barrios vecinales de Temuco. Por eso es un aporte importante que hicimos y marca la senda de la responsabilidad que tenemos con la regi\u00f3n\u201d.<\/em><\/p>\n\n\n\n<p>En la misma l\u00ednea, Eduardo Cisternas, vicerrector (s) de la Universidad de La Frontera, relev\u00f3 la proyecci\u00f3n de este v\u00ednculo, se\u00f1alando que \u201c<em>fomentar la cultura y que esta llegue a los distintos sectores, por ello nosotros vamos a seguir con esta colaboraci\u00f3n, la vamos a potenciar y tambi\u00e9n vamos a incorporar a los elencos de la Universidad en el quehacer conjunto gracias a este convenio\u201d.<\/em><\/p>\n\n\n\n<p>Desde el \u00e1mbito de las comunicaciones, Ewaldo Bustos, jefe zonal sur de Radio B\u00edo-B\u00edo, destac\u00f3 la continuidad de esta alianza, indicando que \u201c<em>estamos muy contentos porque desde la primera temporada, ya estuvimos con el teatro desde el comienzo y hemos seguido, porque nos parece una forma maravillosa de conectarnos con la cultura, conectar a la gente con la cultura, ser un veh\u00edculo de intermediario, no solo noticias tristes, complicadas y dif\u00edciles, sino que tambi\u00e9n tenemos que estar en las cosas bonitas y el arte y la cultura por supuesto que lo son\u201d.<\/em><\/p>\n\n\n\n<p>Por su parte, Fernando Romero, gerente general de Inmobiliaria y Constructora Providencia, valor\u00f3 la vinculaci\u00f3n con el espacio cultural, afirmando que&nbsp;<em>\u201cvincularnos con el teatro municipal en Temuco es un privilegio, nos sentimos muy acogidos por la ciudad, y de alguna forma poder vincularnos con la cultura es algo importante para nuestra empresa y nos hace m\u00e1s c\u00f3mplice en el crecimiento de la ciudad\u201d.<\/em><\/p>\n\n\n\n<p>En esta nueva temporada, el Teatro Municipal de Temuco cuenta con el respaldo de destacadas instituciones p\u00fablicas y privadas: Universidad Aut\u00f3noma de Chile, Portillo Sur, Cl\u00ednica Alemana Temuco, Diario El Austral de La Araucan\u00eda, Radio B\u00edo B\u00edo, Intergas, Mutual de Seguridad, Ufro Medios, Inacap, Easton Outlet Mall e Inmobiliaria y Constructora Providencia, quienes, desde sus respectivos \u00e1mbitos, contribuyen al fortalecimiento del desarrollo cultural y art\u00edstico de la comuna.<\/p>\n\n\n\n<p>La actividad adem\u00e1s fue acompa\u00f1ada por una presentaci\u00f3n art\u00edstica a cargo de m\u00fasicos de la Orquesta Filarm\u00f3nica de Temuco, quienes aportaron un marco cultural a esta significativa instancia.<\/p>\n\n\n\n<p>Con esta firma, el Teatro Municipal de Temuco consolida una red de alianzas estrat\u00e9gicas que permiten fortalecer su programaci\u00f3n, ampliar el acceso a las artes y continuar posicion\u00e1ndose como un espacio cultural de referencia en el sur del pa\u00eds.<\/p>\n","protected":false},"excerpt":{"rendered":"<div class=\"pvc_clear\"><\/div>\n<p id=\"pvc_stats_62126\" class=\"pvc_stats total_only  \" data-element-id=\"62126\" style=\"\"><i class=\"pvc-stats-icon large\" aria-hidden=\"true\"><svg aria-hidden=\"true\" focusable=\"false\" data-prefix=\"far\" data-icon=\"chart-bar\" role=\"img\" xmlns=\"http:\/\/www.w3.org\/2000\/svg\" viewBox=\"0 0 512 512\" class=\"svg-inline--fa fa-chart-bar fa-w-16 fa-2x\"><path fill=\"currentColor\" d=\"M396.8 352h22.4c6.4 0 12.8-6.4 12.8-12.8V108.8c0-6.4-6.4-12.8-12.8-12.8h-22.4c-6.4 0-12.8 6.4-12.8 12.8v230.4c0 6.4 6.4 12.8 12.8 12.8zm-192 0h22.4c6.4 0 12.8-6.4 12.8-12.8V140.8c0-6.4-6.4-12.8-12.8-12.8h-22.4c-6.4 0-12.8 6.4-12.8 12.8v198.4c0 6.4 6.4 12.8 12.8 12.8zm96 0h22.4c6.4 0 12.8-6.4 12.8-12.8V204.8c0-6.4-6.4-12.8-12.8-12.8h-22.4c-6.4 0-12.8 6.4-12.8 12.8v134.4c0 6.4 6.4 12.8 12.8 12.8zM496 400H48V80c0-8.84-7.16-16-16-16H16C7.16 64 0 71.16 0 80v336c0 17.67 14.33 32 32 32h464c8.84 0 16-7.16 16-16v-16c0-8.84-7.16-16-16-16zm-387.2-48h22.4c6.4 0 12.8-6.4 12.8-12.8v-70.4c0-6.4-6.4-12.8-12.8-12.8h-22.4c-6.4 0-12.8 6.4-12.8 12.8v70.4c0 6.4 6.4 12.8 12.8 12.8z\" class=\"\"><\/path><\/svg><\/i> <img loading=\"lazy\" decoding=\"async\" width=\"16\" height=\"16\" alt=\"Loading\" src=\"https:\/\/temucotelevision.cl\/web\/wp-content\/plugins\/page-views-count\/ajax-loader-2x.gif\" border=0 \/><\/p>\n<div class=\"pvc_clear\"><\/div>\n<p>Once instituciones p\u00fablicas y privadas sellaron su compromiso con la cultura regional en una ceremonia encabezada por el alcalde Roberto<\/p>\n","protected":false},"author":1,"featured_media":62127,"comment_status":"open","ping_status":"open","sticky":false,"template":"","format":"standard","meta":{"colormag_page_container_layout":"default_layout","colormag_page_sidebar_layout":"default_layout","footnotes":""},"categories":[14],"tags":[283],"class_list":["post-62126","post","type-post","status-publish","format-standard","has-post-thumbnail","hentry","category-temuco","tag-teatro"],"a3_pvc":{"activated":true,"total_views":1028,"today_views":6},"_links":{"self":[{"href":"https:\/\/temucotelevision.cl\/web\/wp-json\/wp\/v2\/posts\/62126","targetHints":{"allow":["GET"]}}],"collection":[{"href":"https:\/\/temucotelevision.cl\/web\/wp-json\/wp\/v2\/posts"}],"about":[{"href":"https:\/\/temucotelevision.cl\/web\/wp-json\/wp\/v2\/types\/post"}],"author":[{"embeddable":true,"href":"https:\/\/temucotelevision.cl\/web\/wp-json\/wp\/v2\/users\/1"}],"replies":[{"embeddable":true,"href":"https:\/\/temucotelevision.cl\/web\/wp-json\/wp\/v2\/comments?post=62126"}],"version-history":[{"count":1,"href":"https:\/\/temucotelevision.cl\/web\/wp-json\/wp\/v2\/posts\/62126\/revisions"}],"predecessor-version":[{"id":62128,"href":"https:\/\/temucotelevision.cl\/web\/wp-json\/wp\/v2\/posts\/62126\/revisions\/62128"}],"wp:featuredmedia":[{"embeddable":true,"href":"https:\/\/temucotelevision.cl\/web\/wp-json\/wp\/v2\/media\/62127"}],"wp:attachment":[{"href":"https:\/\/temucotelevision.cl\/web\/wp-json\/wp\/v2\/media?parent=62126"}],"wp:term":[{"taxonomy":"category","embeddable":true,"href":"https:\/\/temucotelevision.cl\/web\/wp-json\/wp\/v2\/categories?post=62126"},{"taxonomy":"post_tag","embeddable":true,"href":"https:\/\/temucotelevision.cl\/web\/wp-json\/wp\/v2\/tags?post=62126"}],"curies":[{"name":"wp","href":"https:\/\/api.w.org\/{rel}","templated":true}]}}