{"id":62123,"date":"2026-04-25T23:32:10","date_gmt":"2026-04-26T02:32:10","guid":{"rendered":"https:\/\/temucotelevision.cl\/web\/?p=62123"},"modified":"2026-04-25T23:32:10","modified_gmt":"2026-04-26T02:32:10","slug":"direccion-del-trabajo-capacita-en-permisos-laborales-a-padres-madres-y-cuidadores-de-menores-con-tea","status":"publish","type":"post","link":"https:\/\/temucotelevision.cl\/web\/2026\/04\/25\/direccion-del-trabajo-capacita-en-permisos-laborales-a-padres-madres-y-cuidadores-de-menores-con-tea\/","title":{"rendered":"Direcci\u00f3n del Trabajo capacita en permisos laborales a padres, madres y cuidadores de menores con TEA"},"content":{"rendered":"<div class=\"pvc_clear\"><\/div><p id=\"pvc_stats_62123\" class=\"pvc_stats total_only  \" data-element-id=\"62123\" style=\"\"><i class=\"pvc-stats-icon large\" aria-hidden=\"true\"><svg aria-hidden=\"true\" focusable=\"false\" data-prefix=\"far\" data-icon=\"chart-bar\" role=\"img\" xmlns=\"http:\/\/www.w3.org\/2000\/svg\" viewBox=\"0 0 512 512\" class=\"svg-inline--fa fa-chart-bar fa-w-16 fa-2x\"><path fill=\"currentColor\" d=\"M396.8 352h22.4c6.4 0 12.8-6.4 12.8-12.8V108.8c0-6.4-6.4-12.8-12.8-12.8h-22.4c-6.4 0-12.8 6.4-12.8 12.8v230.4c0 6.4 6.4 12.8 12.8 12.8zm-192 0h22.4c6.4 0 12.8-6.4 12.8-12.8V140.8c0-6.4-6.4-12.8-12.8-12.8h-22.4c-6.4 0-12.8 6.4-12.8 12.8v198.4c0 6.4 6.4 12.8 12.8 12.8zm96 0h22.4c6.4 0 12.8-6.4 12.8-12.8V204.8c0-6.4-6.4-12.8-12.8-12.8h-22.4c-6.4 0-12.8 6.4-12.8 12.8v134.4c0 6.4 6.4 12.8 12.8 12.8zM496 400H48V80c0-8.84-7.16-16-16-16H16C7.16 64 0 71.16 0 80v336c0 17.67 14.33 32 32 32h464c8.84 0 16-7.16 16-16v-16c0-8.84-7.16-16-16-16zm-387.2-48h22.4c6.4 0 12.8-6.4 12.8-12.8v-70.4c0-6.4-6.4-12.8-12.8-12.8h-22.4c-6.4 0-12.8 6.4-12.8 12.8v70.4c0 6.4 6.4 12.8 12.8 12.8z\" class=\"\"><\/path><\/svg><\/i> <img loading=\"lazy\" decoding=\"async\" width=\"16\" height=\"16\" alt=\"Loading\" src=\"https:\/\/temucotelevision.cl\/web\/wp-content\/plugins\/page-views-count\/ajax-loader-2x.gif\" border=0 \/><\/p><div class=\"pvc_clear\"><\/div>\n<ul class=\"wp-block-list\">\n<li>Progenitores y cuidadores de ni\u00f1as, ni\u00f1os y adolescentes con TEA tienen derecho a ausentarse de sus empleos en caso de emergencias ocurridas en establecimientos educacionales.\u00a0<\/li>\n\n\n\n<li>Actividad organizada por el CESFAM de Victoria se realiz\u00f3 en el Centro Cultural de la comuna.<\/li>\n<\/ul>\n\n\n\n<p>\u00a0La Direcci\u00f3n Regional del Trabajo (DT) expuso a padres, madres y cuidadores de menores de edad con Trastornos del Espectro Autista (TEA) de la comuna de Victoria sobre el permiso laboral con que cuentan para ausentarse de sus labores ante emergencias ocurridas en establecimientos educacionales.\u00a0<\/p>\n\n\n\n<p>La actividad en el Centro Cultural de la comuna fue organizada por el Centro de Salud Familiar (CESFAM) y cont\u00f3 con la asistencia de numerosos progenitores en esa condici\u00f3n, adem\u00e1s de funcionarios de educaci\u00f3n, salud y otros servicios p\u00fablicos.&nbsp;<\/p>\n\n\n\n<p>La exposici\u00f3n estuvo a cargo de la Directora Regional del Trabajo, Carolina Ojeda Galaz.&nbsp;<\/p>\n\n\n\n<p>La autoridad laboral explic\u00f3 que \u201cno solo hablamos de una norma, sino que tambi\u00e9n de la tranquilidad que necesitan las madres, padres y cuidadores para estar donde deben estar en los momentos importantes junto a sus hijos e hijas\u201d. Explic\u00f3 que \u201cla ley TEA reconoce esta realidad y pone en el centro la dignidad y el cuidado, y, por cierto, que el amor. Nuestro compromiso es que este derecho se conozca, se respete y se ejerza plenamente porque acompa\u00f1ar a las familias tambi\u00e9n es construir una sociedad m\u00e1s justa y, por supuesto, m\u00e1s inclusiva\u201d.&nbsp;<\/p>\n\n\n\n<p>A la vez, el seremi del Trabajo y Previsi\u00f3n Social, Juan Pablo Carrasco, sostuvo que&nbsp;\u201cComo Ministerio del Trabajo y Previsi\u00f3n Social, queremos reforzar la importancia de que madres, padres y cuidadores conozcan y ejerzan este derecho que establece la Ley TEA. Este permiso laboral es una herramienta concreta que protege a las familias y promueve entornos laborales m\u00e1s humanos e inclusivos. Nuestro llamado es tanto a las y los trabajadores a informarse, como tambi\u00e9n a los empleadores a respetar y facilitar el ejercicio de este derecho, porque avanzar en inclusi\u00f3n tambi\u00e9n implica comprender y apoyar las distintas realidades que viven las familias en nuestro pa\u00eds.\u201d<\/p>\n\n\n\n<p><strong>Marco legal<\/strong><\/p>\n\n\n\n<p>La Ley TEA (N\u00b021.545) fue promulgada en 2023 y garantiza el derecho a la igualdad de oportunidades y la inclusi\u00f3n social de las personas con Trastorno del Espectro Autista.<\/p>\n\n\n\n<p>Establece atenci\u00f3n integral en salud, educaci\u00f3n y protecci\u00f3n social, eliminando la discriminaci\u00f3n, promoviendo la detecci\u00f3n temprana y acompa\u00f1ando durante todo el ciclo vital.<\/p>\n\n\n\n<p>En su arista laboral, la ley permite a padres, madres o tutores legales de menores autistas ausentarse del trabajo ante emergencias en establecimientos educacionales, tr\u00e1mite gestionable en la Direcci\u00f3n del Trabajo.<\/p>\n\n\n\n<p>En lo concreto, cuando sea necesario concurrir a una emergencia que afecte la integridad del hijo menor de edad con trastorno del espectro autista en un establecimiento educacional, el padre, madre, progenitor o persona que tenga a cargo su cuidado est\u00e1 facultado, por el solo ministerio de la ley, para ausentarse de sus labores por el tiempo durante el cual se enfrente a dicha circunstancia. Esto es, aquel lapso que medie entre que reciba la comunicaci\u00f3n de la emergencia que afecta al menor y en que el menor de edad salga del estado en que se encontraba, quedando a salvo su integridad.<\/p>\n\n\n\n<p>El tiempo que estos trabajadores destinen a la atenci\u00f3n de estas emergencias ser\u00e1 considerado como trabajado para todos los efectos legales. El empleador no podr\u00e1, en caso alguno, calificar esta salida como intempestiva e injustificada para configurar la causal de abandono de trabajo establecida en la letra a) del n\u00famero 4 del art\u00edculo 160, o como fundamento de una investigaci\u00f3n sumaria.<\/p>\n\n\n\n<p>La condici\u00f3n previa para hacer uso de este permiso laboral es que padres, madres y cuidades es dar aviso a la Inspecci\u00f3n del Trabajo del territorio respectivo la circunstancia de tener un hijo, hija o menor bajo su tutela legal, diagnosticado con trastorno del espectro autista.<\/p>\n","protected":false},"excerpt":{"rendered":"<div class=\"pvc_clear\"><\/div>\n<p id=\"pvc_stats_62123\" class=\"pvc_stats total_only  \" data-element-id=\"62123\" style=\"\"><i class=\"pvc-stats-icon large\" aria-hidden=\"true\"><svg aria-hidden=\"true\" focusable=\"false\" data-prefix=\"far\" data-icon=\"chart-bar\" role=\"img\" xmlns=\"http:\/\/www.w3.org\/2000\/svg\" viewBox=\"0 0 512 512\" class=\"svg-inline--fa fa-chart-bar fa-w-16 fa-2x\"><path fill=\"currentColor\" d=\"M396.8 352h22.4c6.4 0 12.8-6.4 12.8-12.8V108.8c0-6.4-6.4-12.8-12.8-12.8h-22.4c-6.4 0-12.8 6.4-12.8 12.8v230.4c0 6.4 6.4 12.8 12.8 12.8zm-192 0h22.4c6.4 0 12.8-6.4 12.8-12.8V140.8c0-6.4-6.4-12.8-12.8-12.8h-22.4c-6.4 0-12.8 6.4-12.8 12.8v198.4c0 6.4 6.4 12.8 12.8 12.8zm96 0h22.4c6.4 0 12.8-6.4 12.8-12.8V204.8c0-6.4-6.4-12.8-12.8-12.8h-22.4c-6.4 0-12.8 6.4-12.8 12.8v134.4c0 6.4 6.4 12.8 12.8 12.8zM496 400H48V80c0-8.84-7.16-16-16-16H16C7.16 64 0 71.16 0 80v336c0 17.67 14.33 32 32 32h464c8.84 0 16-7.16 16-16v-16c0-8.84-7.16-16-16-16zm-387.2-48h22.4c6.4 0 12.8-6.4 12.8-12.8v-70.4c0-6.4-6.4-12.8-12.8-12.8h-22.4c-6.4 0-12.8 6.4-12.8 12.8v70.4c0 6.4 6.4 12.8 12.8 12.8z\" class=\"\"><\/path><\/svg><\/i> <img loading=\"lazy\" decoding=\"async\" width=\"16\" height=\"16\" alt=\"Loading\" src=\"https:\/\/temucotelevision.cl\/web\/wp-content\/plugins\/page-views-count\/ajax-loader-2x.gif\" border=0 \/><\/p>\n<div class=\"pvc_clear\"><\/div>\n<p>\u00a0La Direcci\u00f3n Regional del Trabajo (DT) expuso a padres, madres y cuidadores de menores de edad con Trastornos del Espectro<\/p>\n","protected":false},"author":1,"featured_media":62124,"comment_status":"open","ping_status":"open","sticky":false,"template":"","format":"standard","meta":{"colormag_page_container_layout":"default_layout","colormag_page_sidebar_layout":"default_layout","footnotes":""},"categories":[14],"tags":[3758],"class_list":["post-62123","post","type-post","status-publish","format-standard","has-post-thumbnail","hentry","category-temuco","tag-cuidadores"],"a3_pvc":{"activated":true,"total_views":965,"today_views":1},"_links":{"self":[{"href":"https:\/\/temucotelevision.cl\/web\/wp-json\/wp\/v2\/posts\/62123","targetHints":{"allow":["GET"]}}],"collection":[{"href":"https:\/\/temucotelevision.cl\/web\/wp-json\/wp\/v2\/posts"}],"about":[{"href":"https:\/\/temucotelevision.cl\/web\/wp-json\/wp\/v2\/types\/post"}],"author":[{"embeddable":true,"href":"https:\/\/temucotelevision.cl\/web\/wp-json\/wp\/v2\/users\/1"}],"replies":[{"embeddable":true,"href":"https:\/\/temucotelevision.cl\/web\/wp-json\/wp\/v2\/comments?post=62123"}],"version-history":[{"count":1,"href":"https:\/\/temucotelevision.cl\/web\/wp-json\/wp\/v2\/posts\/62123\/revisions"}],"predecessor-version":[{"id":62125,"href":"https:\/\/temucotelevision.cl\/web\/wp-json\/wp\/v2\/posts\/62123\/revisions\/62125"}],"wp:featuredmedia":[{"embeddable":true,"href":"https:\/\/temucotelevision.cl\/web\/wp-json\/wp\/v2\/media\/62124"}],"wp:attachment":[{"href":"https:\/\/temucotelevision.cl\/web\/wp-json\/wp\/v2\/media?parent=62123"}],"wp:term":[{"taxonomy":"category","embeddable":true,"href":"https:\/\/temucotelevision.cl\/web\/wp-json\/wp\/v2\/categories?post=62123"},{"taxonomy":"post_tag","embeddable":true,"href":"https:\/\/temucotelevision.cl\/web\/wp-json\/wp\/v2\/tags?post=62123"}],"curies":[{"name":"wp","href":"https:\/\/api.w.org\/{rel}","templated":true}]}}