{"id":62116,"date":"2026-04-25T23:20:39","date_gmt":"2026-04-26T02:20:39","guid":{"rendered":"https:\/\/temucotelevision.cl\/web\/?p=62116"},"modified":"2026-04-25T23:32:39","modified_gmt":"2026-04-26T02:32:39","slug":"la-tecnocreatividad-en-el-sur-de-chile-sigue-creciendo-y-suma-nuevos-referentes","status":"publish","type":"post","link":"https:\/\/temucotelevision.cl\/web\/2026\/04\/25\/la-tecnocreatividad-en-el-sur-de-chile-sigue-creciendo-y-suma-nuevos-referentes\/","title":{"rendered":"La tecnocreatividad en el sur de Chile sigue creciendo y suma nuevos referentes"},"content":{"rendered":"<div class=\"pvc_clear\"><\/div><p id=\"pvc_stats_62116\" class=\"pvc_stats total_only  \" data-element-id=\"62116\" style=\"\"><i class=\"pvc-stats-icon large\" aria-hidden=\"true\"><svg aria-hidden=\"true\" focusable=\"false\" data-prefix=\"far\" data-icon=\"chart-bar\" role=\"img\" xmlns=\"http:\/\/www.w3.org\/2000\/svg\" viewBox=\"0 0 512 512\" class=\"svg-inline--fa fa-chart-bar fa-w-16 fa-2x\"><path fill=\"currentColor\" d=\"M396.8 352h22.4c6.4 0 12.8-6.4 12.8-12.8V108.8c0-6.4-6.4-12.8-12.8-12.8h-22.4c-6.4 0-12.8 6.4-12.8 12.8v230.4c0 6.4 6.4 12.8 12.8 12.8zm-192 0h22.4c6.4 0 12.8-6.4 12.8-12.8V140.8c0-6.4-6.4-12.8-12.8-12.8h-22.4c-6.4 0-12.8 6.4-12.8 12.8v198.4c0 6.4 6.4 12.8 12.8 12.8zm96 0h22.4c6.4 0 12.8-6.4 12.8-12.8V204.8c0-6.4-6.4-12.8-12.8-12.8h-22.4c-6.4 0-12.8 6.4-12.8 12.8v134.4c0 6.4 6.4 12.8 12.8 12.8zM496 400H48V80c0-8.84-7.16-16-16-16H16C7.16 64 0 71.16 0 80v336c0 17.67 14.33 32 32 32h464c8.84 0 16-7.16 16-16v-16c0-8.84-7.16-16-16-16zm-387.2-48h22.4c6.4 0 12.8-6.4 12.8-12.8v-70.4c0-6.4-6.4-12.8-12.8-12.8h-22.4c-6.4 0-12.8 6.4-12.8 12.8v70.4c0 6.4 6.4 12.8 12.8 12.8z\" class=\"\"><\/path><\/svg><\/i> <img loading=\"lazy\" decoding=\"async\" width=\"16\" height=\"16\" alt=\"Loading\" src=\"https:\/\/temucotelevision.cl\/web\/wp-content\/plugins\/page-views-count\/ajax-loader-2x.gif\" border=0 \/><\/p><div class=\"pvc_clear\"><\/div>\n<ul class=\"wp-block-list\">\n<li>Cuatro proyectos que ponen en valor los aspectos naturales, culturales y geogr\u00e1ficos del sur de Chile fueron presentados este s\u00e1bado 25 de abril en un visionado realizado en CRTIC SUR, en Puc\u00f3n.<\/li>\n\n\n\n<li>Wenu Mapu Epew, Geolog\u00eda Vincular, Patrimonio Expandido y Valdivia Valdivia fueron los proyectos protagonistas de la jornada, que marcaron el cierre del programa CRTIC LAB Sur.<\/li>\n<\/ul>\n\n\n\n<p>El ecosistema tecnocreativo del sur de Chile contin\u00faa consolid\u00e1ndose. En este contexto, CRTIC impulsa cuatro proyectos que vinculan tecnolog\u00eda, creatividad y territorio, destacando dimensiones naturales, culturales y geogr\u00e1ficas del sur del pa\u00eds.<\/p>\n\n\n\n<p>La presentaci\u00f3n se llev\u00f3 a cabo en las dependencias del CRTIC, ubicadas en Caupolic\u00e1n 78 (Universidad La Frontera), y cont\u00f3 con la participaci\u00f3n de autoridades, estudiantes, artistas, periodistas y representantes del sector empresarial. Wenu Mapu Epew, Geolog\u00eda Vincular, Patrimonio Expandido y Valdivia Valdivia fueron los proyectos protagonistas de la jornada, marcando el cierre del programa CRTIC LAB Sur.<\/p>\n\n\n\n<p>El programa CRTIC LAB Sur, desarrollado entre enero y abril de 2026, tuvo como prop\u00f3sito transformar ideas en proyectos reales mediante el acceso a infraestructura, tecnolog\u00eda, mentor\u00edas especializadas y redes de vinculaci\u00f3n. Asimismo, busc\u00f3 posicionar a los proyectos seleccionados como referentes dentro de las industrias culturales y creativas.<\/p>\n\n\n\n<p>Durante el proceso, las y los participantes recibieron acompa\u00f1amiento permanente, incluyendo mentor\u00edas en \u00e1reas como propiedad intelectual, storytelling, modelo de negocios y presentaci\u00f3n a inversionistas, junto con acceso a herramientas y equipamiento tecnol\u00f3gico.<\/p>\n\n\n\n<figure class=\"wp-block-image size-large\"><img loading=\"lazy\" decoding=\"async\" width=\"1000\" height=\"667\" src=\"https:\/\/temucotelevision.cl\/web\/wp-content\/uploads\/2026\/04\/25.04.2026-CRTIC-Lab-30-1000x667.jpg\" alt=\"\" class=\"wp-image-62118\" srcset=\"https:\/\/temucotelevision.cl\/web\/wp-content\/uploads\/2026\/04\/25.04.2026-CRTIC-Lab-30-1000x667.jpg 1000w, https:\/\/temucotelevision.cl\/web\/wp-content\/uploads\/2026\/04\/25.04.2026-CRTIC-Lab-30-768x512.jpg 768w, https:\/\/temucotelevision.cl\/web\/wp-content\/uploads\/2026\/04\/25.04.2026-CRTIC-Lab-30-1536x1024.jpg 1536w, https:\/\/temucotelevision.cl\/web\/wp-content\/uploads\/2026\/04\/25.04.2026-CRTIC-Lab-30-2048x1366.jpg 2048w\" sizes=\"auto, (max-width: 1000px) 100vw, 1000px\" \/><\/figure>\n\n\n\n<p><strong>Proyectos 2026<\/strong><\/p>\n\n\n\n<p><strong>Wenu Mapu Epew \u2013 \u00d3scar Llauqu\u00e9n, Iv\u00e1n Gonz\u00e1lez<\/strong><\/p>\n\n\n\n<p>Prototipo de mapping adaptativo que integra arte digital, astronom\u00eda y cosmovisi\u00f3n mapuche. La obra expandi\u00f3 el cortometraje Wanlen hacia una experiencia inmersiva escalable \u2014indoor, outdoor y realidad virtual\u2014, fortaleciendo el v\u00ednculo entre ciencia, territorio, turismo astron\u00f3mico y saberes ancestrales del sur.<\/p>\n\n\n\n<p>\u201cEste es un proyecto de rescate cultural y patrimonial sobre la cosmovisi\u00f3n mapuche y su relaci\u00f3n con el cielo, cuyos relatos y visiones han sido transmitidos oralmente de generaci\u00f3n en generaci\u00f3n, en torno a la idea de que \u2018como es arriba, es abajo\u2019. Buscamos crear una experiencia a trav\u00e9s de dispositivos audiovisuales inmersivos e interactivos, con el fin de rescatar y trasladar este conocimiento a nuevos formatos\u201d, se\u00f1al\u00f3 \u00d3scar Llauqu\u00e9n.<\/p>\n\n\n\n<p><strong>Geolog\u00eda Vincular \u2013 Roc\u00edo L\u00f3pez Montaner<\/strong><\/p>\n\n\n\n<p>Propuesta de mediaci\u00f3n tecnocreativa que conect\u00f3 geolog\u00eda, territorio y comunidad a trav\u00e9s de experiencias visuales e interactivas. El proyecto tradujo procesos geol\u00f3gicos en lenguajes sensibles y contempor\u00e1neos, acercando el conocimiento cient\u00edfico al p\u00fablico desde una perspectiva situada y participativa.<\/p>\n\n\n\n<p>\u201cEspero que esta instalaci\u00f3n genere impacto y pueda conmover especialmente a los y las estudiantes, acerc\u00e1ndolos a un uso de la tecnolog\u00eda que tambi\u00e9n puede ser reflexivo y sensible, y que les permita desarrollar una mayor sensibilidad hacia el entorno que habitan, mir\u00e1ndolo desde otra perspectiva\u201d, indic\u00f3 Roc\u00edo L\u00f3pez Montaner.<\/p>\n\n\n\n<p>Asimismo, agreg\u00f3: \u201cPara m\u00ed, la tecnolog\u00eda funciona como una aliada en la creaci\u00f3n, en la medida en que permite hacer visibles cosas que normalmente no percibimos. Ampl\u00eda los sentidos y abre posibilidades para relacionarse, no solo desde la observaci\u00f3n, sino desde una experiencia m\u00e1s profunda\u201d.<\/p>\n\n\n\n<p><strong>Patrimonio Expandido \u2013 Nicol\u00e1s Caballero y Consuelo Fern\u00e1ndez<\/strong><\/p>\n\n\n\n<p>Proyecto que explor\u00f3 nuevas formas de activar el patrimonio mapuche mediante instalaciones inmersivas de luz, proyecci\u00f3n y materiales trasl\u00facidos. A partir de escaneos 3D de piezas patrimoniales, propuso un patrimonio vivo, habitable y en transformaci\u00f3n constante junto a la comunidad.<\/p>\n\n\n\n<p>\u201cPatrimonio Expandido busca poner en valor el patrimonio natural de las ciudades, como son los \u00e1rboles antiguos de Temuco, \u00e1rboles nativos que estaban antes de la fundaci\u00f3n de la ciudad y que sobreviven en calles y parques a pesar del avance urbano\u201d, afirm\u00f3 Nicol\u00e1s Caballero.<\/p>\n\n\n\n<p><strong>Valdivia Valdivia \u2013 Cristi\u00e1n Jim\u00e9nez<\/strong><\/p>\n\n\n\n<p>Largometraje documental animado que cruz\u00f3 archivo, memoria personal y creaci\u00f3n est\u00e9tica para reflexionar sobre la historia, el estallido social y la identidad de Valdivia. El proyecto apost\u00f3 por la animaci\u00f3n y tecnolog\u00edas emergentes como herramientas de investigaci\u00f3n, creaci\u00f3n y formaci\u00f3n audiovisual en el sur de Chile.<\/p>\n\n\n\n<p>\u201cValdivia Valdivia es un largometraje documental animado que busca pistas en el teatro de infancia de la ciudad y se articula a partir de un hecho hist\u00f3rico de 1599, un levantamiento mapuche que destruy\u00f3 por completo Valdivia\u201d, explic\u00f3 Cristi\u00e1n Jim\u00e9nez.<\/p>\n\n\n\n<p><strong>Con el cierre de esta etapa, CRTIC reafirma su compromiso con el desarrollo de la tecnocreatividad en regiones, impulsando proyectos que no s\u00f3lo dialogan con sus territorios, sino que tambi\u00e9n proyectan nuevas formas de creaci\u00f3n desde el sur de Chile hacia el mundo.<\/strong><\/p>\n\n\n\n<p><strong>Los cuatro proyectos continuar\u00e1n su proceso de desarrollo y consolidaci\u00f3n, con miras a su estreno y exhibici\u00f3n en circuitos nacionales e internacionales, ampliando as\u00ed el alcance de sus propuestas y posicionando al sur de Chile como un polo emergente de innovaci\u00f3n cultural y tecnol\u00f3gica.<\/strong><\/p>\n\n\n\n<p><strong>VIDEO PROYECTOS:<\/strong><a href=\"https:\/\/www.youtube.com\/watch?v=TgKtEQAo_KI\" target=\"_blank\" rel=\"noreferrer noopener\"><strong> <\/strong><strong>La tecnocreatividad en el sur de Chile sigue creciendo y suma nuevos referentes<\/strong><\/a><\/p>\n\n\n\n<figure class=\"wp-block-image size-large\"><img loading=\"lazy\" decoding=\"async\" width=\"1000\" height=\"667\" src=\"https:\/\/temucotelevision.cl\/web\/wp-content\/uploads\/2026\/04\/25.04.2026-CRTIC-Lab-20-1000x667.jpg\" alt=\"\" class=\"wp-image-62119\" srcset=\"https:\/\/temucotelevision.cl\/web\/wp-content\/uploads\/2026\/04\/25.04.2026-CRTIC-Lab-20-1000x667.jpg 1000w, https:\/\/temucotelevision.cl\/web\/wp-content\/uploads\/2026\/04\/25.04.2026-CRTIC-Lab-20-768x512.jpg 768w, https:\/\/temucotelevision.cl\/web\/wp-content\/uploads\/2026\/04\/25.04.2026-CRTIC-Lab-20-1536x1024.jpg 1536w, https:\/\/temucotelevision.cl\/web\/wp-content\/uploads\/2026\/04\/25.04.2026-CRTIC-Lab-20-2048x1366.jpg 2048w\" sizes=\"auto, (max-width: 1000px) 100vw, 1000px\" \/><\/figure>\n\n\n\n<iframe loading=\"lazy\" width=\"560\" height=\"315\" src=\"https:\/\/www.youtube.com\/embed\/TgKtEQAo_KI?si=t_8dqCj7LxtKhGfw\" title=\"YouTube video player\" frameborder=\"0\" allow=\"accelerometer; autoplay; clipboard-write; encrypted-media; gyroscope; picture-in-picture; web-share\" referrerpolicy=\"strict-origin-when-cross-origin\" allowfullscreen><\/iframe>\n","protected":false},"excerpt":{"rendered":"<div class=\"pvc_clear\"><\/div>\n<p id=\"pvc_stats_62116\" class=\"pvc_stats total_only  \" data-element-id=\"62116\" style=\"\"><i class=\"pvc-stats-icon large\" aria-hidden=\"true\"><svg aria-hidden=\"true\" focusable=\"false\" data-prefix=\"far\" data-icon=\"chart-bar\" role=\"img\" xmlns=\"http:\/\/www.w3.org\/2000\/svg\" viewBox=\"0 0 512 512\" class=\"svg-inline--fa fa-chart-bar fa-w-16 fa-2x\"><path fill=\"currentColor\" d=\"M396.8 352h22.4c6.4 0 12.8-6.4 12.8-12.8V108.8c0-6.4-6.4-12.8-12.8-12.8h-22.4c-6.4 0-12.8 6.4-12.8 12.8v230.4c0 6.4 6.4 12.8 12.8 12.8zm-192 0h22.4c6.4 0 12.8-6.4 12.8-12.8V140.8c0-6.4-6.4-12.8-12.8-12.8h-22.4c-6.4 0-12.8 6.4-12.8 12.8v198.4c0 6.4 6.4 12.8 12.8 12.8zm96 0h22.4c6.4 0 12.8-6.4 12.8-12.8V204.8c0-6.4-6.4-12.8-12.8-12.8h-22.4c-6.4 0-12.8 6.4-12.8 12.8v134.4c0 6.4 6.4 12.8 12.8 12.8zM496 400H48V80c0-8.84-7.16-16-16-16H16C7.16 64 0 71.16 0 80v336c0 17.67 14.33 32 32 32h464c8.84 0 16-7.16 16-16v-16c0-8.84-7.16-16-16-16zm-387.2-48h22.4c6.4 0 12.8-6.4 12.8-12.8v-70.4c0-6.4-6.4-12.8-12.8-12.8h-22.4c-6.4 0-12.8 6.4-12.8 12.8v70.4c0 6.4 6.4 12.8 12.8 12.8z\" class=\"\"><\/path><\/svg><\/i> <img loading=\"lazy\" decoding=\"async\" width=\"16\" height=\"16\" alt=\"Loading\" src=\"https:\/\/temucotelevision.cl\/web\/wp-content\/plugins\/page-views-count\/ajax-loader-2x.gif\" border=0 \/><\/p>\n<div class=\"pvc_clear\"><\/div>\n<p>El ecosistema tecnocreativo del sur de Chile contin\u00faa consolid\u00e1ndose. En este contexto, CRTIC impulsa cuatro proyectos que vinculan tecnolog\u00eda, creatividad<\/p>\n","protected":false},"author":1,"featured_media":62117,"comment_status":"open","ping_status":"open","sticky":false,"template":"","format":"standard","meta":{"colormag_page_container_layout":"default_layout","colormag_page_sidebar_layout":"default_layout","footnotes":""},"categories":[6973],"tags":[161],"class_list":["post-62116","post","type-post","status-publish","format-standard","has-post-thumbnail","hentry","category-tecnologia","tag-pucon"],"a3_pvc":{"activated":true,"total_views":792,"today_views":3},"_links":{"self":[{"href":"https:\/\/temucotelevision.cl\/web\/wp-json\/wp\/v2\/posts\/62116","targetHints":{"allow":["GET"]}}],"collection":[{"href":"https:\/\/temucotelevision.cl\/web\/wp-json\/wp\/v2\/posts"}],"about":[{"href":"https:\/\/temucotelevision.cl\/web\/wp-json\/wp\/v2\/types\/post"}],"author":[{"embeddable":true,"href":"https:\/\/temucotelevision.cl\/web\/wp-json\/wp\/v2\/users\/1"}],"replies":[{"embeddable":true,"href":"https:\/\/temucotelevision.cl\/web\/wp-json\/wp\/v2\/comments?post=62116"}],"version-history":[{"count":2,"href":"https:\/\/temucotelevision.cl\/web\/wp-json\/wp\/v2\/posts\/62116\/revisions"}],"predecessor-version":[{"id":62121,"href":"https:\/\/temucotelevision.cl\/web\/wp-json\/wp\/v2\/posts\/62116\/revisions\/62121"}],"wp:featuredmedia":[{"embeddable":true,"href":"https:\/\/temucotelevision.cl\/web\/wp-json\/wp\/v2\/media\/62117"}],"wp:attachment":[{"href":"https:\/\/temucotelevision.cl\/web\/wp-json\/wp\/v2\/media?parent=62116"}],"wp:term":[{"taxonomy":"category","embeddable":true,"href":"https:\/\/temucotelevision.cl\/web\/wp-json\/wp\/v2\/categories?post=62116"},{"taxonomy":"post_tag","embeddable":true,"href":"https:\/\/temucotelevision.cl\/web\/wp-json\/wp\/v2\/tags?post=62116"}],"curies":[{"name":"wp","href":"https:\/\/api.w.org\/{rel}","templated":true}]}}