{"id":62112,"date":"2026-04-25T23:16:54","date_gmt":"2026-04-26T02:16:54","guid":{"rendered":"https:\/\/temucotelevision.cl\/web\/?p=62112"},"modified":"2026-04-25T23:26:23","modified_gmt":"2026-04-26T02:26:23","slug":"en-solo-8-semanas-junaeb-completa-entrega-del-100-de-utiles-escolares-en-la-araucania","status":"publish","type":"post","link":"https:\/\/temucotelevision.cl\/web\/2026\/04\/25\/en-solo-8-semanas-junaeb-completa-entrega-del-100-de-utiles-escolares-en-la-araucania\/","title":{"rendered":"En solo 8 semanas: Junaeb completa entrega del 100% de \u00fatiles escolares en La Araucan\u00eda"},"content":{"rendered":"<div class=\"pvc_clear\"><\/div><p id=\"pvc_stats_62112\" class=\"pvc_stats total_only  \" data-element-id=\"62112\" style=\"\"><i class=\"pvc-stats-icon large\" aria-hidden=\"true\"><svg aria-hidden=\"true\" focusable=\"false\" data-prefix=\"far\" data-icon=\"chart-bar\" role=\"img\" xmlns=\"http:\/\/www.w3.org\/2000\/svg\" viewBox=\"0 0 512 512\" class=\"svg-inline--fa fa-chart-bar fa-w-16 fa-2x\"><path fill=\"currentColor\" d=\"M396.8 352h22.4c6.4 0 12.8-6.4 12.8-12.8V108.8c0-6.4-6.4-12.8-12.8-12.8h-22.4c-6.4 0-12.8 6.4-12.8 12.8v230.4c0 6.4 6.4 12.8 12.8 12.8zm-192 0h22.4c6.4 0 12.8-6.4 12.8-12.8V140.8c0-6.4-6.4-12.8-12.8-12.8h-22.4c-6.4 0-12.8 6.4-12.8 12.8v198.4c0 6.4 6.4 12.8 12.8 12.8zm96 0h22.4c6.4 0 12.8-6.4 12.8-12.8V204.8c0-6.4-6.4-12.8-12.8-12.8h-22.4c-6.4 0-12.8 6.4-12.8 12.8v134.4c0 6.4 6.4 12.8 12.8 12.8zM496 400H48V80c0-8.84-7.16-16-16-16H16C7.16 64 0 71.16 0 80v336c0 17.67 14.33 32 32 32h464c8.84 0 16-7.16 16-16v-16c0-8.84-7.16-16-16-16zm-387.2-48h22.4c6.4 0 12.8-6.4 12.8-12.8v-70.4c0-6.4-6.4-12.8-12.8-12.8h-22.4c-6.4 0-12.8 6.4-12.8 12.8v70.4c0 6.4 6.4 12.8 12.8 12.8z\" class=\"\"><\/path><\/svg><\/i> <img loading=\"lazy\" decoding=\"async\" width=\"16\" height=\"16\" alt=\"Loading\" src=\"https:\/\/temucotelevision.cl\/web\/wp-content\/plugins\/page-views-count\/ajax-loader-2x.gif\" border=0 \/><\/p><div class=\"pvc_clear\"><\/div>\n<p><br>Con una visita a la Escuela Municipal Lircay de Temuco, el director regional de Junaeb, Francisco Brizuela, junto al seremi de Educaci\u00f3n de La Araucan\u00eda, Aar\u00f3n R\u00edos, dieron por finalizada la distribuci\u00f3n de los sets de \u00fatiles escolares Junaeb 2026 en la regi\u00f3n, alcanzando el 100% de cobertura dentro del plazo comprometido a nivel nacional.<\/p>\n\n\n\n<p>El establecimiento educacional, que cuenta con 10 estudiantes, recibi\u00f3 con alegr\u00eda los sets de \u00fatiles escolares, fundamentales para apoyar el proceso de aprendizaje. En la jornada estuvieron presentes la profesora encargada, Laura Marim\u00e1n, junto a su equipo de trabajo y representantes del DAEM, quienes valoraron el aporte que este beneficio significa para la comunidad educativa.<\/p>\n\n\n\n<p><strong>El seremi de Educaci\u00f3n de La Araucan\u00eda, Aar\u00f3n R\u00edos<\/strong>, destac\u00f3 el impacto territorial del programa, se\u00f1alando que&nbsp;<em>\u201ccomo Ministerio de Educaci\u00f3n estamos muy contentos, porque hemos llegado a las 32 comunas de la regi\u00f3n con la entrega de los \u00fatiles escolares. Junaeb entrega este y otros beneficios fundamentales, como alimentaci\u00f3n y apoyo en salud, que representan un esfuerzo permanente por mejorar la calidad del aprendizaje. Llegar a tiempo y con materiales de calidad fortalece la equidad y la igualdad de oportunidades en nuestra regi\u00f3n\u201d.<\/em><\/p>\n\n\n\n<p>Por su parte,&nbsp;<strong>el director regional de Junaeb, Francisco Brizuela<\/strong>, subray\u00f3 el esfuerzo log\u00edstico y humano detr\u00e1s del proceso. \u201cEn solo 8 semanas recorrimos 904 establecimientos educacionales de La Araucan\u00eda, entregando m\u00e1s de 131 mil sets de \u00fatiles escolares. Hoy podemos decir con orgullo que cumplimos el compromiso de finalizar la entrega en abril, asegurando que este beneficio llegara oportunamente al inicio del a\u00f1o escolar\u201d, indic\u00f3.<\/p>\n\n\n\n<p><strong>Laura Marim\u00e1n, profesora encargada de la Escuela Municipal Lircay<\/strong>, destac\u00f3 la importancia de los \u00fatiles escolares para los estudiantes, especialmente en contextos como el de las escuelas rurales.&nbsp;<em>\u201cEstamos muy contentos y agradecidos, porque sin duda estos insumos son fundamentales para seguir trabajando y reforzando lo pedag\u00f3gico. Agradecemos la presencia de las autoridades y tambi\u00e9n el apoyo que reciben nuestras familias con este beneficio, que llega de manera oportuna al inicio del a\u00f1o escolar\u201d,<\/em>&nbsp;se\u00f1al\u00f3.<\/p>\n\n\n\n<p><strong>Distribuci\u00f3n regional y despliegue nacional<\/strong><\/p>\n\n\n\n<p>Junaeb inici\u00f3 la distribuci\u00f3n de los sets de \u00fatiles escolares en la regi\u00f3n a fines de febrero, como parte de un despliegue nacional que permiti\u00f3 llegar directamente a los establecimientos educacionales en todo el pa\u00eds.<\/p>\n\n\n\n<p>A nivel nacional, el programa logr\u00f3 distribuir m\u00e1s de 2 millones de sets en menos de dos meses, destacando por la alta calidad de los materiales y la llegada oportuna del beneficio. El compromiso institucional fue finalizar la entrega en todos los establecimientos del pa\u00eds durante el mes de abril, objetivo que se cumpli\u00f3 de acuerdo a lo planificado.<\/p>\n\n\n\n<p><strong>Al 24 de abril, en la Regi\u00f3n de La Araucan\u00eda, Junaeb ha distribuido el 100% de los sets de \u00fatiles escolares correspondientes al a\u00f1o 2026, es decir, 131 mil 457, lo que constituye una inversi\u00f3n regional de m\u00e1s de 742 millones de pesos.&nbsp;<\/strong><\/p>\n\n\n\n<p>El Programa de \u00datiles Escolares de Junaeb contempla la entrega de sets diferenciados por nivel educacional \u2014preb\u00e1sica, b\u00e1sica y media\u2014 dirigidos a estudiantes de establecimientos municipales y a gran parte de los particulares subvencionados adscritos a gratuidad. Su objetivo es favorecer la permanencia y el \u00e9xito en el sistema educacional de ni\u00f1as, ni\u00f1os, j\u00f3venes y adultos en condici\u00f3n de desventaja social y econ\u00f3mica, contribuyendo a la igualdad de oportunidades, el desarrollo humano y la movilidad social.<\/p>\n\n\n\n<figure class=\"wp-block-image size-full\"><img loading=\"lazy\" decoding=\"async\" width=\"800\" height=\"600\" src=\"https:\/\/temucotelevision.cl\/web\/wp-content\/uploads\/2026\/04\/Finaliza-distribucion-de-Utiles-Escolares-4.jpg\" alt=\"\" class=\"wp-image-62114\" srcset=\"https:\/\/temucotelevision.cl\/web\/wp-content\/uploads\/2026\/04\/Finaliza-distribucion-de-Utiles-Escolares-4.jpg 800w, https:\/\/temucotelevision.cl\/web\/wp-content\/uploads\/2026\/04\/Finaliza-distribucion-de-Utiles-Escolares-4-768x576.jpg 768w\" sizes=\"auto, (max-width: 800px) 100vw, 800px\" \/><\/figure>\n","protected":false},"excerpt":{"rendered":"<div class=\"pvc_clear\"><\/div>\n<p id=\"pvc_stats_62112\" class=\"pvc_stats total_only  \" data-element-id=\"62112\" style=\"\"><i class=\"pvc-stats-icon large\" aria-hidden=\"true\"><svg aria-hidden=\"true\" focusable=\"false\" data-prefix=\"far\" data-icon=\"chart-bar\" role=\"img\" xmlns=\"http:\/\/www.w3.org\/2000\/svg\" viewBox=\"0 0 512 512\" class=\"svg-inline--fa fa-chart-bar fa-w-16 fa-2x\"><path fill=\"currentColor\" d=\"M396.8 352h22.4c6.4 0 12.8-6.4 12.8-12.8V108.8c0-6.4-6.4-12.8-12.8-12.8h-22.4c-6.4 0-12.8 6.4-12.8 12.8v230.4c0 6.4 6.4 12.8 12.8 12.8zm-192 0h22.4c6.4 0 12.8-6.4 12.8-12.8V140.8c0-6.4-6.4-12.8-12.8-12.8h-22.4c-6.4 0-12.8 6.4-12.8 12.8v198.4c0 6.4 6.4 12.8 12.8 12.8zm96 0h22.4c6.4 0 12.8-6.4 12.8-12.8V204.8c0-6.4-6.4-12.8-12.8-12.8h-22.4c-6.4 0-12.8 6.4-12.8 12.8v134.4c0 6.4 6.4 12.8 12.8 12.8zM496 400H48V80c0-8.84-7.16-16-16-16H16C7.16 64 0 71.16 0 80v336c0 17.67 14.33 32 32 32h464c8.84 0 16-7.16 16-16v-16c0-8.84-7.16-16-16-16zm-387.2-48h22.4c6.4 0 12.8-6.4 12.8-12.8v-70.4c0-6.4-6.4-12.8-12.8-12.8h-22.4c-6.4 0-12.8 6.4-12.8 12.8v70.4c0 6.4 6.4 12.8 12.8 12.8z\" class=\"\"><\/path><\/svg><\/i> <img loading=\"lazy\" decoding=\"async\" width=\"16\" height=\"16\" alt=\"Loading\" src=\"https:\/\/temucotelevision.cl\/web\/wp-content\/plugins\/page-views-count\/ajax-loader-2x.gif\" border=0 \/><\/p>\n<div class=\"pvc_clear\"><\/div>\n<p>Con una visita a la Escuela Municipal Lircay de Temuco, el director regional de Junaeb, Francisco Brizuela, junto al seremi<\/p>\n","protected":false},"author":1,"featured_media":62122,"comment_status":"open","ping_status":"open","sticky":false,"template":"","format":"standard","meta":{"colormag_page_container_layout":"default_layout","colormag_page_sidebar_layout":"default_layout","footnotes":""},"categories":[14],"tags":[2053],"class_list":["post-62112","post","type-post","status-publish","format-standard","has-post-thumbnail","hentry","category-temuco","tag-junaeb"],"a3_pvc":{"activated":true,"total_views":1012,"today_views":2},"_links":{"self":[{"href":"https:\/\/temucotelevision.cl\/web\/wp-json\/wp\/v2\/posts\/62112","targetHints":{"allow":["GET"]}}],"collection":[{"href":"https:\/\/temucotelevision.cl\/web\/wp-json\/wp\/v2\/posts"}],"about":[{"href":"https:\/\/temucotelevision.cl\/web\/wp-json\/wp\/v2\/types\/post"}],"author":[{"embeddable":true,"href":"https:\/\/temucotelevision.cl\/web\/wp-json\/wp\/v2\/users\/1"}],"replies":[{"embeddable":true,"href":"https:\/\/temucotelevision.cl\/web\/wp-json\/wp\/v2\/comments?post=62112"}],"version-history":[{"count":1,"href":"https:\/\/temucotelevision.cl\/web\/wp-json\/wp\/v2\/posts\/62112\/revisions"}],"predecessor-version":[{"id":62115,"href":"https:\/\/temucotelevision.cl\/web\/wp-json\/wp\/v2\/posts\/62112\/revisions\/62115"}],"wp:featuredmedia":[{"embeddable":true,"href":"https:\/\/temucotelevision.cl\/web\/wp-json\/wp\/v2\/media\/62122"}],"wp:attachment":[{"href":"https:\/\/temucotelevision.cl\/web\/wp-json\/wp\/v2\/media?parent=62112"}],"wp:term":[{"taxonomy":"category","embeddable":true,"href":"https:\/\/temucotelevision.cl\/web\/wp-json\/wp\/v2\/categories?post=62112"},{"taxonomy":"post_tag","embeddable":true,"href":"https:\/\/temucotelevision.cl\/web\/wp-json\/wp\/v2\/tags?post=62112"}],"curies":[{"name":"wp","href":"https:\/\/api.w.org\/{rel}","templated":true}]}}