{"id":62109,"date":"2026-04-25T23:13:38","date_gmt":"2026-04-26T02:13:38","guid":{"rendered":"https:\/\/temucotelevision.cl\/web\/?p=62109"},"modified":"2026-04-25T23:13:38","modified_gmt":"2026-04-26T02:13:38","slug":"mes-del-libro-en-teleton-temuco-instituto-abrio-su-biblioteca-con-actividades-para-toda-la-comunidad","status":"publish","type":"post","link":"https:\/\/temucotelevision.cl\/web\/2026\/04\/25\/mes-del-libro-en-teleton-temuco-instituto-abrio-su-biblioteca-con-actividades-para-toda-la-comunidad\/","title":{"rendered":"Mes del Libro en Telet\u00f3n Temuco: instituto abri\u00f3 su biblioteca con actividades para toda la comunidad"},"content":{"rendered":"<div class=\"pvc_clear\"><\/div><p id=\"pvc_stats_62109\" class=\"pvc_stats total_only  \" data-element-id=\"62109\" style=\"\"><i class=\"pvc-stats-icon large\" aria-hidden=\"true\"><svg aria-hidden=\"true\" focusable=\"false\" data-prefix=\"far\" data-icon=\"chart-bar\" role=\"img\" xmlns=\"http:\/\/www.w3.org\/2000\/svg\" viewBox=\"0 0 512 512\" class=\"svg-inline--fa fa-chart-bar fa-w-16 fa-2x\"><path fill=\"currentColor\" d=\"M396.8 352h22.4c6.4 0 12.8-6.4 12.8-12.8V108.8c0-6.4-6.4-12.8-12.8-12.8h-22.4c-6.4 0-12.8 6.4-12.8 12.8v230.4c0 6.4 6.4 12.8 12.8 12.8zm-192 0h22.4c6.4 0 12.8-6.4 12.8-12.8V140.8c0-6.4-6.4-12.8-12.8-12.8h-22.4c-6.4 0-12.8 6.4-12.8 12.8v198.4c0 6.4 6.4 12.8 12.8 12.8zm96 0h22.4c6.4 0 12.8-6.4 12.8-12.8V204.8c0-6.4-6.4-12.8-12.8-12.8h-22.4c-6.4 0-12.8 6.4-12.8 12.8v134.4c0 6.4 6.4 12.8 12.8 12.8zM496 400H48V80c0-8.84-7.16-16-16-16H16C7.16 64 0 71.16 0 80v336c0 17.67 14.33 32 32 32h464c8.84 0 16-7.16 16-16v-16c0-8.84-7.16-16-16-16zm-387.2-48h22.4c6.4 0 12.8-6.4 12.8-12.8v-70.4c0-6.4-6.4-12.8-12.8-12.8h-22.4c-6.4 0-12.8 6.4-12.8 12.8v70.4c0 6.4 6.4 12.8 12.8 12.8z\" class=\"\"><\/path><\/svg><\/i> <img loading=\"lazy\" decoding=\"async\" width=\"16\" height=\"16\" alt=\"Loading\" src=\"https:\/\/temucotelevision.cl\/web\/wp-content\/plugins\/page-views-count\/ajax-loader-2x.gif\" border=0 \/><\/p><div class=\"pvc_clear\"><\/div>\n<p><em>Intercambio de libros y cuentacuentos son parte de las iniciativas que el instituto ha impulsado para celebrar el Mes del Libro.&nbsp;<\/em><\/p>\n\n\n\n<p>Cada<strong>&nbsp;23 de abril se conmemora el D\u00eda Mundial del Libro y del Derecho de Autor,<\/strong>&nbsp;y en Telet\u00f3n la fecha se vive m\u00e1s all\u00e1 de una jornada: durante toda la semana, los&nbsp;<strong>15 institutos&nbsp;<\/strong>desarrollaron iniciativas en torno a la lectura, con propuestas pensadas para distintas edades e intereses.<\/p>\n\n\n\n<p>\u201cEn el Mes del Libro, y aprovechando el recurso que tenemos de biblioteca, invitamos a toda la comunidad Telet\u00f3n a vincularse y adquirir, de alguna forma, un amor por la lectura\u201d, detall\u00f3 el&nbsp;<strong>director Nacional de Gesti\u00f3n Social y Voluntariado de Telet\u00f3n<\/strong>,&nbsp;<strong>Aldo Orrigoni.<\/strong><\/p>\n\n\n\n<p>En el caso del<strong>&nbsp;Instituto Telet\u00f3n Temuco<\/strong>, se realizaron distintas actividades, entre las que destacan un intercambio de libros, cuentacuentos y entrega de obsequios. En su organizaci\u00f3n, el voluntariado ha cumplido un rol central, apoyando la coordinaci\u00f3n y promoviendo la participaci\u00f3n de la comunidad Telet\u00f3n.<\/p>\n\n\n\n<p>Es importante destacar que&nbsp;<strong>cada instituto cuenta con una biblioteca<\/strong>, atendida por voluntarias y voluntarios, que busca hacer m\u00e1s amable la espera y, al mismo tiempo, acercar historias, contenidos y experiencias a quienes asisten.<\/p>\n\n\n\n<p>\u201cTambi\u00e9n pueden acceder a la literatura y llevarse libros en pr\u00e9stamo; funciona como un sistema de bibliotecas p\u00fablicas. As\u00ed, acercamos la cultura y la literatura a familias que muchas veces no tienen la posibilidad de ir a una biblioteca o a una librer\u00eda a comprar un libro\u201d, agreg\u00f3 Orrigoni sobre estos espacios.<\/p>\n\n\n\n<p>La invitaci\u00f3n es a seguir fomentando la lectura y tomar un libro no solo este d\u00eda, sino durante todo el a\u00f1o: leer estimula la imaginaci\u00f3n, abre conversaciones y genera espacios de encuentro.<\/p>\n","protected":false},"excerpt":{"rendered":"<div class=\"pvc_clear\"><\/div>\n<p id=\"pvc_stats_62109\" class=\"pvc_stats total_only  \" data-element-id=\"62109\" style=\"\"><i class=\"pvc-stats-icon large\" aria-hidden=\"true\"><svg aria-hidden=\"true\" focusable=\"false\" data-prefix=\"far\" data-icon=\"chart-bar\" role=\"img\" xmlns=\"http:\/\/www.w3.org\/2000\/svg\" viewBox=\"0 0 512 512\" class=\"svg-inline--fa fa-chart-bar fa-w-16 fa-2x\"><path fill=\"currentColor\" d=\"M396.8 352h22.4c6.4 0 12.8-6.4 12.8-12.8V108.8c0-6.4-6.4-12.8-12.8-12.8h-22.4c-6.4 0-12.8 6.4-12.8 12.8v230.4c0 6.4 6.4 12.8 12.8 12.8zm-192 0h22.4c6.4 0 12.8-6.4 12.8-12.8V140.8c0-6.4-6.4-12.8-12.8-12.8h-22.4c-6.4 0-12.8 6.4-12.8 12.8v198.4c0 6.4 6.4 12.8 12.8 12.8zm96 0h22.4c6.4 0 12.8-6.4 12.8-12.8V204.8c0-6.4-6.4-12.8-12.8-12.8h-22.4c-6.4 0-12.8 6.4-12.8 12.8v134.4c0 6.4 6.4 12.8 12.8 12.8zM496 400H48V80c0-8.84-7.16-16-16-16H16C7.16 64 0 71.16 0 80v336c0 17.67 14.33 32 32 32h464c8.84 0 16-7.16 16-16v-16c0-8.84-7.16-16-16-16zm-387.2-48h22.4c6.4 0 12.8-6.4 12.8-12.8v-70.4c0-6.4-6.4-12.8-12.8-12.8h-22.4c-6.4 0-12.8 6.4-12.8 12.8v70.4c0 6.4 6.4 12.8 12.8 12.8z\" class=\"\"><\/path><\/svg><\/i> <img loading=\"lazy\" decoding=\"async\" width=\"16\" height=\"16\" alt=\"Loading\" src=\"https:\/\/temucotelevision.cl\/web\/wp-content\/plugins\/page-views-count\/ajax-loader-2x.gif\" border=0 \/><\/p>\n<div class=\"pvc_clear\"><\/div>\n<p>Intercambio de libros y cuentacuentos son parte de las iniciativas que el instituto ha impulsado para celebrar el Mes del<\/p>\n","protected":false},"author":1,"featured_media":62110,"comment_status":"open","ping_status":"open","sticky":false,"template":"","format":"standard","meta":{"colormag_page_container_layout":"default_layout","colormag_page_sidebar_layout":"default_layout","footnotes":""},"categories":[14],"tags":[1273],"class_list":["post-62109","post","type-post","status-publish","format-standard","has-post-thumbnail","hentry","category-temuco","tag-libro"],"a3_pvc":{"activated":true,"total_views":1007,"today_views":1},"_links":{"self":[{"href":"https:\/\/temucotelevision.cl\/web\/wp-json\/wp\/v2\/posts\/62109","targetHints":{"allow":["GET"]}}],"collection":[{"href":"https:\/\/temucotelevision.cl\/web\/wp-json\/wp\/v2\/posts"}],"about":[{"href":"https:\/\/temucotelevision.cl\/web\/wp-json\/wp\/v2\/types\/post"}],"author":[{"embeddable":true,"href":"https:\/\/temucotelevision.cl\/web\/wp-json\/wp\/v2\/users\/1"}],"replies":[{"embeddable":true,"href":"https:\/\/temucotelevision.cl\/web\/wp-json\/wp\/v2\/comments?post=62109"}],"version-history":[{"count":1,"href":"https:\/\/temucotelevision.cl\/web\/wp-json\/wp\/v2\/posts\/62109\/revisions"}],"predecessor-version":[{"id":62111,"href":"https:\/\/temucotelevision.cl\/web\/wp-json\/wp\/v2\/posts\/62109\/revisions\/62111"}],"wp:featuredmedia":[{"embeddable":true,"href":"https:\/\/temucotelevision.cl\/web\/wp-json\/wp\/v2\/media\/62110"}],"wp:attachment":[{"href":"https:\/\/temucotelevision.cl\/web\/wp-json\/wp\/v2\/media?parent=62109"}],"wp:term":[{"taxonomy":"category","embeddable":true,"href":"https:\/\/temucotelevision.cl\/web\/wp-json\/wp\/v2\/categories?post=62109"},{"taxonomy":"post_tag","embeddable":true,"href":"https:\/\/temucotelevision.cl\/web\/wp-json\/wp\/v2\/tags?post=62109"}],"curies":[{"name":"wp","href":"https:\/\/api.w.org\/{rel}","templated":true}]}}