{"id":61792,"date":"2026-04-05T18:23:48","date_gmt":"2026-04-05T21:23:48","guid":{"rendered":"https:\/\/temucotelevision.cl\/web\/?p=61792"},"modified":"2026-04-05T18:23:49","modified_gmt":"2026-04-05T21:23:49","slug":"con-antecedentes-y-condena-detienen-a-integrante-activo-de-banda-criminal-en-la-araucania","status":"publish","type":"post","link":"https:\/\/temucotelevision.cl\/web\/2026\/04\/05\/con-antecedentes-y-condena-detienen-a-integrante-activo-de-banda-criminal-en-la-araucania\/","title":{"rendered":"Con antecedentes y condena: detienen a integrante activo de banda criminal en La Araucan\u00eda"},"content":{"rendered":"<div class=\"pvc_clear\"><\/div><p id=\"pvc_stats_61792\" class=\"pvc_stats total_only  \" data-element-id=\"61792\" style=\"\"><i class=\"pvc-stats-icon large\" aria-hidden=\"true\"><svg aria-hidden=\"true\" focusable=\"false\" data-prefix=\"far\" data-icon=\"chart-bar\" role=\"img\" xmlns=\"http:\/\/www.w3.org\/2000\/svg\" viewBox=\"0 0 512 512\" class=\"svg-inline--fa fa-chart-bar fa-w-16 fa-2x\"><path fill=\"currentColor\" d=\"M396.8 352h22.4c6.4 0 12.8-6.4 12.8-12.8V108.8c0-6.4-6.4-12.8-12.8-12.8h-22.4c-6.4 0-12.8 6.4-12.8 12.8v230.4c0 6.4 6.4 12.8 12.8 12.8zm-192 0h22.4c6.4 0 12.8-6.4 12.8-12.8V140.8c0-6.4-6.4-12.8-12.8-12.8h-22.4c-6.4 0-12.8 6.4-12.8 12.8v198.4c0 6.4 6.4 12.8 12.8 12.8zm96 0h22.4c6.4 0 12.8-6.4 12.8-12.8V204.8c0-6.4-6.4-12.8-12.8-12.8h-22.4c-6.4 0-12.8 6.4-12.8 12.8v134.4c0 6.4 6.4 12.8 12.8 12.8zM496 400H48V80c0-8.84-7.16-16-16-16H16C7.16 64 0 71.16 0 80v336c0 17.67 14.33 32 32 32h464c8.84 0 16-7.16 16-16v-16c0-8.84-7.16-16-16-16zm-387.2-48h22.4c6.4 0 12.8-6.4 12.8-12.8v-70.4c0-6.4-6.4-12.8-12.8-12.8h-22.4c-6.4 0-12.8 6.4-12.8 12.8v70.4c0 6.4 6.4 12.8 12.8 12.8z\" class=\"\"><\/path><\/svg><\/i> <img loading=\"lazy\" decoding=\"async\" width=\"16\" height=\"16\" alt=\"Loading\" src=\"https:\/\/temucotelevision.cl\/web\/wp-content\/plugins\/page-views-count\/ajax-loader-2x.gif\" border=0 \/><\/p><div class=\"pvc_clear\"><\/div>\n<p>Detectives de la Brigada Investigadora de&nbsp;Robos Angol detuvieron&nbsp;este jueves&nbsp;en el macro&nbsp;sector&nbsp;Pedro de Valdivia&nbsp;de la&nbsp;ciudad&nbsp;de Temuco, a un sujeto, mayor de edad, por los delitos de&nbsp;robo en lugar habitado y&nbsp;robo en lugar no habitado, integrante de la banda criminal&nbsp;\u201cLos Parceleros\u201d, dedicados a la comisi\u00f3n de delitos&nbsp;contra la propiedad.&nbsp;<\/p>\n\n\n\n<p>Lo&nbsp;anterior, conforme&nbsp;a proceso investigativo desarrollado&nbsp;en forma conjunta y coordinada entre esta unidad especializada de la PDI y la&nbsp;Fiscal\u00eda Local de Angol, que daba cuenta&nbsp;que,&nbsp;entre los meses deabril y mayo del a\u00f1o 2025,&nbsp;el imputado junto a&nbsp;cuatro de sus&nbsp;compa\u00f1eros de delitos&nbsp;se dedicaron a&nbsp;la&nbsp;comisi\u00f3n sistem\u00e1tica de delitos de robo que afectaron&nbsp;a viviendas y locales comerciales&nbsp;en la capital de la provincia de Malleco.&nbsp;<\/p>\n\n\n\n<p>Durante el transcurso&nbsp;de la investigaci\u00f3n, los&nbsp;oficiales policiales lograron establecer que los imputados manten\u00edan domicilios fuera de la comuna&nbsp;de Angol, y aprovechando&nbsp;que uno de ellos se encontraba recluido en esa ciudad,&nbsp;con el beneficio de salida&nbsp;dominical, se reun\u00edan para pasar a buscarlo&nbsp;y as\u00ed cometer los&nbsp;il\u00edcitos,&nbsp;apropi\u00e1ndose&nbsp;de cigarrillos, licores,&nbsp;art\u00edculos&nbsp;de casa y prendas de vestir, utilizando para ello el veh\u00edculo de la madre de&nbsp;dos de ellos con residencia en&nbsp;Temuco, lo&nbsp;que generaba que al momento de&nbsp;delinquir huyeran de&nbsp;manera inmediata hacia la capital de la provincia de Caut\u00edn, con&nbsp;la finalidad de evitar ser&nbsp;sorprendidos.&nbsp;<\/p>\n\n\n\n<p>Con estos antecedentes y gracias a un exhaustivo trabajo de&nbsp;an\u00e1lisis&nbsp;criminal e&nbsp;inteligencia&nbsp;policial, de parte de&nbsp;la Brigada Investigadora de Robos Angol, se&nbsp;posicion\u00f3 a los imputados en distintos sitios del &nbsp;suceso y&nbsp;franjas horarias de&nbsp;inter\u00e9s mediante el levantamiento de evidencia y&nbsp;revisi\u00f3n&nbsp;de c\u00e1maras de seguridad, empadronamiento de testigos y v\u00edctimas,&nbsp;as\u00ed como&nbsp;tambi\u00e9n&nbsp;diligencias de vigilancia y seguimiento, lo que permiti\u00f3 establecer su participaci\u00f3n directa en los hechos investigados y sustentar de manera solida las&nbsp;\u00f3rdenes&nbsp;judiciales gestionadas.&nbsp;<\/p>\n\n\n\n<p><strong>Detenciones&nbsp;<\/strong><\/p>\n\n\n\n<p>Cabe&nbsp;precisar&nbsp;que,&nbsp;con&nbsp;la detenci\u00f3n de&nbsp;este sujeto, tres de los cuatro integrantes de la banda criminal&nbsp;\u201cLos&nbsp;Parceleros\u201d&nbsp;se&nbsp;encuentran privados de libertad, todos&nbsp;ellos&nbsp;aprehendidos mediante diligenciasinvestigativas desarrolladas&nbsp;por&nbsp;esta Brigada Investigadora de Robos Angol. En este contexto, previamente&nbsp;dos de ellos,&nbsp;ya manten\u00edan la calidad de imputados en prisi\u00f3n preventiva en&nbsp;la c\u00e1rcel de Angol.<\/p>\n\n\n\n<p>El&nbsp;individuo&nbsp;detenido la jornada de este jueves&nbsp;en la ciudad de Temuco,&nbsp;registra antecedentes policiales por&nbsp;los&nbsp;delitos de robo en lugar habitado, tr\u00e1fico en peque\u00f1as cantidades y robo con intimidaci\u00f3n,&nbsp;en&nbsp;este \u00faltimo&nbsp;hecho&nbsp;fue condenado, manteniendo historial delictual relevante para el an\u00e1lisis de peligrosidad.&nbsp;<\/p>\n\n\n\n<p>\u201cEn consecuencia, se establece que solo uno de los integrantes de&nbsp;esta banda&nbsp;criminal se mantiene actualmente pr\u00f3fugo, respecto de quien se contin\u00faan desarrollando diligencias investigativas orientadas a su individualizaci\u00f3n y ubicaci\u00f3n. Finalmente,&nbsp;la totalidad de los imputados ser\u00e1n&nbsp;puestos&nbsp;a disposici\u00f3n del tribunal competente para su respectiva audiencia de control de detenci\u00f3n y formalizaci\u00f3n\u201d, indic\u00f3 el subprefecto Cristian Gedda Morales, jefe de&nbsp;la Brigada Investigadora de Robos&nbsp;Angol.<\/p>\n","protected":false},"excerpt":{"rendered":"<div class=\"pvc_clear\"><\/div>\n<p id=\"pvc_stats_61792\" class=\"pvc_stats total_only  \" data-element-id=\"61792\" style=\"\"><i class=\"pvc-stats-icon large\" aria-hidden=\"true\"><svg aria-hidden=\"true\" focusable=\"false\" data-prefix=\"far\" data-icon=\"chart-bar\" role=\"img\" xmlns=\"http:\/\/www.w3.org\/2000\/svg\" viewBox=\"0 0 512 512\" class=\"svg-inline--fa fa-chart-bar fa-w-16 fa-2x\"><path fill=\"currentColor\" d=\"M396.8 352h22.4c6.4 0 12.8-6.4 12.8-12.8V108.8c0-6.4-6.4-12.8-12.8-12.8h-22.4c-6.4 0-12.8 6.4-12.8 12.8v230.4c0 6.4 6.4 12.8 12.8 12.8zm-192 0h22.4c6.4 0 12.8-6.4 12.8-12.8V140.8c0-6.4-6.4-12.8-12.8-12.8h-22.4c-6.4 0-12.8 6.4-12.8 12.8v198.4c0 6.4 6.4 12.8 12.8 12.8zm96 0h22.4c6.4 0 12.8-6.4 12.8-12.8V204.8c0-6.4-6.4-12.8-12.8-12.8h-22.4c-6.4 0-12.8 6.4-12.8 12.8v134.4c0 6.4 6.4 12.8 12.8 12.8zM496 400H48V80c0-8.84-7.16-16-16-16H16C7.16 64 0 71.16 0 80v336c0 17.67 14.33 32 32 32h464c8.84 0 16-7.16 16-16v-16c0-8.84-7.16-16-16-16zm-387.2-48h22.4c6.4 0 12.8-6.4 12.8-12.8v-70.4c0-6.4-6.4-12.8-12.8-12.8h-22.4c-6.4 0-12.8 6.4-12.8 12.8v70.4c0 6.4 6.4 12.8 12.8 12.8z\" class=\"\"><\/path><\/svg><\/i> <img loading=\"lazy\" decoding=\"async\" width=\"16\" height=\"16\" alt=\"Loading\" src=\"https:\/\/temucotelevision.cl\/web\/wp-content\/plugins\/page-views-count\/ajax-loader-2x.gif\" border=0 \/><\/p>\n<div class=\"pvc_clear\"><\/div>\n<p>Detectives de la Brigada Investigadora de&nbsp;Robos Angol detuvieron&nbsp;este jueves&nbsp;en el macro&nbsp;sector&nbsp;Pedro de Valdivia&nbsp;de la&nbsp;ciudad&nbsp;de Temuco, a un sujeto, mayor de<\/p>\n","protected":false},"author":1,"featured_media":56252,"comment_status":"open","ping_status":"open","sticky":false,"template":"","format":"standard","meta":{"colormag_page_container_layout":"default_layout","colormag_page_sidebar_layout":"default_layout","footnotes":""},"categories":[15,16],"tags":[635],"class_list":["post-61792","post","type-post","status-publish","format-standard","has-post-thumbnail","hentry","category-la-araucania","category-policial","tag-banda"],"a3_pvc":{"activated":true,"total_views":3848,"today_views":0},"_links":{"self":[{"href":"https:\/\/temucotelevision.cl\/web\/wp-json\/wp\/v2\/posts\/61792","targetHints":{"allow":["GET"]}}],"collection":[{"href":"https:\/\/temucotelevision.cl\/web\/wp-json\/wp\/v2\/posts"}],"about":[{"href":"https:\/\/temucotelevision.cl\/web\/wp-json\/wp\/v2\/types\/post"}],"author":[{"embeddable":true,"href":"https:\/\/temucotelevision.cl\/web\/wp-json\/wp\/v2\/users\/1"}],"replies":[{"embeddable":true,"href":"https:\/\/temucotelevision.cl\/web\/wp-json\/wp\/v2\/comments?post=61792"}],"version-history":[{"count":1,"href":"https:\/\/temucotelevision.cl\/web\/wp-json\/wp\/v2\/posts\/61792\/revisions"}],"predecessor-version":[{"id":61793,"href":"https:\/\/temucotelevision.cl\/web\/wp-json\/wp\/v2\/posts\/61792\/revisions\/61793"}],"wp:featuredmedia":[{"embeddable":true,"href":"https:\/\/temucotelevision.cl\/web\/wp-json\/wp\/v2\/media\/56252"}],"wp:attachment":[{"href":"https:\/\/temucotelevision.cl\/web\/wp-json\/wp\/v2\/media?parent=61792"}],"wp:term":[{"taxonomy":"category","embeddable":true,"href":"https:\/\/temucotelevision.cl\/web\/wp-json\/wp\/v2\/categories?post=61792"},{"taxonomy":"post_tag","embeddable":true,"href":"https:\/\/temucotelevision.cl\/web\/wp-json\/wp\/v2\/tags?post=61792"}],"curies":[{"name":"wp","href":"https:\/\/api.w.org\/{rel}","templated":true}]}}