{"id":61764,"date":"2026-04-04T23:36:02","date_gmt":"2026-04-05T02:36:02","guid":{"rendered":"https:\/\/temucotelevision.cl\/web\/?p=61764"},"modified":"2026-04-04T23:36:04","modified_gmt":"2026-04-05T02:36:04","slug":"diputado-eduardo-cretton-respalda-estado-de-excepcion-constitucional-de-emergencia-en-la-macrozona-sur","status":"publish","type":"post","link":"https:\/\/temucotelevision.cl\/web\/2026\/04\/04\/diputado-eduardo-cretton-respalda-estado-de-excepcion-constitucional-de-emergencia-en-la-macrozona-sur\/","title":{"rendered":"Diputado Eduardo Cretton respalda estado de excepci\u00f3n constitucional de emergencia en la macrozona sur"},"content":{"rendered":"<div class=\"pvc_clear\"><\/div><p id=\"pvc_stats_61764\" class=\"pvc_stats total_only  \" data-element-id=\"61764\" style=\"\"><i class=\"pvc-stats-icon large\" aria-hidden=\"true\"><svg aria-hidden=\"true\" focusable=\"false\" data-prefix=\"far\" data-icon=\"chart-bar\" role=\"img\" xmlns=\"http:\/\/www.w3.org\/2000\/svg\" viewBox=\"0 0 512 512\" class=\"svg-inline--fa fa-chart-bar fa-w-16 fa-2x\"><path fill=\"currentColor\" d=\"M396.8 352h22.4c6.4 0 12.8-6.4 12.8-12.8V108.8c0-6.4-6.4-12.8-12.8-12.8h-22.4c-6.4 0-12.8 6.4-12.8 12.8v230.4c0 6.4 6.4 12.8 12.8 12.8zm-192 0h22.4c6.4 0 12.8-6.4 12.8-12.8V140.8c0-6.4-6.4-12.8-12.8-12.8h-22.4c-6.4 0-12.8 6.4-12.8 12.8v198.4c0 6.4 6.4 12.8 12.8 12.8zm96 0h22.4c6.4 0 12.8-6.4 12.8-12.8V204.8c0-6.4-6.4-12.8-12.8-12.8h-22.4c-6.4 0-12.8 6.4-12.8 12.8v134.4c0 6.4 6.4 12.8 12.8 12.8zM496 400H48V80c0-8.84-7.16-16-16-16H16C7.16 64 0 71.16 0 80v336c0 17.67 14.33 32 32 32h464c8.84 0 16-7.16 16-16v-16c0-8.84-7.16-16-16-16zm-387.2-48h22.4c6.4 0 12.8-6.4 12.8-12.8v-70.4c0-6.4-6.4-12.8-12.8-12.8h-22.4c-6.4 0-12.8 6.4-12.8 12.8v70.4c0 6.4 6.4 12.8 12.8 12.8z\" class=\"\"><\/path><\/svg><\/i> <img loading=\"lazy\" decoding=\"async\" width=\"16\" height=\"16\" alt=\"Loading\" src=\"https:\/\/temucotelevision.cl\/web\/wp-content\/plugins\/page-views-count\/ajax-loader-2x.gif\" border=0 \/><\/p><div class=\"pvc_clear\"><\/div>\n<p><strong><br><\/strong>El diputado por la provincia de Malleco, Eduardo Cretton, reiter\u00f3 su apoyo a la continuidad del Estado de Excepci\u00f3n Constitucional de Emergencia en la regi\u00f3n de La Araucan\u00eda, en el marco del debate legislativo sobre su renovaci\u00f3n en la macrozona sur.<br><\/p>\n\n\n\n<p>El parlamentario afirm\u00f3 que la presencia de las Fuerzas Armadas ha sido clave para disminuir los \u00edndices de violencia, actuando como un elemento disuasivo frente a grupos terroristas. En esa l\u00ednea, cuestion\u00f3 declaraciones del exsubsecretario V\u00edctor Ramos, emitidas durante el gobierno del expresidente Gabriel Boric, respecto a que el terrorismo estar\u00eda en retirada.<\/p>\n\n\n\n<p>\u201cEl estado de excepci\u00f3n es fundamental, ha sido la principal herramienta que nos ha permitido disminuir los \u00edndices de violencia y terrorismo\u201d, se\u00f1al\u00f3.<\/p>\n\n\n\n<p>La medida, vigente desde 2022, se extender\u00e1 por 30 d\u00edas m\u00e1s. La pr\u00f3rroga, que comienza a regir el 27 de marzo, se har\u00e1 efectiva en la Regi\u00f3n de La Araucan\u00eda, y las provincias de Arauco y del Biob\u00edo, de la Regi\u00f3n del Biob\u00edo.<\/p>\n\n\n\n<p>Finalmente, Cretton hizo un llamado a mantener esta medida de forma transversal, advirtiendo que su eventual t\u00e9rmino podr\u00eda significar un retroceso en materia de seguridad, aunque plante\u00f3 la necesidad de evaluar mejoras a futuro para abordar integralmente la crisis que afecta a la regi\u00f3n.<\/p>\n","protected":false},"excerpt":{"rendered":"<div class=\"pvc_clear\"><\/div>\n<p id=\"pvc_stats_61764\" class=\"pvc_stats total_only  \" data-element-id=\"61764\" style=\"\"><i class=\"pvc-stats-icon large\" aria-hidden=\"true\"><svg aria-hidden=\"true\" focusable=\"false\" data-prefix=\"far\" data-icon=\"chart-bar\" role=\"img\" xmlns=\"http:\/\/www.w3.org\/2000\/svg\" viewBox=\"0 0 512 512\" class=\"svg-inline--fa fa-chart-bar fa-w-16 fa-2x\"><path fill=\"currentColor\" d=\"M396.8 352h22.4c6.4 0 12.8-6.4 12.8-12.8V108.8c0-6.4-6.4-12.8-12.8-12.8h-22.4c-6.4 0-12.8 6.4-12.8 12.8v230.4c0 6.4 6.4 12.8 12.8 12.8zm-192 0h22.4c6.4 0 12.8-6.4 12.8-12.8V140.8c0-6.4-6.4-12.8-12.8-12.8h-22.4c-6.4 0-12.8 6.4-12.8 12.8v198.4c0 6.4 6.4 12.8 12.8 12.8zm96 0h22.4c6.4 0 12.8-6.4 12.8-12.8V204.8c0-6.4-6.4-12.8-12.8-12.8h-22.4c-6.4 0-12.8 6.4-12.8 12.8v134.4c0 6.4 6.4 12.8 12.8 12.8zM496 400H48V80c0-8.84-7.16-16-16-16H16C7.16 64 0 71.16 0 80v336c0 17.67 14.33 32 32 32h464c8.84 0 16-7.16 16-16v-16c0-8.84-7.16-16-16-16zm-387.2-48h22.4c6.4 0 12.8-6.4 12.8-12.8v-70.4c0-6.4-6.4-12.8-12.8-12.8h-22.4c-6.4 0-12.8 6.4-12.8 12.8v70.4c0 6.4 6.4 12.8 12.8 12.8z\" class=\"\"><\/path><\/svg><\/i> <img loading=\"lazy\" decoding=\"async\" width=\"16\" height=\"16\" alt=\"Loading\" src=\"https:\/\/temucotelevision.cl\/web\/wp-content\/plugins\/page-views-count\/ajax-loader-2x.gif\" border=0 \/><\/p>\n<div class=\"pvc_clear\"><\/div>\n<p>El diputado por la provincia de Malleco, Eduardo Cretton, reiter\u00f3 su apoyo a la continuidad del Estado de Excepci\u00f3n Constitucional<\/p>\n","protected":false},"author":1,"featured_media":61765,"comment_status":"open","ping_status":"open","sticky":false,"template":"","format":"standard","meta":{"colormag_page_container_layout":"default_layout","colormag_page_sidebar_layout":"default_layout","footnotes":""},"categories":[84],"tags":[154],"class_list":["post-61764","post","type-post","status-publish","format-standard","has-post-thumbnail","hentry","category-politica","tag-diputado"],"a3_pvc":{"activated":true,"total_views":2031,"today_views":0},"_links":{"self":[{"href":"https:\/\/temucotelevision.cl\/web\/wp-json\/wp\/v2\/posts\/61764","targetHints":{"allow":["GET"]}}],"collection":[{"href":"https:\/\/temucotelevision.cl\/web\/wp-json\/wp\/v2\/posts"}],"about":[{"href":"https:\/\/temucotelevision.cl\/web\/wp-json\/wp\/v2\/types\/post"}],"author":[{"embeddable":true,"href":"https:\/\/temucotelevision.cl\/web\/wp-json\/wp\/v2\/users\/1"}],"replies":[{"embeddable":true,"href":"https:\/\/temucotelevision.cl\/web\/wp-json\/wp\/v2\/comments?post=61764"}],"version-history":[{"count":1,"href":"https:\/\/temucotelevision.cl\/web\/wp-json\/wp\/v2\/posts\/61764\/revisions"}],"predecessor-version":[{"id":61766,"href":"https:\/\/temucotelevision.cl\/web\/wp-json\/wp\/v2\/posts\/61764\/revisions\/61766"}],"wp:featuredmedia":[{"embeddable":true,"href":"https:\/\/temucotelevision.cl\/web\/wp-json\/wp\/v2\/media\/61765"}],"wp:attachment":[{"href":"https:\/\/temucotelevision.cl\/web\/wp-json\/wp\/v2\/media?parent=61764"}],"wp:term":[{"taxonomy":"category","embeddable":true,"href":"https:\/\/temucotelevision.cl\/web\/wp-json\/wp\/v2\/categories?post=61764"},{"taxonomy":"post_tag","embeddable":true,"href":"https:\/\/temucotelevision.cl\/web\/wp-json\/wp\/v2\/tags?post=61764"}],"curies":[{"name":"wp","href":"https:\/\/api.w.org\/{rel}","templated":true}]}}