{"id":61755,"date":"2026-04-04T23:23:28","date_gmt":"2026-04-05T02:23:28","guid":{"rendered":"https:\/\/temucotelevision.cl\/web\/?p=61755"},"modified":"2026-04-04T23:23:29","modified_gmt":"2026-04-05T02:23:29","slug":"historica-compania-de-bomberos-de-villarrica-recibe-oficialmente-su-nuevo-cuartel","status":"publish","type":"post","link":"https:\/\/temucotelevision.cl\/web\/2026\/04\/04\/historica-compania-de-bomberos-de-villarrica-recibe-oficialmente-su-nuevo-cuartel\/","title":{"rendered":"Hist\u00f3rica compa\u00f1\u00eda de bomberos de Villarrica recibe oficialmente su nuevo cuartel"},"content":{"rendered":"<div class=\"pvc_clear\"><\/div><p id=\"pvc_stats_61755\" class=\"pvc_stats total_only  \" data-element-id=\"61755\" style=\"\"><i class=\"pvc-stats-icon large\" aria-hidden=\"true\"><svg aria-hidden=\"true\" focusable=\"false\" data-prefix=\"far\" data-icon=\"chart-bar\" role=\"img\" xmlns=\"http:\/\/www.w3.org\/2000\/svg\" viewBox=\"0 0 512 512\" class=\"svg-inline--fa fa-chart-bar fa-w-16 fa-2x\"><path fill=\"currentColor\" d=\"M396.8 352h22.4c6.4 0 12.8-6.4 12.8-12.8V108.8c0-6.4-6.4-12.8-12.8-12.8h-22.4c-6.4 0-12.8 6.4-12.8 12.8v230.4c0 6.4 6.4 12.8 12.8 12.8zm-192 0h22.4c6.4 0 12.8-6.4 12.8-12.8V140.8c0-6.4-6.4-12.8-12.8-12.8h-22.4c-6.4 0-12.8 6.4-12.8 12.8v198.4c0 6.4 6.4 12.8 12.8 12.8zm96 0h22.4c6.4 0 12.8-6.4 12.8-12.8V204.8c0-6.4-6.4-12.8-12.8-12.8h-22.4c-6.4 0-12.8 6.4-12.8 12.8v134.4c0 6.4 6.4 12.8 12.8 12.8zM496 400H48V80c0-8.84-7.16-16-16-16H16C7.16 64 0 71.16 0 80v336c0 17.67 14.33 32 32 32h464c8.84 0 16-7.16 16-16v-16c0-8.84-7.16-16-16-16zm-387.2-48h22.4c6.4 0 12.8-6.4 12.8-12.8v-70.4c0-6.4-6.4-12.8-12.8-12.8h-22.4c-6.4 0-12.8 6.4-12.8 12.8v70.4c0 6.4 6.4 12.8 12.8 12.8z\" class=\"\"><\/path><\/svg><\/i> <img loading=\"lazy\" decoding=\"async\" width=\"16\" height=\"16\" alt=\"Loading\" src=\"https:\/\/temucotelevision.cl\/web\/wp-content\/plugins\/page-views-count\/ajax-loader-2x.gif\" border=0 \/><\/p><div class=\"pvc_clear\"><\/div>\n<p><em>La moderna infraestructura, financiada con m\u00e1s de $2.500 millones por el Gobierno de La Araucan\u00eda, permitir\u00e1 fortalecer la capacidad operativa de la 2a compa\u00f1\u00eda de Bomberos de Villarrica.&nbsp;<\/em><\/p>\n\n\n\n<p>La construcci\u00f3n del Cuartel de Bomberos Segunda Faja considera una superficie total de 557 m\u00b2, distribuida en dos niveles y contempla diversos espacios funcionales orientados a las labores operativas, administrativas y de habitabilidad del personal, asegurando condiciones adecuadas para el desempe\u00f1o de las funciones de esta hist\u00f3rica compa\u00f1\u00eda.&nbsp;<\/p>\n\n\n\n<p>Gracias a un aporte superior a los $2.548 millones por parte del Gobierno de La Araucan\u00eda, la construcci\u00f3n contempla un programa arquitect\u00f3nico que considera \u00e1reas de circulaci\u00f3n, salas de estudio, dependencias destinadas a la guardia nocturna, departamento del cuartelero y ba\u00f1os, entre otros espacios que garantizan el funcionamiento integral del cuartel.<\/p>\n\n\n\n<p><a><\/a>Eduardo Correa, administrador regional de La Araucan\u00eda, explic\u00f3 que con este proyecto es el resultado y trabajo de distintas instituciones y permite materializar la misi\u00f3n del GORE Araucan\u00eda que es invertir recursos p\u00fablicos para atender a las comunas.&nbsp;<em>\u201cHoy culmina un proceso de asignaci\u00f3n de los recursos con la construcci\u00f3n. Pero se inicia, desde hace un tiempo, tambi\u00e9n la atenci\u00f3n para la comunidad, para que se sienta m\u00e1s segura y los bomberos tambi\u00e9n puedan hacer una mejor labor en resguardo de Villarrica\u201d<\/em>, agreg\u00f3.&nbsp;<\/p>\n\n\n\n<p>El alcalde de Villarrica, Pablo Astete, manifest\u00f3 que este es un proyecto esperado para la comuna.&nbsp;<em>\u201cContento por la seguridad de los vecinos. Este es un sector de alto riesgo, por lo que sabemos que significa llegar desde el centro de la ciudad hasta este punto. Son minutos valiosos que se pierden muchas veces, con situaciones que terminan en desgracia e infortunio. Agradecido por todas las autoridades que con el tiempo nos apoyaron y al actual Gobernador, Ren\u00e9<\/em>&nbsp;Saffirio\u201d.<\/p>\n\n\n\n<p>Sara Suazo explic\u00f3 que este tipo de iniciativas es un compromiso del Consejo Regional de La Araucan\u00eda.&nbsp;<em>\u201cAgradecer a todos los consejeros que tambi\u00e9n pudieron aprobar este proyecto hace unos a\u00f1os atr\u00e1s, porque para eso trabajamos: para poder distribuir los recursos regionales, sobre todo a una instituci\u00f3n tan noble como lo es Bomberos de Chile\u201d.&nbsp;<\/em><\/p>\n\n\n\n<p>Para el presidente del consejo regional Bomberos de Chile, Carlos Mera, este cuartel est\u00e1 emplazado en un lugar estrat\u00e9gico para la comuna. \u201c<em>La lucha por este cuartel es de hace m\u00e1s de 10 a\u00f1os. Iniciamos este proyecto pensando que nunca iba a llegar. Hoy es una realidad y muy importante porque tenemos 45.000 habitantes en este sector muy importante\u201d.&nbsp;<\/em><\/p>\n\n\n\n<figure class=\"wp-block-image size-large\"><img loading=\"lazy\" decoding=\"async\" width=\"1000\" height=\"667\" src=\"https:\/\/temucotelevision.cl\/web\/wp-content\/uploads\/2026\/04\/Inauguracion-Cuartel-de-Bomberos-de-Villarrica-2-1000x667.jpeg\" alt=\"\" class=\"wp-image-61757\" srcset=\"https:\/\/temucotelevision.cl\/web\/wp-content\/uploads\/2026\/04\/Inauguracion-Cuartel-de-Bomberos-de-Villarrica-2-1000x667.jpeg 1000w, https:\/\/temucotelevision.cl\/web\/wp-content\/uploads\/2026\/04\/Inauguracion-Cuartel-de-Bomberos-de-Villarrica-2-768x512.jpeg 768w, https:\/\/temucotelevision.cl\/web\/wp-content\/uploads\/2026\/04\/Inauguracion-Cuartel-de-Bomberos-de-Villarrica-2-1536x1024.jpeg 1536w, https:\/\/temucotelevision.cl\/web\/wp-content\/uploads\/2026\/04\/Inauguracion-Cuartel-de-Bomberos-de-Villarrica-2-2048x1365.jpeg 2048w\" sizes=\"auto, (max-width: 1000px) 100vw, 1000px\" \/><\/figure>\n\n\n\n<p><\/p>\n","protected":false},"excerpt":{"rendered":"<div class=\"pvc_clear\"><\/div>\n<p id=\"pvc_stats_61755\" class=\"pvc_stats total_only  \" data-element-id=\"61755\" style=\"\"><i class=\"pvc-stats-icon large\" aria-hidden=\"true\"><svg aria-hidden=\"true\" focusable=\"false\" data-prefix=\"far\" data-icon=\"chart-bar\" role=\"img\" xmlns=\"http:\/\/www.w3.org\/2000\/svg\" viewBox=\"0 0 512 512\" class=\"svg-inline--fa fa-chart-bar fa-w-16 fa-2x\"><path fill=\"currentColor\" d=\"M396.8 352h22.4c6.4 0 12.8-6.4 12.8-12.8V108.8c0-6.4-6.4-12.8-12.8-12.8h-22.4c-6.4 0-12.8 6.4-12.8 12.8v230.4c0 6.4 6.4 12.8 12.8 12.8zm-192 0h22.4c6.4 0 12.8-6.4 12.8-12.8V140.8c0-6.4-6.4-12.8-12.8-12.8h-22.4c-6.4 0-12.8 6.4-12.8 12.8v198.4c0 6.4 6.4 12.8 12.8 12.8zm96 0h22.4c6.4 0 12.8-6.4 12.8-12.8V204.8c0-6.4-6.4-12.8-12.8-12.8h-22.4c-6.4 0-12.8 6.4-12.8 12.8v134.4c0 6.4 6.4 12.8 12.8 12.8zM496 400H48V80c0-8.84-7.16-16-16-16H16C7.16 64 0 71.16 0 80v336c0 17.67 14.33 32 32 32h464c8.84 0 16-7.16 16-16v-16c0-8.84-7.16-16-16-16zm-387.2-48h22.4c6.4 0 12.8-6.4 12.8-12.8v-70.4c0-6.4-6.4-12.8-12.8-12.8h-22.4c-6.4 0-12.8 6.4-12.8 12.8v70.4c0 6.4 6.4 12.8 12.8 12.8z\" class=\"\"><\/path><\/svg><\/i> <img loading=\"lazy\" decoding=\"async\" width=\"16\" height=\"16\" alt=\"Loading\" src=\"https:\/\/temucotelevision.cl\/web\/wp-content\/plugins\/page-views-count\/ajax-loader-2x.gif\" border=0 \/><\/p>\n<div class=\"pvc_clear\"><\/div>\n<p>La moderna infraestructura, financiada con m\u00e1s de $2.500 millones por el Gobierno de La Araucan\u00eda, permitir\u00e1 fortalecer la capacidad operativa<\/p>\n","protected":false},"author":1,"featured_media":61756,"comment_status":"open","ping_status":"open","sticky":false,"template":"","format":"standard","meta":{"colormag_page_container_layout":"default_layout","colormag_page_sidebar_layout":"default_layout","footnotes":""},"categories":[14],"tags":[304],"class_list":["post-61755","post","type-post","status-publish","format-standard","has-post-thumbnail","hentry","category-temuco","tag-bomberos"],"a3_pvc":{"activated":true,"total_views":1034,"today_views":0},"_links":{"self":[{"href":"https:\/\/temucotelevision.cl\/web\/wp-json\/wp\/v2\/posts\/61755","targetHints":{"allow":["GET"]}}],"collection":[{"href":"https:\/\/temucotelevision.cl\/web\/wp-json\/wp\/v2\/posts"}],"about":[{"href":"https:\/\/temucotelevision.cl\/web\/wp-json\/wp\/v2\/types\/post"}],"author":[{"embeddable":true,"href":"https:\/\/temucotelevision.cl\/web\/wp-json\/wp\/v2\/users\/1"}],"replies":[{"embeddable":true,"href":"https:\/\/temucotelevision.cl\/web\/wp-json\/wp\/v2\/comments?post=61755"}],"version-history":[{"count":1,"href":"https:\/\/temucotelevision.cl\/web\/wp-json\/wp\/v2\/posts\/61755\/revisions"}],"predecessor-version":[{"id":61758,"href":"https:\/\/temucotelevision.cl\/web\/wp-json\/wp\/v2\/posts\/61755\/revisions\/61758"}],"wp:featuredmedia":[{"embeddable":true,"href":"https:\/\/temucotelevision.cl\/web\/wp-json\/wp\/v2\/media\/61756"}],"wp:attachment":[{"href":"https:\/\/temucotelevision.cl\/web\/wp-json\/wp\/v2\/media?parent=61755"}],"wp:term":[{"taxonomy":"category","embeddable":true,"href":"https:\/\/temucotelevision.cl\/web\/wp-json\/wp\/v2\/categories?post=61755"},{"taxonomy":"post_tag","embeddable":true,"href":"https:\/\/temucotelevision.cl\/web\/wp-json\/wp\/v2\/tags?post=61755"}],"curies":[{"name":"wp","href":"https:\/\/api.w.org\/{rel}","templated":true}]}}