{"id":61740,"date":"2026-04-04T18:04:16","date_gmt":"2026-04-04T21:04:16","guid":{"rendered":"https:\/\/temucotelevision.cl\/web\/?p=61740"},"modified":"2026-04-04T18:04:17","modified_gmt":"2026-04-04T21:04:17","slug":"anjuf-sobre-aprobacion-del-proyecto-que-separa-la-anfp-de-la-federacion-ya-no-tendran-argumentos-para-discriminar-en-las-selecciones","status":"publish","type":"post","link":"https:\/\/temucotelevision.cl\/web\/2026\/04\/04\/anjuf-sobre-aprobacion-del-proyecto-que-separa-la-anfp-de-la-federacion-ya-no-tendran-argumentos-para-discriminar-en-las-selecciones\/","title":{"rendered":"ANJUF sobre aprobaci\u00f3n del proyecto que separa la ANFP de la Federaci\u00f3n: \u201cYa no tendr\u00e1n argumentos para discriminar en las selecciones\u201d"},"content":{"rendered":"<div class=\"pvc_clear\"><\/div><p id=\"pvc_stats_61740\" class=\"pvc_stats total_only  \" data-element-id=\"61740\" style=\"\"><i class=\"pvc-stats-icon large\" aria-hidden=\"true\"><svg aria-hidden=\"true\" focusable=\"false\" data-prefix=\"far\" data-icon=\"chart-bar\" role=\"img\" xmlns=\"http:\/\/www.w3.org\/2000\/svg\" viewBox=\"0 0 512 512\" class=\"svg-inline--fa fa-chart-bar fa-w-16 fa-2x\"><path fill=\"currentColor\" d=\"M396.8 352h22.4c6.4 0 12.8-6.4 12.8-12.8V108.8c0-6.4-6.4-12.8-12.8-12.8h-22.4c-6.4 0-12.8 6.4-12.8 12.8v230.4c0 6.4 6.4 12.8 12.8 12.8zm-192 0h22.4c6.4 0 12.8-6.4 12.8-12.8V140.8c0-6.4-6.4-12.8-12.8-12.8h-22.4c-6.4 0-12.8 6.4-12.8 12.8v198.4c0 6.4 6.4 12.8 12.8 12.8zm96 0h22.4c6.4 0 12.8-6.4 12.8-12.8V204.8c0-6.4-6.4-12.8-12.8-12.8h-22.4c-6.4 0-12.8 6.4-12.8 12.8v134.4c0 6.4 6.4 12.8 12.8 12.8zM496 400H48V80c0-8.84-7.16-16-16-16H16C7.16 64 0 71.16 0 80v336c0 17.67 14.33 32 32 32h464c8.84 0 16-7.16 16-16v-16c0-8.84-7.16-16-16-16zm-387.2-48h22.4c6.4 0 12.8-6.4 12.8-12.8v-70.4c0-6.4-6.4-12.8-12.8-12.8h-22.4c-6.4 0-12.8 6.4-12.8 12.8v70.4c0 6.4 6.4 12.8 12.8 12.8z\" class=\"\"><\/path><\/svg><\/i> <img loading=\"lazy\" decoding=\"async\" width=\"16\" height=\"16\" alt=\"Loading\" src=\"https:\/\/temucotelevision.cl\/web\/wp-content\/plugins\/page-views-count\/ajax-loader-2x.gif\" border=0 \/><\/p><div class=\"pvc_clear\"><\/div>\n<p><em>La Asociaci\u00f3n Nacional de Jugadoras de F\u00fatbol valor\u00f3 la aprobaci\u00f3n del proyecto de ley que reforma la gobernanza del f\u00fatbol chileno, tras casi una d\u00e9cada de tramitaci\u00f3n, destacando que abre una oportunidad concreta para el desarrollo del f\u00fatbol femenino y establece nuevas bases de transparencia en la industria.<\/em><\/p>\n\n\n\n<p>La Asociaci\u00f3n Nacional de Jugadoras de F\u00fatbol (ANJUF) valor\u00f3 la aprobaci\u00f3n del proyecto de ley que modifica el funcionamiento de las Sociedades An\u00f3nimas Deportivas Profesionales y separa las funciones de la Federaci\u00f3n de F\u00fatbol de Chile y la ANFP, en una tramitaci\u00f3n que se extendi\u00f3 por cerca de diez a\u00f1os y en la que fueron escuchadas diversas organizaciones del ecosistema deportivo.<\/p>\n\n\n\n<p>Para ANJUF, uno de los aspectos m\u00e1s relevantes de esta reforma es que podr\u00eda comenzar a revertir una l\u00f3gica hist\u00f3rica que ha relegado al f\u00fatbol femenino. \u201cValoramos enormemente la aprobaci\u00f3n de este proyecto de ley. Es un hito que modifica la gobernanza del f\u00fatbol chileno, fortalece la transparencia y abre la posibilidad de desarrollar de forma equitativa todas las disciplinas\u201d, se\u00f1al\u00f3 la presidenta de la asociaci\u00f3n, Javiera Moreno.<\/p>\n\n\n\n<p>En esa l\u00ednea, agreg\u00f3 que el impacto de esta reforma tambi\u00e9n se podr\u00eda expresar en condiciones m\u00e1s equitativas para las selecciones nacionales. \u201cLa Federaci\u00f3n ya no tendr\u00eda argumentos para discriminar por g\u00e9nero en la inversi\u00f3n de las selecciones. Adem\u00e1s, este cambio podr\u00eda abrir la puerta a una liga femenina con mayor autonom\u00eda, mejores condiciones para las jugadoras y un proyecto de largo plazo\u201d, afirm\u00f3.<\/p>\n\n\n\n<p>Asimismo, desde ANJUF hicieron un llamado a las autoridades a implementar adecuadamente los cambios que establece la ley. \u201cEl desarrollo no va a venir de forma autom\u00e1tica. Requiere voluntad pol\u00edtica y que se dote a la nueva institucionalidad de los instrumentos necesarios para que sea sostenible en el tiempo\u201d, agreg\u00f3.<\/p>\n\n\n\n<p>\u201cComo ANJUF, estamos disponibles para colaborar en este proceso, pero esperamos que esta sea la oportunidad que el f\u00fatbol femenino ha esperado para desarrollarse como corresponde\u201d, concluy\u00f3.<\/p>\n\n\n\n<p>La iniciativa introduce cambios estructurales en la gobernanza del f\u00fatbol chileno. Entre ellos, la creaci\u00f3n de ligas profesionales como entidades institucionales independientes de la Federaci\u00f3n, as\u00ed como mayores exigencias de transparencia, incluyendo la prohibici\u00f3n de participaci\u00f3n accionaria en m\u00e1s de un club de una misma liga y la implementaci\u00f3n de un registro de beneficiarios finales de los clubes.<\/p>\n","protected":false},"excerpt":{"rendered":"<div class=\"pvc_clear\"><\/div>\n<p id=\"pvc_stats_61740\" class=\"pvc_stats total_only  \" data-element-id=\"61740\" style=\"\"><i class=\"pvc-stats-icon large\" aria-hidden=\"true\"><svg aria-hidden=\"true\" focusable=\"false\" data-prefix=\"far\" data-icon=\"chart-bar\" role=\"img\" xmlns=\"http:\/\/www.w3.org\/2000\/svg\" viewBox=\"0 0 512 512\" class=\"svg-inline--fa fa-chart-bar fa-w-16 fa-2x\"><path fill=\"currentColor\" d=\"M396.8 352h22.4c6.4 0 12.8-6.4 12.8-12.8V108.8c0-6.4-6.4-12.8-12.8-12.8h-22.4c-6.4 0-12.8 6.4-12.8 12.8v230.4c0 6.4 6.4 12.8 12.8 12.8zm-192 0h22.4c6.4 0 12.8-6.4 12.8-12.8V140.8c0-6.4-6.4-12.8-12.8-12.8h-22.4c-6.4 0-12.8 6.4-12.8 12.8v198.4c0 6.4 6.4 12.8 12.8 12.8zm96 0h22.4c6.4 0 12.8-6.4 12.8-12.8V204.8c0-6.4-6.4-12.8-12.8-12.8h-22.4c-6.4 0-12.8 6.4-12.8 12.8v134.4c0 6.4 6.4 12.8 12.8 12.8zM496 400H48V80c0-8.84-7.16-16-16-16H16C7.16 64 0 71.16 0 80v336c0 17.67 14.33 32 32 32h464c8.84 0 16-7.16 16-16v-16c0-8.84-7.16-16-16-16zm-387.2-48h22.4c6.4 0 12.8-6.4 12.8-12.8v-70.4c0-6.4-6.4-12.8-12.8-12.8h-22.4c-6.4 0-12.8 6.4-12.8 12.8v70.4c0 6.4 6.4 12.8 12.8 12.8z\" class=\"\"><\/path><\/svg><\/i> <img loading=\"lazy\" decoding=\"async\" width=\"16\" height=\"16\" alt=\"Loading\" src=\"https:\/\/temucotelevision.cl\/web\/wp-content\/plugins\/page-views-count\/ajax-loader-2x.gif\" border=0 \/><\/p>\n<div class=\"pvc_clear\"><\/div>\n<p>La Asociaci\u00f3n Nacional de Jugadoras de F\u00fatbol valor\u00f3 la aprobaci\u00f3n del proyecto de ley que reforma la gobernanza del f\u00fatbol<\/p>\n","protected":false},"author":1,"featured_media":61741,"comment_status":"open","ping_status":"open","sticky":false,"template":"","format":"standard","meta":{"colormag_page_container_layout":"default_layout","colormag_page_sidebar_layout":"default_layout","footnotes":""},"categories":[101],"tags":[4567],"class_list":["post-61740","post","type-post","status-publish","format-standard","has-post-thumbnail","hentry","category-actualidad","tag-anfp"],"a3_pvc":{"activated":true,"total_views":1274,"today_views":1},"_links":{"self":[{"href":"https:\/\/temucotelevision.cl\/web\/wp-json\/wp\/v2\/posts\/61740","targetHints":{"allow":["GET"]}}],"collection":[{"href":"https:\/\/temucotelevision.cl\/web\/wp-json\/wp\/v2\/posts"}],"about":[{"href":"https:\/\/temucotelevision.cl\/web\/wp-json\/wp\/v2\/types\/post"}],"author":[{"embeddable":true,"href":"https:\/\/temucotelevision.cl\/web\/wp-json\/wp\/v2\/users\/1"}],"replies":[{"embeddable":true,"href":"https:\/\/temucotelevision.cl\/web\/wp-json\/wp\/v2\/comments?post=61740"}],"version-history":[{"count":1,"href":"https:\/\/temucotelevision.cl\/web\/wp-json\/wp\/v2\/posts\/61740\/revisions"}],"predecessor-version":[{"id":61742,"href":"https:\/\/temucotelevision.cl\/web\/wp-json\/wp\/v2\/posts\/61740\/revisions\/61742"}],"wp:featuredmedia":[{"embeddable":true,"href":"https:\/\/temucotelevision.cl\/web\/wp-json\/wp\/v2\/media\/61741"}],"wp:attachment":[{"href":"https:\/\/temucotelevision.cl\/web\/wp-json\/wp\/v2\/media?parent=61740"}],"wp:term":[{"taxonomy":"category","embeddable":true,"href":"https:\/\/temucotelevision.cl\/web\/wp-json\/wp\/v2\/categories?post=61740"},{"taxonomy":"post_tag","embeddable":true,"href":"https:\/\/temucotelevision.cl\/web\/wp-json\/wp\/v2\/tags?post=61740"}],"curies":[{"name":"wp","href":"https:\/\/api.w.org\/{rel}","templated":true}]}}