{"id":61730,"date":"2026-04-04T17:30:08","date_gmt":"2026-04-04T20:30:08","guid":{"rendered":"https:\/\/temucotelevision.cl\/web\/?p=61730"},"modified":"2026-04-04T17:30:09","modified_gmt":"2026-04-04T20:30:09","slug":"cuando-el-estado-se-baja-del-auto-el-dia-en-que-el-gobierno-decidio-que-la-cuenta-la-paguen-las-familias","status":"publish","type":"post","link":"https:\/\/temucotelevision.cl\/web\/2026\/04\/04\/cuando-el-estado-se-baja-del-auto-el-dia-en-que-el-gobierno-decidio-que-la-cuenta-la-paguen-las-familias\/","title":{"rendered":"\u201cCuando el Estado se baja del auto: el d\u00eda en que el Gobierno decidi\u00f3 que la cuenta la paguen las familias\u201d"},"content":{"rendered":"<div class=\"pvc_clear\"><\/div><p id=\"pvc_stats_61730\" class=\"pvc_stats total_only  \" data-element-id=\"61730\" style=\"\"><i class=\"pvc-stats-icon large\" aria-hidden=\"true\"><svg aria-hidden=\"true\" focusable=\"false\" data-prefix=\"far\" data-icon=\"chart-bar\" role=\"img\" xmlns=\"http:\/\/www.w3.org\/2000\/svg\" viewBox=\"0 0 512 512\" class=\"svg-inline--fa fa-chart-bar fa-w-16 fa-2x\"><path fill=\"currentColor\" d=\"M396.8 352h22.4c6.4 0 12.8-6.4 12.8-12.8V108.8c0-6.4-6.4-12.8-12.8-12.8h-22.4c-6.4 0-12.8 6.4-12.8 12.8v230.4c0 6.4 6.4 12.8 12.8 12.8zm-192 0h22.4c6.4 0 12.8-6.4 12.8-12.8V140.8c0-6.4-6.4-12.8-12.8-12.8h-22.4c-6.4 0-12.8 6.4-12.8 12.8v198.4c0 6.4 6.4 12.8 12.8 12.8zm96 0h22.4c6.4 0 12.8-6.4 12.8-12.8V204.8c0-6.4-6.4-12.8-12.8-12.8h-22.4c-6.4 0-12.8 6.4-12.8 12.8v134.4c0 6.4 6.4 12.8 12.8 12.8zM496 400H48V80c0-8.84-7.16-16-16-16H16C7.16 64 0 71.16 0 80v336c0 17.67 14.33 32 32 32h464c8.84 0 16-7.16 16-16v-16c0-8.84-7.16-16-16-16zm-387.2-48h22.4c6.4 0 12.8-6.4 12.8-12.8v-70.4c0-6.4-6.4-12.8-12.8-12.8h-22.4c-6.4 0-12.8 6.4-12.8 12.8v70.4c0 6.4 6.4 12.8 12.8 12.8z\" class=\"\"><\/path><\/svg><\/i> <img loading=\"lazy\" decoding=\"async\" width=\"16\" height=\"16\" alt=\"Loading\" src=\"https:\/\/temucotelevision.cl\/web\/wp-content\/plugins\/page-views-count\/ajax-loader-2x.gif\" border=0 \/><\/p><div class=\"pvc_clear\"><\/div>\n<p>En Chile, cada vez que suben los combustibles, no solo aumenta el precio de llenar el estanque. Sube el costo de la vida. Suben los alimentos, el transporte, los servicios. Pero, sobre todo, se instala una pregunta inc\u00f3moda: \u00bfqui\u00e9n debe absorber el impacto de estos shocks externos?<\/p>\n\n\n\n<p>La reciente alza no es solo una consecuencia inevitable del mercado internacional. Es, ante todo, una decisi\u00f3n pol\u00edtica. Porque frente a un escenario adverso, el Estado tiene opciones: amortiguar el golpe o trasladarlo directamente a la ciudadan\u00eda. Y esta vez, el Gobierno opt\u00f3 por lo segundo.<\/p>\n\n\n\n<p>Se ha intentado justificar esta decisi\u00f3n se\u00f1alando restricciones fiscales. Sin embargo, ese argumento no resiste mayor an\u00e1lisis. Chile mantiene una posici\u00f3n relativamente s\u00f3lida en comparaci\u00f3n con econom\u00edas de la OCDE y de Am\u00e9rica Latina, con niveles de endeudamiento por debajo de los promedios y con margen para actuar de manera contra c\u00edclica en contextos excepcionales.<\/p>\n\n\n\n<p>M\u00e1s a\u00fan, el pa\u00eds dispone de instrumentos precisamente dise\u00f1ados para enfrentar este tipo de situaciones. El Fondo de Estabilizaci\u00f3n Econ\u00f3mica y Social no es un s\u00edmbolo decorativo de responsabilidad fiscal; es una herramienta para usar cuando las condiciones externas golpean con fuerza la econom\u00eda interna. No hacerlo, en un contexto como el actual, es renunciar a una de las principales fortalezas de la pol\u00edtica econ\u00f3mica chilena.<\/p>\n\n\n\n<p>A esto se suma una contradicci\u00f3n evidente: mientras se argumenta falta de recursos para amortiguar el alza de los combustibles, se impulsan se\u00f1ales que apuntan a aliviar la carga tributaria de los sectores de mayores ingresos. La pregunta es inevitable: \u00bfno hab\u00eda alternativas m\u00e1s equitativas para distribuir este costo?<\/p>\n\n\n\n<p>Porque de eso se trata finalmente. No estamos ante un problema t\u00e9cnico, sino ante una definici\u00f3n pol\u00edtica sobre qui\u00e9n paga la cuenta. Y en este caso, el Gobierno ha decidido que sean las familias y las peque\u00f1as y medianas empresas quienes absorban el impacto, afectando su bienestar y debilitando la reactivaci\u00f3n econ\u00f3mica.<\/p>\n\n\n\n<p>La experiencia internacional demuestra que existen caminos distintos. Pa\u00edses como Espa\u00f1a enfrentaron alzas similares combinando subsidios focalizados, medidas temporales y una activa intervenci\u00f3n del Estado para mitigar los efectos en la vida cotidiana de las personas.<\/p>\n\n\n\n<p>Chile pudo hacer lo mismo. Pudo utilizar parte de sus ahorros, complementar con endeudamiento responsable y dise\u00f1ar pol\u00edticas focalizadas que protegieran a los m\u00e1s vulnerables sin comprometer la sostenibilidad fiscal de largo plazo.<\/p>\n\n\n\n<p>No hacerlo no es solo una omisi\u00f3n. Es una se\u00f1al preocupante de desconexi\u00f3n con la realidad de millones de chilenos. Porque mientras el Estado se resguarda, las familias se endeudan, ajustan su consumo y ven deteriorarse su calidad de vida.<\/p>\n\n\n\n<p>Cuando el Estado se baja del auto, alguien m\u00e1s tiene que tomar el volante. Y hoy, lamentablemente, esa carga est\u00e1 recayendo sobre los hombros de la ciudadan\u00eda.<\/p>\n","protected":false},"excerpt":{"rendered":"<div class=\"pvc_clear\"><\/div>\n<p id=\"pvc_stats_61730\" class=\"pvc_stats total_only  \" data-element-id=\"61730\" style=\"\"><i class=\"pvc-stats-icon large\" aria-hidden=\"true\"><svg aria-hidden=\"true\" focusable=\"false\" data-prefix=\"far\" data-icon=\"chart-bar\" role=\"img\" xmlns=\"http:\/\/www.w3.org\/2000\/svg\" viewBox=\"0 0 512 512\" class=\"svg-inline--fa fa-chart-bar fa-w-16 fa-2x\"><path fill=\"currentColor\" d=\"M396.8 352h22.4c6.4 0 12.8-6.4 12.8-12.8V108.8c0-6.4-6.4-12.8-12.8-12.8h-22.4c-6.4 0-12.8 6.4-12.8 12.8v230.4c0 6.4 6.4 12.8 12.8 12.8zm-192 0h22.4c6.4 0 12.8-6.4 12.8-12.8V140.8c0-6.4-6.4-12.8-12.8-12.8h-22.4c-6.4 0-12.8 6.4-12.8 12.8v198.4c0 6.4 6.4 12.8 12.8 12.8zm96 0h22.4c6.4 0 12.8-6.4 12.8-12.8V204.8c0-6.4-6.4-12.8-12.8-12.8h-22.4c-6.4 0-12.8 6.4-12.8 12.8v134.4c0 6.4 6.4 12.8 12.8 12.8zM496 400H48V80c0-8.84-7.16-16-16-16H16C7.16 64 0 71.16 0 80v336c0 17.67 14.33 32 32 32h464c8.84 0 16-7.16 16-16v-16c0-8.84-7.16-16-16-16zm-387.2-48h22.4c6.4 0 12.8-6.4 12.8-12.8v-70.4c0-6.4-6.4-12.8-12.8-12.8h-22.4c-6.4 0-12.8 6.4-12.8 12.8v70.4c0 6.4 6.4 12.8 12.8 12.8z\" class=\"\"><\/path><\/svg><\/i> <img loading=\"lazy\" decoding=\"async\" width=\"16\" height=\"16\" alt=\"Loading\" src=\"https:\/\/temucotelevision.cl\/web\/wp-content\/plugins\/page-views-count\/ajax-loader-2x.gif\" border=0 \/><\/p>\n<div class=\"pvc_clear\"><\/div>\n<p>En Chile, cada vez que suben los combustibles, no solo aumenta el precio de llenar el estanque. Sube el costo<\/p>\n","protected":false},"author":1,"featured_media":61731,"comment_status":"open","ping_status":"open","sticky":false,"template":"","format":"standard","meta":{"colormag_page_container_layout":"default_layout","colormag_page_sidebar_layout":"default_layout","footnotes":""},"categories":[84],"tags":[6128],"class_list":["post-61730","post","type-post","status-publish","format-standard","has-post-thumbnail","hentry","category-politica","tag-opinion"],"a3_pvc":{"activated":true,"total_views":1015,"today_views":0},"_links":{"self":[{"href":"https:\/\/temucotelevision.cl\/web\/wp-json\/wp\/v2\/posts\/61730","targetHints":{"allow":["GET"]}}],"collection":[{"href":"https:\/\/temucotelevision.cl\/web\/wp-json\/wp\/v2\/posts"}],"about":[{"href":"https:\/\/temucotelevision.cl\/web\/wp-json\/wp\/v2\/types\/post"}],"author":[{"embeddable":true,"href":"https:\/\/temucotelevision.cl\/web\/wp-json\/wp\/v2\/users\/1"}],"replies":[{"embeddable":true,"href":"https:\/\/temucotelevision.cl\/web\/wp-json\/wp\/v2\/comments?post=61730"}],"version-history":[{"count":1,"href":"https:\/\/temucotelevision.cl\/web\/wp-json\/wp\/v2\/posts\/61730\/revisions"}],"predecessor-version":[{"id":61732,"href":"https:\/\/temucotelevision.cl\/web\/wp-json\/wp\/v2\/posts\/61730\/revisions\/61732"}],"wp:featuredmedia":[{"embeddable":true,"href":"https:\/\/temucotelevision.cl\/web\/wp-json\/wp\/v2\/media\/61731"}],"wp:attachment":[{"href":"https:\/\/temucotelevision.cl\/web\/wp-json\/wp\/v2\/media?parent=61730"}],"wp:term":[{"taxonomy":"category","embeddable":true,"href":"https:\/\/temucotelevision.cl\/web\/wp-json\/wp\/v2\/categories?post=61730"},{"taxonomy":"post_tag","embeddable":true,"href":"https:\/\/temucotelevision.cl\/web\/wp-json\/wp\/v2\/tags?post=61730"}],"curies":[{"name":"wp","href":"https:\/\/api.w.org\/{rel}","templated":true}]}}