{"id":61724,"date":"2026-04-04T14:05:04","date_gmt":"2026-04-04T17:05:04","guid":{"rendered":"https:\/\/temucotelevision.cl\/web\/?p=61724"},"modified":"2026-04-04T14:05:05","modified_gmt":"2026-04-04T17:05:05","slug":"alza-de-combustible-reabre-debate-sobre-teletrabajo-y-digitalizacion-de-tramites","status":"publish","type":"post","link":"https:\/\/temucotelevision.cl\/web\/2026\/04\/04\/alza-de-combustible-reabre-debate-sobre-teletrabajo-y-digitalizacion-de-tramites\/","title":{"rendered":"Alza de combustible reabre debate sobre teletrabajo y digitalizaci\u00f3n de tr\u00e1mites"},"content":{"rendered":"<div class=\"pvc_clear\"><\/div><p id=\"pvc_stats_61724\" class=\"pvc_stats total_only  \" data-element-id=\"61724\" style=\"\"><i class=\"pvc-stats-icon large\" aria-hidden=\"true\"><svg aria-hidden=\"true\" focusable=\"false\" data-prefix=\"far\" data-icon=\"chart-bar\" role=\"img\" xmlns=\"http:\/\/www.w3.org\/2000\/svg\" viewBox=\"0 0 512 512\" class=\"svg-inline--fa fa-chart-bar fa-w-16 fa-2x\"><path fill=\"currentColor\" d=\"M396.8 352h22.4c6.4 0 12.8-6.4 12.8-12.8V108.8c0-6.4-6.4-12.8-12.8-12.8h-22.4c-6.4 0-12.8 6.4-12.8 12.8v230.4c0 6.4 6.4 12.8 12.8 12.8zm-192 0h22.4c6.4 0 12.8-6.4 12.8-12.8V140.8c0-6.4-6.4-12.8-12.8-12.8h-22.4c-6.4 0-12.8 6.4-12.8 12.8v198.4c0 6.4 6.4 12.8 12.8 12.8zm96 0h22.4c6.4 0 12.8-6.4 12.8-12.8V204.8c0-6.4-6.4-12.8-12.8-12.8h-22.4c-6.4 0-12.8 6.4-12.8 12.8v134.4c0 6.4 6.4 12.8 12.8 12.8zM496 400H48V80c0-8.84-7.16-16-16-16H16C7.16 64 0 71.16 0 80v336c0 17.67 14.33 32 32 32h464c8.84 0 16-7.16 16-16v-16c0-8.84-7.16-16-16-16zm-387.2-48h22.4c6.4 0 12.8-6.4 12.8-12.8v-70.4c0-6.4-6.4-12.8-12.8-12.8h-22.4c-6.4 0-12.8 6.4-12.8 12.8v70.4c0 6.4 6.4 12.8 12.8 12.8z\" class=\"\"><\/path><\/svg><\/i> <img loading=\"lazy\" decoding=\"async\" width=\"16\" height=\"16\" alt=\"Loading\" src=\"https:\/\/temucotelevision.cl\/web\/wp-content\/plugins\/page-views-count\/ajax-loader-2x.gif\" border=0 \/><\/p><div class=\"pvc_clear\"><\/div>\n<ul class=\"wp-block-list\">\n<li>En medio del aumento sostenido en los costos de traslado, surgen alternativas como el trabajo remoto y la gesti\u00f3n online de documentos para reducir gastos.<\/li>\n<\/ul>\n\n\n\n<p>El alza sostenida de los combustibles dej\u00f3 de ser una noticia coyuntural para convertirse en un factor estructural que impacta directamente tanto el bolsillo de las personas como la operaci\u00f3n de las empresas. Hoy, cada traslado diario \u2014ya sea al trabajo, a una notar\u00eda o a una oficina p\u00fablica\u2014 implica un costo mayor: menos visible en las cifras macroecon\u00f3micas, pero claramente perceptible en la econom\u00eda dom\u00e9stica.<\/p>\n\n\n\n<p>En este contexto, el debate sobre el teletrabajo vuelve a tomar relevancia, ya no como una medida excepcional \u2014como ocurri\u00f3 durante la pandemia\u2014, sino como una alternativa vinculada a la eficiencia econ\u00f3mica y la organizaci\u00f3n del trabajo. \u201cSi uno revisa las razones por las que millones de personas se movilizan cada d\u00eda, una de las principales sigue siendo cumplir funciones que, en muchos casos, podr\u00edan realizarse de manera remota\u201d, afirma Christian Rodiek, CEO de FirmaVirtual.<\/p>\n\n\n\n<p>Plantear que tanto el sector p\u00fablico como el privado eval\u00faen el retorno al teletrabajo \u2014al menos en aquellas funciones donde sea viable\u2014 constituye una discusi\u00f3n que trasciende el \u00e1mbito laboral y se vincula con el actual escenario de presi\u00f3n inflacionaria.<\/p>\n\n\n\n<p>La reducci\u00f3n de los traslados se asocia con un menor gasto en combustible y una disminuci\u00f3n del tiempo destinado a la congesti\u00f3n. En este contexto, tambi\u00e9n adquiere relevancia la digitalizaci\u00f3n de los tr\u00e1mites. \u201cDurante a\u00f1os, acciones como firmar contratos y otros documentos implicaron desplazamientos f\u00edsicos, filas y tiempos de espera. Hoy, sin embargo, la tecnolog\u00eda permite que estos procesos se realicen completamente en l\u00ednea, con los mismos est\u00e1ndares de seguridad jur\u00eddica\u201d, explica Christian Rodiek.<\/p>\n\n\n\n<p>En este punto, distintas plataformas de firma electr\u00f3nica han evidenciado que es posible reducir una parte relevante de estos traslados, los que, acumulados d\u00eda a d\u00eda, representan un costo significativo.<\/p>\n\n\n\n<p>Adem\u00e1s, algunas soluciones digitales de firma electr\u00f3nica operan en pesos, como es el caso de FirmaVirtual. \u201cEsto significa que, en un contexto inflacionario, no solo permiten ahorrar costos indirectos asociados al traslado, sino que adem\u00e1s mantienen su valor sin reajustes autom\u00e1ticos, volvi\u00e9ndose proporcionalmente m\u00e1s accesibles frente a otros servicios\u201d, asegura Rodiek.<\/p>\n\n\n\n<p>En este escenario, la digitalizaci\u00f3n se posiciona como una herramienta vinculada tanto a la modernizaci\u00f3n como a la gesti\u00f3n de costos. \u201cLa discusi\u00f3n, entonces, no es si avanzar o no en esta direcci\u00f3n, sino con qu\u00e9 velocidad. Volver a impulsar el teletrabajo, reducir la presencialidad a lo estrictamente necesario y digitalizar los procesos emerge como una respuesta racional frente a un contexto econ\u00f3mico exigente\u201d, establece el ejecutivo.<\/p>\n","protected":false},"excerpt":{"rendered":"<div class=\"pvc_clear\"><\/div>\n<p id=\"pvc_stats_61724\" class=\"pvc_stats total_only  \" data-element-id=\"61724\" style=\"\"><i class=\"pvc-stats-icon large\" aria-hidden=\"true\"><svg aria-hidden=\"true\" focusable=\"false\" data-prefix=\"far\" data-icon=\"chart-bar\" role=\"img\" xmlns=\"http:\/\/www.w3.org\/2000\/svg\" viewBox=\"0 0 512 512\" class=\"svg-inline--fa fa-chart-bar fa-w-16 fa-2x\"><path fill=\"currentColor\" d=\"M396.8 352h22.4c6.4 0 12.8-6.4 12.8-12.8V108.8c0-6.4-6.4-12.8-12.8-12.8h-22.4c-6.4 0-12.8 6.4-12.8 12.8v230.4c0 6.4 6.4 12.8 12.8 12.8zm-192 0h22.4c6.4 0 12.8-6.4 12.8-12.8V140.8c0-6.4-6.4-12.8-12.8-12.8h-22.4c-6.4 0-12.8 6.4-12.8 12.8v198.4c0 6.4 6.4 12.8 12.8 12.8zm96 0h22.4c6.4 0 12.8-6.4 12.8-12.8V204.8c0-6.4-6.4-12.8-12.8-12.8h-22.4c-6.4 0-12.8 6.4-12.8 12.8v134.4c0 6.4 6.4 12.8 12.8 12.8zM496 400H48V80c0-8.84-7.16-16-16-16H16C7.16 64 0 71.16 0 80v336c0 17.67 14.33 32 32 32h464c8.84 0 16-7.16 16-16v-16c0-8.84-7.16-16-16-16zm-387.2-48h22.4c6.4 0 12.8-6.4 12.8-12.8v-70.4c0-6.4-6.4-12.8-12.8-12.8h-22.4c-6.4 0-12.8 6.4-12.8 12.8v70.4c0 6.4 6.4 12.8 12.8 12.8z\" class=\"\"><\/path><\/svg><\/i> <img loading=\"lazy\" decoding=\"async\" width=\"16\" height=\"16\" alt=\"Loading\" src=\"https:\/\/temucotelevision.cl\/web\/wp-content\/plugins\/page-views-count\/ajax-loader-2x.gif\" border=0 \/><\/p>\n<div class=\"pvc_clear\"><\/div>\n<p>El alza sostenida de los combustibles dej\u00f3 de ser una noticia coyuntural para convertirse en un factor estructural que impacta<\/p>\n","protected":false},"author":1,"featured_media":61725,"comment_status":"open","ping_status":"open","sticky":false,"template":"","format":"standard","meta":{"colormag_page_container_layout":"default_layout","colormag_page_sidebar_layout":"default_layout","footnotes":""},"categories":[14],"tags":[2319],"class_list":["post-61724","post","type-post","status-publish","format-standard","has-post-thumbnail","hentry","category-temuco","tag-teletrabajo"],"a3_pvc":{"activated":true,"total_views":2803,"today_views":1},"_links":{"self":[{"href":"https:\/\/temucotelevision.cl\/web\/wp-json\/wp\/v2\/posts\/61724","targetHints":{"allow":["GET"]}}],"collection":[{"href":"https:\/\/temucotelevision.cl\/web\/wp-json\/wp\/v2\/posts"}],"about":[{"href":"https:\/\/temucotelevision.cl\/web\/wp-json\/wp\/v2\/types\/post"}],"author":[{"embeddable":true,"href":"https:\/\/temucotelevision.cl\/web\/wp-json\/wp\/v2\/users\/1"}],"replies":[{"embeddable":true,"href":"https:\/\/temucotelevision.cl\/web\/wp-json\/wp\/v2\/comments?post=61724"}],"version-history":[{"count":1,"href":"https:\/\/temucotelevision.cl\/web\/wp-json\/wp\/v2\/posts\/61724\/revisions"}],"predecessor-version":[{"id":61726,"href":"https:\/\/temucotelevision.cl\/web\/wp-json\/wp\/v2\/posts\/61724\/revisions\/61726"}],"wp:featuredmedia":[{"embeddable":true,"href":"https:\/\/temucotelevision.cl\/web\/wp-json\/wp\/v2\/media\/61725"}],"wp:attachment":[{"href":"https:\/\/temucotelevision.cl\/web\/wp-json\/wp\/v2\/media?parent=61724"}],"wp:term":[{"taxonomy":"category","embeddable":true,"href":"https:\/\/temucotelevision.cl\/web\/wp-json\/wp\/v2\/categories?post=61724"},{"taxonomy":"post_tag","embeddable":true,"href":"https:\/\/temucotelevision.cl\/web\/wp-json\/wp\/v2\/tags?post=61724"}],"curies":[{"name":"wp","href":"https:\/\/api.w.org\/{rel}","templated":true}]}}