{"id":61718,"date":"2026-04-04T13:50:31","date_gmt":"2026-04-04T16:50:31","guid":{"rendered":"https:\/\/temucotelevision.cl\/web\/?p=61718"},"modified":"2026-04-04T13:50:32","modified_gmt":"2026-04-04T16:50:32","slug":"temuco-refuerza-la-seguridad-publica-y-sanitaria-en-semana-santa-cerca-de-20-pescaderias-ya-fueron-fiscalizadas","status":"publish","type":"post","link":"https:\/\/temucotelevision.cl\/web\/2026\/04\/04\/temuco-refuerza-la-seguridad-publica-y-sanitaria-en-semana-santa-cerca-de-20-pescaderias-ya-fueron-fiscalizadas\/","title":{"rendered":"Temuco refuerza la seguridad p\u00fablica y sanitaria en Semana Santa: cerca de 20 pescader\u00edas ya fueron fiscalizadas"},"content":{"rendered":"<div class=\"pvc_clear\"><\/div><p id=\"pvc_stats_61718\" class=\"pvc_stats total_only  \" data-element-id=\"61718\" style=\"\"><i class=\"pvc-stats-icon large\" aria-hidden=\"true\"><svg aria-hidden=\"true\" focusable=\"false\" data-prefix=\"far\" data-icon=\"chart-bar\" role=\"img\" xmlns=\"http:\/\/www.w3.org\/2000\/svg\" viewBox=\"0 0 512 512\" class=\"svg-inline--fa fa-chart-bar fa-w-16 fa-2x\"><path fill=\"currentColor\" d=\"M396.8 352h22.4c6.4 0 12.8-6.4 12.8-12.8V108.8c0-6.4-6.4-12.8-12.8-12.8h-22.4c-6.4 0-12.8 6.4-12.8 12.8v230.4c0 6.4 6.4 12.8 12.8 12.8zm-192 0h22.4c6.4 0 12.8-6.4 12.8-12.8V140.8c0-6.4-6.4-12.8-12.8-12.8h-22.4c-6.4 0-12.8 6.4-12.8 12.8v198.4c0 6.4 6.4 12.8 12.8 12.8zm96 0h22.4c6.4 0 12.8-6.4 12.8-12.8V204.8c0-6.4-6.4-12.8-12.8-12.8h-22.4c-6.4 0-12.8 6.4-12.8 12.8v134.4c0 6.4 6.4 12.8 12.8 12.8zM496 400H48V80c0-8.84-7.16-16-16-16H16C7.16 64 0 71.16 0 80v336c0 17.67 14.33 32 32 32h464c8.84 0 16-7.16 16-16v-16c0-8.84-7.16-16-16-16zm-387.2-48h22.4c6.4 0 12.8-6.4 12.8-12.8v-70.4c0-6.4-6.4-12.8-12.8-12.8h-22.4c-6.4 0-12.8 6.4-12.8 12.8v70.4c0 6.4 6.4 12.8 12.8 12.8z\" class=\"\"><\/path><\/svg><\/i> <img loading=\"lazy\" decoding=\"async\" width=\"16\" height=\"16\" alt=\"Loading\" src=\"https:\/\/temucotelevision.cl\/web\/wp-content\/plugins\/page-views-count\/ajax-loader-2x.gif\" border=0 \/><\/p><div class=\"pvc_clear\"><\/div>\n<p><em><strong>La Municipalidad de Temuco, junto a una amplia red de servicios p\u00fablicos, realiz\u00f3 casi una veintena de fiscalizaciones a pescader\u00edas y comercios vinculados a la venta de productos del mar. Los controles forman parte del plan preventivo especial en la v\u00edspera de Semana Santa.<\/strong><\/em><\/p>\n\n\n\n<p>En la antesala de Semana Santa, la Municipalidad de Temuco encabez\u00f3 una intensa ronda de fiscalizaciones a locales comerciales dedicados a la venta de pescados y mariscos, con el objetivo de garantizar condiciones sanitarias, verificar la legalidad de las actividades comerciales y reforzar la seguridad en los sectores de mayor afluencia de p\u00fablico.<\/p>\n\n\n\n<p>Los operativos \u2014coordinados a trav\u00e9s de la Mesa Intersectorial del programa Somos Barrio Comercial del Departamento de Programas de la Direcci\u00f3n de Seguridad P\u00fablica (Disep)\u2014 se desarrollaron junto a la Seremi de Salud, el Departamento de Migraci\u00f3n y Extranjer\u00eda de la PDI, el Servicio de Impuestos Internos (SII), la Direcci\u00f3n del Trabajo, la Segunda Comisar\u00eda de Carabineros y Senda Araucan\u00eda.<\/p>\n\n\n\n<p>Las inspecciones, que continuar\u00e1n durante todo el fin de semana, se llevaron a cabo principalmente en el sector Feria Pinto, uno de los polos comerciales m\u00e1s concurridos de la capital regional durante estas fechas. En este contexto, el municipio reforz\u00f3 la seguridad con la presencia de guardias privados, inspectores de la Disep, increment\u00f3 los patrullajes preventivos en la zona y activ\u00f3 coordinaciones permanentes con las polic\u00edas y otros organismos estatales.<\/p>\n\n\n\n<p>El fortalecimiento del despliegue tiene como prop\u00f3sito proteger a vecinos, vecinas y visitantes mediante acciones preventivas, controlar la presencia de delitos de oportunidad y asegurar el adecuado funcionamiento de servicios esenciales durante la festividad religiosa.<\/p>\n\n\n\n<p>Estas labores se insertan dentro del Plan Mejor Feria Pinto, impulsado por el municipio hace un a\u00f1o, que busca recuperar y ordenar progresivamente el sector, fortaleciendo la presencia de fiscalizadores, patrullajes y medidas de seguridad a largo plazo.<\/p>\n\n\n\n<p>Las instituciones participantes han fiscalizado 18 locales hasta ahora, verificando sus condiciones sanitarias de alimentos y equipamiento, situaci\u00f3n laboral de trabajadores, cumplimiento tributario, condici\u00f3n migratoria de personas extranjeras, presencia disuasiva de Seguridad Municipal y polic\u00edas.<\/p>\n\n\n\n<p>Los resultados preliminares fueron positivos porque Seremi de Salud no detect\u00f3 infracciones ni desviaciones a la normativa sanitaria; se constataron subsanaciones previas en locales con sumarios en curso, el SII no encontr\u00f3 infracciones y entreg\u00f3 orientaciones sobre el Registro de Contribuyentes seg\u00fan la nueva Ley de Ferias Libres. Por su parte, la PDI control\u00f3 a seis ciudadanos extranjeros (haitianos y venezolanos), todos con situaci\u00f3n migratoria al d\u00eda, la Direcci\u00f3n del Trabajo no hall\u00f3 vulneraciones laborales; solo casos de prestaci\u00f3n espor\u00e1dica.<\/p>\n\n\n\n<p>El alcalde de Temuco, Roberto Neira, explic\u00f3 que el municipio va \u201ca reforzar la seguridad este fin de semana en este sector que es muy importante para la ciudad, que abastece gran parte nuestro querido Temuco porque las personas vienen, compra y principalmente el viernes santo donde se compra m\u00e1s marisco y pescado y hay mayor concurrencia de p\u00fablico. Nuestros equipos van a circular por este sector, tanto por la Feria Pinto como sus alrededores y para que las personas vengan tranquilas a comprar a esta hermosa feria\u201d.<\/p>\n\n\n\n<p>Por su parte, el teniente coronel Felipe Pozo Lagos, comisario de la Segunda Comisar\u00eda de Temuco, se\u00f1al\u00f3 que las fiscalizaciones son un \u201ctrabajo que se viene realizando ya desde un tiempo a la fecha, el cual en general ha dado resultados dentro de lo que son diferentes procesos infraccionales, como tambi\u00e9n eh procesos de fiscalizaci\u00f3n que van en apoyo de lo que es la mejora de seguridad de lo que es el sector de Feria Pinto\u201d.<\/p>\n\n\n\n<p>Por \u00faltimo, el subprefecto Pablo Lagos, jefe del Departamento de Migraci\u00f3n y Polic\u00eda Internacional de la PDI de Temuco, detall\u00f3 que la labor que est\u00e1n realizando en la Feria Pinto tiene que ver \u201cespec\u00edficamente en el levantamiento de informaci\u00f3n de extranjeros y saber su condici\u00f3n migratoria en la que est\u00e1n residiendo ac\u00e1 en la comuna. Esto llega a complementar un plan de fiscalizaci\u00f3n estrat\u00e9gico que tiene la instituci\u00f3n respecto a mantener una condici\u00f3n migratoria ordenada, segura y regular en el pa\u00eds y por supuesto denunciar a los extranjeros que est\u00e9n en condici\u00f3n irregular a la autoridad administrativa\u201d, concluy\u00f3.<\/p>\n","protected":false},"excerpt":{"rendered":"<div class=\"pvc_clear\"><\/div>\n<p id=\"pvc_stats_61718\" class=\"pvc_stats total_only  \" data-element-id=\"61718\" style=\"\"><i class=\"pvc-stats-icon large\" aria-hidden=\"true\"><svg aria-hidden=\"true\" focusable=\"false\" data-prefix=\"far\" data-icon=\"chart-bar\" role=\"img\" xmlns=\"http:\/\/www.w3.org\/2000\/svg\" viewBox=\"0 0 512 512\" class=\"svg-inline--fa fa-chart-bar fa-w-16 fa-2x\"><path fill=\"currentColor\" d=\"M396.8 352h22.4c6.4 0 12.8-6.4 12.8-12.8V108.8c0-6.4-6.4-12.8-12.8-12.8h-22.4c-6.4 0-12.8 6.4-12.8 12.8v230.4c0 6.4 6.4 12.8 12.8 12.8zm-192 0h22.4c6.4 0 12.8-6.4 12.8-12.8V140.8c0-6.4-6.4-12.8-12.8-12.8h-22.4c-6.4 0-12.8 6.4-12.8 12.8v198.4c0 6.4 6.4 12.8 12.8 12.8zm96 0h22.4c6.4 0 12.8-6.4 12.8-12.8V204.8c0-6.4-6.4-12.8-12.8-12.8h-22.4c-6.4 0-12.8 6.4-12.8 12.8v134.4c0 6.4 6.4 12.8 12.8 12.8zM496 400H48V80c0-8.84-7.16-16-16-16H16C7.16 64 0 71.16 0 80v336c0 17.67 14.33 32 32 32h464c8.84 0 16-7.16 16-16v-16c0-8.84-7.16-16-16-16zm-387.2-48h22.4c6.4 0 12.8-6.4 12.8-12.8v-70.4c0-6.4-6.4-12.8-12.8-12.8h-22.4c-6.4 0-12.8 6.4-12.8 12.8v70.4c0 6.4 6.4 12.8 12.8 12.8z\" class=\"\"><\/path><\/svg><\/i> <img loading=\"lazy\" decoding=\"async\" width=\"16\" height=\"16\" alt=\"Loading\" src=\"https:\/\/temucotelevision.cl\/web\/wp-content\/plugins\/page-views-count\/ajax-loader-2x.gif\" border=0 \/><\/p>\n<div class=\"pvc_clear\"><\/div>\n<p>La Municipalidad de Temuco, junto a una amplia red de servicios p\u00fablicos, realiz\u00f3 casi una veintena de fiscalizaciones a pescader\u00edas<\/p>\n","protected":false},"author":1,"featured_media":61719,"comment_status":"open","ping_status":"open","sticky":false,"template":"","format":"standard","meta":{"colormag_page_container_layout":"default_layout","colormag_page_sidebar_layout":"default_layout","footnotes":""},"categories":[14],"tags":[7345],"class_list":["post-61718","post","type-post","status-publish","format-standard","has-post-thumbnail","hentry","category-temuco","tag-pescaderias"],"a3_pvc":{"activated":true,"total_views":2723,"today_views":1},"_links":{"self":[{"href":"https:\/\/temucotelevision.cl\/web\/wp-json\/wp\/v2\/posts\/61718","targetHints":{"allow":["GET"]}}],"collection":[{"href":"https:\/\/temucotelevision.cl\/web\/wp-json\/wp\/v2\/posts"}],"about":[{"href":"https:\/\/temucotelevision.cl\/web\/wp-json\/wp\/v2\/types\/post"}],"author":[{"embeddable":true,"href":"https:\/\/temucotelevision.cl\/web\/wp-json\/wp\/v2\/users\/1"}],"replies":[{"embeddable":true,"href":"https:\/\/temucotelevision.cl\/web\/wp-json\/wp\/v2\/comments?post=61718"}],"version-history":[{"count":1,"href":"https:\/\/temucotelevision.cl\/web\/wp-json\/wp\/v2\/posts\/61718\/revisions"}],"predecessor-version":[{"id":61720,"href":"https:\/\/temucotelevision.cl\/web\/wp-json\/wp\/v2\/posts\/61718\/revisions\/61720"}],"wp:featuredmedia":[{"embeddable":true,"href":"https:\/\/temucotelevision.cl\/web\/wp-json\/wp\/v2\/media\/61719"}],"wp:attachment":[{"href":"https:\/\/temucotelevision.cl\/web\/wp-json\/wp\/v2\/media?parent=61718"}],"wp:term":[{"taxonomy":"category","embeddable":true,"href":"https:\/\/temucotelevision.cl\/web\/wp-json\/wp\/v2\/categories?post=61718"},{"taxonomy":"post_tag","embeddable":true,"href":"https:\/\/temucotelevision.cl\/web\/wp-json\/wp\/v2\/tags?post=61718"}],"curies":[{"name":"wp","href":"https:\/\/api.w.org\/{rel}","templated":true}]}}