{"id":61674,"date":"2026-04-01T15:41:59","date_gmt":"2026-04-01T18:41:59","guid":{"rendered":"https:\/\/temucotelevision.cl\/web\/?p=61674"},"modified":"2026-04-01T15:42:00","modified_gmt":"2026-04-01T18:42:00","slug":"concejal-miguel-santana-solicitara-informe-financiero-por-impacto-del-alza-de-combustibles-y-eventuales-recortes-presupuestarios","status":"publish","type":"post","link":"https:\/\/temucotelevision.cl\/web\/2026\/04\/01\/concejal-miguel-santana-solicitara-informe-financiero-por-impacto-del-alza-de-combustibles-y-eventuales-recortes-presupuestarios\/","title":{"rendered":"Concejal Miguel Santana solicitar\u00e1 informe financiero por impacto del alza de combustibles y eventuales recortes presupuestarios"},"content":{"rendered":"<div class=\"pvc_clear\"><\/div><p id=\"pvc_stats_61674\" class=\"pvc_stats total_only  \" data-element-id=\"61674\" style=\"\"><i class=\"pvc-stats-icon large\" aria-hidden=\"true\"><svg aria-hidden=\"true\" focusable=\"false\" data-prefix=\"far\" data-icon=\"chart-bar\" role=\"img\" xmlns=\"http:\/\/www.w3.org\/2000\/svg\" viewBox=\"0 0 512 512\" class=\"svg-inline--fa fa-chart-bar fa-w-16 fa-2x\"><path fill=\"currentColor\" d=\"M396.8 352h22.4c6.4 0 12.8-6.4 12.8-12.8V108.8c0-6.4-6.4-12.8-12.8-12.8h-22.4c-6.4 0-12.8 6.4-12.8 12.8v230.4c0 6.4 6.4 12.8 12.8 12.8zm-192 0h22.4c6.4 0 12.8-6.4 12.8-12.8V140.8c0-6.4-6.4-12.8-12.8-12.8h-22.4c-6.4 0-12.8 6.4-12.8 12.8v198.4c0 6.4 6.4 12.8 12.8 12.8zm96 0h22.4c6.4 0 12.8-6.4 12.8-12.8V204.8c0-6.4-6.4-12.8-12.8-12.8h-22.4c-6.4 0-12.8 6.4-12.8 12.8v134.4c0 6.4 6.4 12.8 12.8 12.8zM496 400H48V80c0-8.84-7.16-16-16-16H16C7.16 64 0 71.16 0 80v336c0 17.67 14.33 32 32 32h464c8.84 0 16-7.16 16-16v-16c0-8.84-7.16-16-16-16zm-387.2-48h22.4c6.4 0 12.8-6.4 12.8-12.8v-70.4c0-6.4-6.4-12.8-12.8-12.8h-22.4c-6.4 0-12.8 6.4-12.8 12.8v70.4c0 6.4 6.4 12.8 12.8 12.8z\" class=\"\"><\/path><\/svg><\/i> <img loading=\"lazy\" decoding=\"async\" width=\"16\" height=\"16\" alt=\"Loading\" src=\"https:\/\/temucotelevision.cl\/web\/wp-content\/plugins\/page-views-count\/ajax-loader-2x.gif\" border=0 \/><\/p><div class=\"pvc_clear\"><\/div>\n<p>En el marco de la pr\u00f3xima sesi\u00f3n del Concejo Municipal, el concejal Miguel Santana solicitar\u00e1 formalmente la elaboraci\u00f3n de un informe financiero detallado que permita evaluar el impacto que el sostenido aumento en los precios de los combustibles podr\u00eda generar en los servicios y programas sociales que ejecuta la Municipalidad de Padre Las Casas.<\/p>\n\n\n\n<p>La iniciativa surge ante la preocupaci\u00f3n por el encarecimiento de los costos operacionales asociados al funcionamiento de veh\u00edculos y maquinarias municipales, fundamentales para la ejecuci\u00f3n de labores esenciales como el mantenimiento de espacios p\u00fablicos, servicios comunitarios, apoyo social y gesti\u00f3n territorial en diversos sectores de la comuna.<\/p>\n\n\n\n<p>\u201cEl alza de los combustibles no solo afecta el presupuesto operativo, sino que tambi\u00e9n puede repercutir directamente en la calidad y continuidad de los servicios que reciben nuestros vecinos y vecinas. Es fundamental anticiparnos a este escenario para tomar decisiones responsables y oportunas\u201d, se\u00f1al\u00f3 el concejal Santana.<\/p>\n\n\n\n<p>Asimismo, el requerimiento incluye un an\u00e1lisis sobre el posible impacto que tendr\u00eda el anunciado recorte presupuestario a nivel ministerial, particularmente en relaci\u00f3n con el Fondo Com\u00fan Municipal, principal mecanismo de redistribuci\u00f3n de recursos entre municipios del pa\u00eds. Esta evaluaci\u00f3n permitir\u00e1 proyectar eventuales ajustes financieros que podr\u00edan afectar la planificaci\u00f3n y ejecuci\u00f3n de iniciativas locales.<\/p>\n\n\n\n<p>\u201cDebemos actuar con responsabilidad y visi\u00f3n de futuro. Anticiparnos a estos escenarios es clave para proteger la estabilidad financiera del municipio y asegurar que nuestras pol\u00edticas p\u00fablicas sigan llegando a quienes m\u00e1s lo necesitan\u201d, concluy\u00f3 Miguel Santana<\/p>\n","protected":false},"excerpt":{"rendered":"<div class=\"pvc_clear\"><\/div>\n<p id=\"pvc_stats_61674\" class=\"pvc_stats total_only  \" data-element-id=\"61674\" style=\"\"><i class=\"pvc-stats-icon large\" aria-hidden=\"true\"><svg aria-hidden=\"true\" focusable=\"false\" data-prefix=\"far\" data-icon=\"chart-bar\" role=\"img\" xmlns=\"http:\/\/www.w3.org\/2000\/svg\" viewBox=\"0 0 512 512\" class=\"svg-inline--fa fa-chart-bar fa-w-16 fa-2x\"><path fill=\"currentColor\" d=\"M396.8 352h22.4c6.4 0 12.8-6.4 12.8-12.8V108.8c0-6.4-6.4-12.8-12.8-12.8h-22.4c-6.4 0-12.8 6.4-12.8 12.8v230.4c0 6.4 6.4 12.8 12.8 12.8zm-192 0h22.4c6.4 0 12.8-6.4 12.8-12.8V140.8c0-6.4-6.4-12.8-12.8-12.8h-22.4c-6.4 0-12.8 6.4-12.8 12.8v198.4c0 6.4 6.4 12.8 12.8 12.8zm96 0h22.4c6.4 0 12.8-6.4 12.8-12.8V204.8c0-6.4-6.4-12.8-12.8-12.8h-22.4c-6.4 0-12.8 6.4-12.8 12.8v134.4c0 6.4 6.4 12.8 12.8 12.8zM496 400H48V80c0-8.84-7.16-16-16-16H16C7.16 64 0 71.16 0 80v336c0 17.67 14.33 32 32 32h464c8.84 0 16-7.16 16-16v-16c0-8.84-7.16-16-16-16zm-387.2-48h22.4c6.4 0 12.8-6.4 12.8-12.8v-70.4c0-6.4-6.4-12.8-12.8-12.8h-22.4c-6.4 0-12.8 6.4-12.8 12.8v70.4c0 6.4 6.4 12.8 12.8 12.8z\" class=\"\"><\/path><\/svg><\/i> <img loading=\"lazy\" decoding=\"async\" width=\"16\" height=\"16\" alt=\"Loading\" src=\"https:\/\/temucotelevision.cl\/web\/wp-content\/plugins\/page-views-count\/ajax-loader-2x.gif\" border=0 \/><\/p>\n<div class=\"pvc_clear\"><\/div>\n<p>En el marco de la pr\u00f3xima sesi\u00f3n del Concejo Municipal, el concejal Miguel Santana solicitar\u00e1 formalmente la elaboraci\u00f3n de un<\/p>\n","protected":false},"author":1,"featured_media":7271,"comment_status":"open","ping_status":"open","sticky":false,"template":"","format":"standard","meta":{"colormag_page_container_layout":"default_layout","colormag_page_sidebar_layout":"default_layout","footnotes":""},"categories":[84],"tags":[1664],"class_list":["post-61674","post","type-post","status-publish","format-standard","has-post-thumbnail","hentry","category-politica","tag-concejal"],"a3_pvc":{"activated":true,"total_views":1087,"today_views":0},"_links":{"self":[{"href":"https:\/\/temucotelevision.cl\/web\/wp-json\/wp\/v2\/posts\/61674","targetHints":{"allow":["GET"]}}],"collection":[{"href":"https:\/\/temucotelevision.cl\/web\/wp-json\/wp\/v2\/posts"}],"about":[{"href":"https:\/\/temucotelevision.cl\/web\/wp-json\/wp\/v2\/types\/post"}],"author":[{"embeddable":true,"href":"https:\/\/temucotelevision.cl\/web\/wp-json\/wp\/v2\/users\/1"}],"replies":[{"embeddable":true,"href":"https:\/\/temucotelevision.cl\/web\/wp-json\/wp\/v2\/comments?post=61674"}],"version-history":[{"count":1,"href":"https:\/\/temucotelevision.cl\/web\/wp-json\/wp\/v2\/posts\/61674\/revisions"}],"predecessor-version":[{"id":61675,"href":"https:\/\/temucotelevision.cl\/web\/wp-json\/wp\/v2\/posts\/61674\/revisions\/61675"}],"wp:featuredmedia":[{"embeddable":true,"href":"https:\/\/temucotelevision.cl\/web\/wp-json\/wp\/v2\/media\/7271"}],"wp:attachment":[{"href":"https:\/\/temucotelevision.cl\/web\/wp-json\/wp\/v2\/media?parent=61674"}],"wp:term":[{"taxonomy":"category","embeddable":true,"href":"https:\/\/temucotelevision.cl\/web\/wp-json\/wp\/v2\/categories?post=61674"},{"taxonomy":"post_tag","embeddable":true,"href":"https:\/\/temucotelevision.cl\/web\/wp-json\/wp\/v2\/tags?post=61674"}],"curies":[{"name":"wp","href":"https:\/\/api.w.org\/{rel}","templated":true}]}}