{"id":61671,"date":"2026-04-01T15:32:11","date_gmt":"2026-04-01T18:32:11","guid":{"rendered":"https:\/\/temucotelevision.cl\/web\/?p=61671"},"modified":"2026-04-01T15:32:12","modified_gmt":"2026-04-01T18:32:12","slug":"temuco-como-referente-nacional-alcalde-roberto-neira-valora-promulgacion-de-la-ley-insuco","status":"publish","type":"post","link":"https:\/\/temucotelevision.cl\/web\/2026\/04\/01\/temuco-como-referente-nacional-alcalde-roberto-neira-valora-promulgacion-de-la-ley-insuco\/","title":{"rendered":"Temuco como referente nacional: Alcalde Roberto Neira valora promulgaci\u00f3n de la Ley Insuco"},"content":{"rendered":"<div class=\"pvc_clear\"><\/div><p id=\"pvc_stats_61671\" class=\"pvc_stats total_only  \" data-element-id=\"61671\" style=\"\"><i class=\"pvc-stats-icon large\" aria-hidden=\"true\"><svg aria-hidden=\"true\" focusable=\"false\" data-prefix=\"far\" data-icon=\"chart-bar\" role=\"img\" xmlns=\"http:\/\/www.w3.org\/2000\/svg\" viewBox=\"0 0 512 512\" class=\"svg-inline--fa fa-chart-bar fa-w-16 fa-2x\"><path fill=\"currentColor\" d=\"M396.8 352h22.4c6.4 0 12.8-6.4 12.8-12.8V108.8c0-6.4-6.4-12.8-12.8-12.8h-22.4c-6.4 0-12.8 6.4-12.8 12.8v230.4c0 6.4 6.4 12.8 12.8 12.8zm-192 0h22.4c6.4 0 12.8-6.4 12.8-12.8V140.8c0-6.4-6.4-12.8-12.8-12.8h-22.4c-6.4 0-12.8 6.4-12.8 12.8v198.4c0 6.4 6.4 12.8 12.8 12.8zm96 0h22.4c6.4 0 12.8-6.4 12.8-12.8V204.8c0-6.4-6.4-12.8-12.8-12.8h-22.4c-6.4 0-12.8 6.4-12.8 12.8v134.4c0 6.4 6.4 12.8 12.8 12.8zM496 400H48V80c0-8.84-7.16-16-16-16H16C7.16 64 0 71.16 0 80v336c0 17.67 14.33 32 32 32h464c8.84 0 16-7.16 16-16v-16c0-8.84-7.16-16-16-16zm-387.2-48h22.4c6.4 0 12.8-6.4 12.8-12.8v-70.4c0-6.4-6.4-12.8-12.8-12.8h-22.4c-6.4 0-12.8 6.4-12.8 12.8v70.4c0 6.4 6.4 12.8 12.8 12.8z\" class=\"\"><\/path><\/svg><\/i> <img loading=\"lazy\" decoding=\"async\" width=\"16\" height=\"16\" alt=\"Loading\" src=\"https:\/\/temucotelevision.cl\/web\/wp-content\/plugins\/page-views-count\/ajax-loader-2x.gif\" border=0 \/><\/p><div class=\"pvc_clear\"><\/div>\n<p><a><\/a><strong>La normativa, que permite el uso de p\u00f3rticos detectores de metales en colegios, se basa en un modelo que la capital de La Araucan\u00eda implementa con \u00e9xito desde hace m\u00e1s de un a\u00f1o.<\/strong><\/p>\n\n\n\n<p>Tras la publicaci\u00f3n en el Diario Oficial este 1 de abril, la denominada \u00abLey Insuco\u00bb ya es una realidad en todo el territorio nacional. El alcalde de Temuco, Roberto Neira, destac\u00f3 la entrada en vigencia de esta normativa que faculta a los establecimientos para implementar recursos tecnol\u00f3gicos, como detectores de metales, con el fin de prevenir el ingreso de armas o artefactos incendiarios que pongan en riesgo a las comunidades educativas.<\/p>\n\n\n\n<p>Para la autoridad comunal, este hito legislativo valida la gesti\u00f3n local, ya que la Municipalidad de Temuco se adelant\u00f3 a la discusi\u00f3n nacional aplicando esta medida en sus liceos desde hace m\u00e1s de doce meses. &#8220;Hay que reconocer a todos los equipos de las comunidades escolares que trabajaron en conjunto para la elaboraci\u00f3n de este plan. Desde los centros de estudiantes hasta los apoderados y directivos, quienes votaron a favor de incluir estos p\u00f3rticos para resguardar su seguridad&#8221;, se\u00f1al\u00f3 el edil.<\/p>\n\n\n\n<p>A pesar de valorar la nueva ley, Neira fue enf\u00e1tico en se\u00f1alar que la tecnolog\u00eda es solo una arista de un problema m\u00e1s complejo. La autoridad advirti\u00f3 que los p\u00f3rticos no constituyen una soluci\u00f3n m\u00e1gica a las crisis de convivencia escolar detectadas en los \u00faltimos d\u00edas a nivel pa\u00eds.<\/p>\n\n\n\n<p>\u201cSi pensamos que instalar un p\u00f3rtico es la soluci\u00f3n definitiva, estamos en un error\u201d, afirm\u00f3 Neira. El jefe comunal subray\u00f3 que la estrategia debe ser sist\u00e9mica: \u201cEste es un elemento que ayuda, pero el fondo es trabajar en conjunto con los padres, evitar la deserci\u00f3n y poner especial atenci\u00f3n en la asistencia de los alumnos\u201d<\/p>\n\n\n\n<p>Tras su publicaci\u00f3n este 1 de abril, la normativa ya faculta formalmente a los sostenedores para adquirir y operar estos recursos tecnol\u00f3gicos con cargo a sus presupuestos de seguridad. Temuco, por su parte, continuar\u00e1 monitoreando el impacto de estos p\u00f3rticos en su red de liceos para compartir estad\u00edsticas y resultados con otras comunas interesadas en seguir sus pasos.<\/p>\n","protected":false},"excerpt":{"rendered":"<div class=\"pvc_clear\"><\/div>\n<p id=\"pvc_stats_61671\" class=\"pvc_stats total_only  \" data-element-id=\"61671\" style=\"\"><i class=\"pvc-stats-icon large\" aria-hidden=\"true\"><svg aria-hidden=\"true\" focusable=\"false\" data-prefix=\"far\" data-icon=\"chart-bar\" role=\"img\" xmlns=\"http:\/\/www.w3.org\/2000\/svg\" viewBox=\"0 0 512 512\" class=\"svg-inline--fa fa-chart-bar fa-w-16 fa-2x\"><path fill=\"currentColor\" d=\"M396.8 352h22.4c6.4 0 12.8-6.4 12.8-12.8V108.8c0-6.4-6.4-12.8-12.8-12.8h-22.4c-6.4 0-12.8 6.4-12.8 12.8v230.4c0 6.4 6.4 12.8 12.8 12.8zm-192 0h22.4c6.4 0 12.8-6.4 12.8-12.8V140.8c0-6.4-6.4-12.8-12.8-12.8h-22.4c-6.4 0-12.8 6.4-12.8 12.8v198.4c0 6.4 6.4 12.8 12.8 12.8zm96 0h22.4c6.4 0 12.8-6.4 12.8-12.8V204.8c0-6.4-6.4-12.8-12.8-12.8h-22.4c-6.4 0-12.8 6.4-12.8 12.8v134.4c0 6.4 6.4 12.8 12.8 12.8zM496 400H48V80c0-8.84-7.16-16-16-16H16C7.16 64 0 71.16 0 80v336c0 17.67 14.33 32 32 32h464c8.84 0 16-7.16 16-16v-16c0-8.84-7.16-16-16-16zm-387.2-48h22.4c6.4 0 12.8-6.4 12.8-12.8v-70.4c0-6.4-6.4-12.8-12.8-12.8h-22.4c-6.4 0-12.8 6.4-12.8 12.8v70.4c0 6.4 6.4 12.8 12.8 12.8z\" class=\"\"><\/path><\/svg><\/i> <img loading=\"lazy\" decoding=\"async\" width=\"16\" height=\"16\" alt=\"Loading\" src=\"https:\/\/temucotelevision.cl\/web\/wp-content\/plugins\/page-views-count\/ajax-loader-2x.gif\" border=0 \/><\/p>\n<div class=\"pvc_clear\"><\/div>\n<p>La normativa, que permite el uso de p\u00f3rticos detectores de metales en colegios, se basa en un modelo que la<\/p>\n","protected":false},"author":1,"featured_media":61672,"comment_status":"open","ping_status":"open","sticky":false,"template":"","format":"standard","meta":{"colormag_page_container_layout":"default_layout","colormag_page_sidebar_layout":"default_layout","footnotes":""},"categories":[14],"tags":[506],"class_list":["post-61671","post","type-post","status-publish","format-standard","has-post-thumbnail","hentry","category-temuco","tag-ley"],"a3_pvc":{"activated":true,"total_views":3630,"today_views":1},"_links":{"self":[{"href":"https:\/\/temucotelevision.cl\/web\/wp-json\/wp\/v2\/posts\/61671","targetHints":{"allow":["GET"]}}],"collection":[{"href":"https:\/\/temucotelevision.cl\/web\/wp-json\/wp\/v2\/posts"}],"about":[{"href":"https:\/\/temucotelevision.cl\/web\/wp-json\/wp\/v2\/types\/post"}],"author":[{"embeddable":true,"href":"https:\/\/temucotelevision.cl\/web\/wp-json\/wp\/v2\/users\/1"}],"replies":[{"embeddable":true,"href":"https:\/\/temucotelevision.cl\/web\/wp-json\/wp\/v2\/comments?post=61671"}],"version-history":[{"count":1,"href":"https:\/\/temucotelevision.cl\/web\/wp-json\/wp\/v2\/posts\/61671\/revisions"}],"predecessor-version":[{"id":61673,"href":"https:\/\/temucotelevision.cl\/web\/wp-json\/wp\/v2\/posts\/61671\/revisions\/61673"}],"wp:featuredmedia":[{"embeddable":true,"href":"https:\/\/temucotelevision.cl\/web\/wp-json\/wp\/v2\/media\/61672"}],"wp:attachment":[{"href":"https:\/\/temucotelevision.cl\/web\/wp-json\/wp\/v2\/media?parent=61671"}],"wp:term":[{"taxonomy":"category","embeddable":true,"href":"https:\/\/temucotelevision.cl\/web\/wp-json\/wp\/v2\/categories?post=61671"},{"taxonomy":"post_tag","embeddable":true,"href":"https:\/\/temucotelevision.cl\/web\/wp-json\/wp\/v2\/tags?post=61671"}],"curies":[{"name":"wp","href":"https:\/\/api.w.org\/{rel}","templated":true}]}}