{"id":61659,"date":"2026-04-01T09:44:08","date_gmt":"2026-04-01T12:44:08","guid":{"rendered":"https:\/\/temucotelevision.cl\/web\/?p=61659"},"modified":"2026-04-01T09:44:09","modified_gmt":"2026-04-01T12:44:09","slug":"puente-nuevo-carabineros-decomisan-mas-de-13-kilos-de-droga-en-temuco-y-padre-las-casas","status":"publish","type":"post","link":"https:\/\/temucotelevision.cl\/web\/2026\/04\/01\/puente-nuevo-carabineros-decomisan-mas-de-13-kilos-de-droga-en-temuco-y-padre-las-casas\/","title":{"rendered":"Puente Nuevo: Carabineros decomisan m\u00e1s de 13 kilos de droga en Temuco y Padre Las Casas"},"content":{"rendered":"<div class=\"pvc_clear\"><\/div><p id=\"pvc_stats_61659\" class=\"pvc_stats total_only  \" data-element-id=\"61659\" style=\"\"><i class=\"pvc-stats-icon large\" aria-hidden=\"true\"><svg aria-hidden=\"true\" focusable=\"false\" data-prefix=\"far\" data-icon=\"chart-bar\" role=\"img\" xmlns=\"http:\/\/www.w3.org\/2000\/svg\" viewBox=\"0 0 512 512\" class=\"svg-inline--fa fa-chart-bar fa-w-16 fa-2x\"><path fill=\"currentColor\" d=\"M396.8 352h22.4c6.4 0 12.8-6.4 12.8-12.8V108.8c0-6.4-6.4-12.8-12.8-12.8h-22.4c-6.4 0-12.8 6.4-12.8 12.8v230.4c0 6.4 6.4 12.8 12.8 12.8zm-192 0h22.4c6.4 0 12.8-6.4 12.8-12.8V140.8c0-6.4-6.4-12.8-12.8-12.8h-22.4c-6.4 0-12.8 6.4-12.8 12.8v198.4c0 6.4 6.4 12.8 12.8 12.8zm96 0h22.4c6.4 0 12.8-6.4 12.8-12.8V204.8c0-6.4-6.4-12.8-12.8-12.8h-22.4c-6.4 0-12.8 6.4-12.8 12.8v134.4c0 6.4 6.4 12.8 12.8 12.8zM496 400H48V80c0-8.84-7.16-16-16-16H16C7.16 64 0 71.16 0 80v336c0 17.67 14.33 32 32 32h464c8.84 0 16-7.16 16-16v-16c0-8.84-7.16-16-16-16zm-387.2-48h22.4c6.4 0 12.8-6.4 12.8-12.8v-70.4c0-6.4-6.4-12.8-12.8-12.8h-22.4c-6.4 0-12.8 6.4-12.8 12.8v70.4c0 6.4 6.4 12.8 12.8 12.8z\" class=\"\"><\/path><\/svg><\/i> <img loading=\"lazy\" decoding=\"async\" width=\"16\" height=\"16\" alt=\"Loading\" src=\"https:\/\/temucotelevision.cl\/web\/wp-content\/plugins\/page-views-count\/ajax-loader-2x.gif\" border=0 \/><\/p><div class=\"pvc_clear\"><\/div>\n<p>Previo a Semana Santa, una investigaci\u00f3n de Carabineros de la Secci\u00f3n OS-7 Araucan\u00eda y la Fiscal\u00eda, permiti\u00f3 la detenci\u00f3n de una asociaci\u00f3n criminal dedicada al tr\u00e1fico de drogas en la Regi\u00f3n.<\/p>\n\n\n\n<p>Fue a ra\u00edz de sendos allanamientos en el marco de la \u201cOperaci\u00f3n Puente Nuevo\u201d ya que se despleg\u00f3 entre las comunas de Temuco y Padre Las Casas, es que Carabineros decomis\u00f3 m\u00e1s de 13 kilos de marihuana elaborada, adem\u00e1s de clorhidrato de coca\u00edna, ketamina, MDMA y m\u00e1s de tres millones de pesos en efectivo.<\/p>\n\n\n\n<p>De los seis detenidos, tres son de nacionalidad colombiana cuya situaci\u00f3n migratoria est\u00e1 siendo verificada. Los paquetes con droga los hab\u00edan impregnado con mostaza para intentar aunque sin \u00e9xito confundir a los perros detectores de droga.<\/p>\n\n\n\n<p>\u201cEl OS-7 est\u00e1 realizando diversas diligencias de microtr\u00e1fico y en este caso de tr\u00e1fico con la finalidad de sacar la droga de circulaci\u00f3n de la Regi\u00f3n de La Araucan\u00eda. Se est\u00e1 haciendo un importante trabajo, hay una importante cantidad de detenidos puestos a disposici\u00f3n de los juzgados e incautaci\u00f3n de droga siendo esta la incautaci\u00f3n de droga m\u00e1s importante en lo que va corrido del a\u00f1o (en la Regi\u00f3n)\u201d, mencion\u00f3 el General Miguel Herrera, Jefe de la Zona de Carabineros Araucan\u00eda.<\/p>\n\n\n\n<p>Por su parte, el Fiscal Jefe de Temuco, Alberto Chiffelle, agreg\u00f3 que \u201cCarabineros del OS-7 realiz\u00f3 diversos procedimientos en la ciudad de Temuco y Padre Las Casas orientados a desbaratar distintos lugares donde tuvimos antecedentes de la venta y acopio de droga, logrando la detenci\u00f3n de seis personas, tres de ellos extranjeros de nacionalidad colombiana, dos estando en nuestro pa\u00eds en forma regular y uno irregular y el resto personas de nacionalidad chilena. Lo importante de destacar en este procedimiento es que se logr\u00f3 incautar una diversidad de drogas de diferentes tipos\u2026 no es un negocio que lleven solamente las seis personas detenidas, sino que estamos tratando de que OS-7 siga avanzando y llegar a m\u00e1s personas para lograr su detenci\u00f3n\u201d.<\/p>\n\n\n\n<p>Finalmente, el Gobierno a trav\u00e9s del Delegado Presidencial de La Araucan\u00eda, Francisco Ljubetic, se\u00f1al\u00f3 que \u201cel trabajo que ha hecho en este caso Carabinero de Chile a trav\u00e9s de su unidad especializada OS-7 es parte de una planificaci\u00f3n. Resaltar, adem\u00e1s, el trabajo coordinado de la polic\u00eda con la gente com\u00fan, con la sociedad no cierto que entrega informaci\u00f3n y en esa misma l\u00ednea valorar c\u00f3mo esta colaboraci\u00f3n que tiene la ciudadan\u00eda con la polic\u00eda, no solamente desde el punto de vista formal, sino que tambi\u00e9n entregando aquellos antecedentes que puedan permitir una indagaci\u00f3n que termine en resultados como el que hoy d\u00eda podemos observar\u201d.<\/p>\n\n\n\n<p>Los detenidos quedaron a disposici\u00f3n del Juzgado de Garant\u00eda de Temuco para la audiencia de control de detenci\u00f3n, tribunal que decret\u00f3 prisi\u00f3n preventiva en su contra.<\/p>\n\n\n\n<p>Cabe precisar que este operativo se suma al registrado la semana pasada, cuando el OS-7 de Carabineros tambi\u00e9n en la intercomuna Temuco-Padre Las Casas, detuvo a ocho sujetos por el delito de microtr\u00e1fico de drogas, incautando un rev\u00f3lver, munici\u00f3n, un kilo de marihuana elaborada, 334 gramos de coca\u00edna y plantas de cannabis sativa.<\/p>\n\n\n\n<figure class=\"wp-block-image size-large\"><img loading=\"lazy\" decoding=\"async\" width=\"1000\" height=\"562\" src=\"https:\/\/temucotelevision.cl\/web\/wp-content\/uploads\/2026\/04\/WhatsApp-Image-2026-03-31-at-14.26.56-1000x562.jpeg\" alt=\"\" class=\"wp-image-61661\" srcset=\"https:\/\/temucotelevision.cl\/web\/wp-content\/uploads\/2026\/04\/WhatsApp-Image-2026-03-31-at-14.26.56-1000x562.jpeg 1000w, https:\/\/temucotelevision.cl\/web\/wp-content\/uploads\/2026\/04\/WhatsApp-Image-2026-03-31-at-14.26.56-768x432.jpeg 768w, https:\/\/temucotelevision.cl\/web\/wp-content\/uploads\/2026\/04\/WhatsApp-Image-2026-03-31-at-14.26.56-1536x864.jpeg 1536w, https:\/\/temucotelevision.cl\/web\/wp-content\/uploads\/2026\/04\/WhatsApp-Image-2026-03-31-at-14.26.56.jpeg 1599w\" sizes=\"auto, (max-width: 1000px) 100vw, 1000px\" \/><\/figure>\n","protected":false},"excerpt":{"rendered":"<div class=\"pvc_clear\"><\/div>\n<p id=\"pvc_stats_61659\" class=\"pvc_stats total_only  \" data-element-id=\"61659\" style=\"\"><i class=\"pvc-stats-icon large\" aria-hidden=\"true\"><svg aria-hidden=\"true\" focusable=\"false\" data-prefix=\"far\" data-icon=\"chart-bar\" role=\"img\" xmlns=\"http:\/\/www.w3.org\/2000\/svg\" viewBox=\"0 0 512 512\" class=\"svg-inline--fa fa-chart-bar fa-w-16 fa-2x\"><path fill=\"currentColor\" d=\"M396.8 352h22.4c6.4 0 12.8-6.4 12.8-12.8V108.8c0-6.4-6.4-12.8-12.8-12.8h-22.4c-6.4 0-12.8 6.4-12.8 12.8v230.4c0 6.4 6.4 12.8 12.8 12.8zm-192 0h22.4c6.4 0 12.8-6.4 12.8-12.8V140.8c0-6.4-6.4-12.8-12.8-12.8h-22.4c-6.4 0-12.8 6.4-12.8 12.8v198.4c0 6.4 6.4 12.8 12.8 12.8zm96 0h22.4c6.4 0 12.8-6.4 12.8-12.8V204.8c0-6.4-6.4-12.8-12.8-12.8h-22.4c-6.4 0-12.8 6.4-12.8 12.8v134.4c0 6.4 6.4 12.8 12.8 12.8zM496 400H48V80c0-8.84-7.16-16-16-16H16C7.16 64 0 71.16 0 80v336c0 17.67 14.33 32 32 32h464c8.84 0 16-7.16 16-16v-16c0-8.84-7.16-16-16-16zm-387.2-48h22.4c6.4 0 12.8-6.4 12.8-12.8v-70.4c0-6.4-6.4-12.8-12.8-12.8h-22.4c-6.4 0-12.8 6.4-12.8 12.8v70.4c0 6.4 6.4 12.8 12.8 12.8z\" class=\"\"><\/path><\/svg><\/i> <img loading=\"lazy\" decoding=\"async\" width=\"16\" height=\"16\" alt=\"Loading\" src=\"https:\/\/temucotelevision.cl\/web\/wp-content\/plugins\/page-views-count\/ajax-loader-2x.gif\" border=0 \/><\/p>\n<div class=\"pvc_clear\"><\/div>\n<p>Previo a Semana Santa, una investigaci\u00f3n de Carabineros de la Secci\u00f3n OS-7 Araucan\u00eda y la Fiscal\u00eda, permiti\u00f3 la detenci\u00f3n de<\/p>\n","protected":false},"author":1,"featured_media":61660,"comment_status":"open","ping_status":"open","sticky":false,"template":"","format":"standard","meta":{"colormag_page_container_layout":"default_layout","colormag_page_sidebar_layout":"default_layout","footnotes":""},"categories":[16],"tags":[158],"class_list":["post-61659","post","type-post","status-publish","format-standard","has-post-thumbnail","hentry","category-policial","tag-droga"],"a3_pvc":{"activated":true,"total_views":5051,"today_views":0},"_links":{"self":[{"href":"https:\/\/temucotelevision.cl\/web\/wp-json\/wp\/v2\/posts\/61659","targetHints":{"allow":["GET"]}}],"collection":[{"href":"https:\/\/temucotelevision.cl\/web\/wp-json\/wp\/v2\/posts"}],"about":[{"href":"https:\/\/temucotelevision.cl\/web\/wp-json\/wp\/v2\/types\/post"}],"author":[{"embeddable":true,"href":"https:\/\/temucotelevision.cl\/web\/wp-json\/wp\/v2\/users\/1"}],"replies":[{"embeddable":true,"href":"https:\/\/temucotelevision.cl\/web\/wp-json\/wp\/v2\/comments?post=61659"}],"version-history":[{"count":1,"href":"https:\/\/temucotelevision.cl\/web\/wp-json\/wp\/v2\/posts\/61659\/revisions"}],"predecessor-version":[{"id":61662,"href":"https:\/\/temucotelevision.cl\/web\/wp-json\/wp\/v2\/posts\/61659\/revisions\/61662"}],"wp:featuredmedia":[{"embeddable":true,"href":"https:\/\/temucotelevision.cl\/web\/wp-json\/wp\/v2\/media\/61660"}],"wp:attachment":[{"href":"https:\/\/temucotelevision.cl\/web\/wp-json\/wp\/v2\/media?parent=61659"}],"wp:term":[{"taxonomy":"category","embeddable":true,"href":"https:\/\/temucotelevision.cl\/web\/wp-json\/wp\/v2\/categories?post=61659"},{"taxonomy":"post_tag","embeddable":true,"href":"https:\/\/temucotelevision.cl\/web\/wp-json\/wp\/v2\/tags?post=61659"}],"curies":[{"name":"wp","href":"https:\/\/api.w.org\/{rel}","templated":true}]}}