{"id":61655,"date":"2026-04-01T09:31:38","date_gmt":"2026-04-01T12:31:38","guid":{"rendered":"https:\/\/temucotelevision.cl\/web\/?p=61655"},"modified":"2026-04-01T09:31:39","modified_gmt":"2026-04-01T12:31:39","slug":"operativo-entre-seguridad-municipal-y-carabineros-deja-cuatro-detenidos-por-agresion-a-inspectores-en-temuco","status":"publish","type":"post","link":"https:\/\/temucotelevision.cl\/web\/2026\/04\/01\/operativo-entre-seguridad-municipal-y-carabineros-deja-cuatro-detenidos-por-agresion-a-inspectores-en-temuco\/","title":{"rendered":"Operativo entre seguridad municipal y Carabineros deja cuatro detenidos por agresi\u00f3n a inspectores en Temuco"},"content":{"rendered":"<div class=\"pvc_clear\"><\/div><p id=\"pvc_stats_61655\" class=\"pvc_stats total_only  \" data-element-id=\"61655\" style=\"\"><i class=\"pvc-stats-icon large\" aria-hidden=\"true\"><svg aria-hidden=\"true\" focusable=\"false\" data-prefix=\"far\" data-icon=\"chart-bar\" role=\"img\" xmlns=\"http:\/\/www.w3.org\/2000\/svg\" viewBox=\"0 0 512 512\" class=\"svg-inline--fa fa-chart-bar fa-w-16 fa-2x\"><path fill=\"currentColor\" d=\"M396.8 352h22.4c6.4 0 12.8-6.4 12.8-12.8V108.8c0-6.4-6.4-12.8-12.8-12.8h-22.4c-6.4 0-12.8 6.4-12.8 12.8v230.4c0 6.4 6.4 12.8 12.8 12.8zm-192 0h22.4c6.4 0 12.8-6.4 12.8-12.8V140.8c0-6.4-6.4-12.8-12.8-12.8h-22.4c-6.4 0-12.8 6.4-12.8 12.8v198.4c0 6.4 6.4 12.8 12.8 12.8zm96 0h22.4c6.4 0 12.8-6.4 12.8-12.8V204.8c0-6.4-6.4-12.8-12.8-12.8h-22.4c-6.4 0-12.8 6.4-12.8 12.8v134.4c0 6.4 6.4 12.8 12.8 12.8zM496 400H48V80c0-8.84-7.16-16-16-16H16C7.16 64 0 71.16 0 80v336c0 17.67 14.33 32 32 32h464c8.84 0 16-7.16 16-16v-16c0-8.84-7.16-16-16-16zm-387.2-48h22.4c6.4 0 12.8-6.4 12.8-12.8v-70.4c0-6.4-6.4-12.8-12.8-12.8h-22.4c-6.4 0-12.8 6.4-12.8 12.8v70.4c0 6.4 6.4 12.8 12.8 12.8z\" class=\"\"><\/path><\/svg><\/i> <img loading=\"lazy\" decoding=\"async\" width=\"16\" height=\"16\" alt=\"Loading\" src=\"https:\/\/temucotelevision.cl\/web\/wp-content\/plugins\/page-views-count\/ajax-loader-2x.gif\" border=0 \/><\/p><div class=\"pvc_clear\"><\/div>\n<p><em>Un intento de hurto en el centro de Temuco termin\u00f3 con inspectores municipales agredidos con piedras y amenazas con arma blanca y provoc\u00f3 un r\u00e1pido despliegue en conjunto con la polic\u00eda. La r\u00e1pida reacci\u00f3n de la DISEP y Carabineros permiti\u00f3 detener a los delincuentes, todos con antecedentes policiales.<\/em><\/p>\n\n\n\n<p>Un procedimiento de rutina termin\u00f3 convirti\u00e9ndose en una violenta agresi\u00f3n contra personal municipal este martes al mediod\u00eda, en pleno centro de Temuco. Mientras patrulleros de la Direcci\u00f3n de Seguridad P\u00fablica (DISEP) de la municipalidad de Temuco realizaban rondas preventivas en calle Bulnes \u2014entre Lautaro y Rodr\u00edguez\u2014 detectaron a un sujeto que hu\u00eda de una galer\u00eda tras un intento de hurto.<\/p>\n\n\n\n<p>De inmediato, dos inspectores descendieron de su unidad e iniciaron la persecuci\u00f3n del sospechoso por calle Lautaro hasta Prat, donde lograron interceptarlo y reducirlo. Sin embargo, cuando intentaban controlar al antisocial, un grupo de punkys intervino violentamente para frustrar la detenci\u00f3n.<\/p>\n\n\n\n<p>Los agresores atacaron con piedras, elementos contundentes e incluso utilizaron perros vagos para intimidar a los funcionarios. En medio del forcejeo, uno de ellos intent\u00f3 apu\u00f1alar a un inspector municipal, quien logr\u00f3 evadir la estocada, resultando igualmente herido producto del enfrentamiento y su colega sufri\u00f3 un piedrazo en su cabeza.<\/p>\n\n\n\n<p>Ante la gravedad de la situaci\u00f3n, los fiscalizadores solicitaron apoyo urgente tanto a sus compa\u00f1eros de la DISEP como a personal de la Segunda Comisar\u00eda de Carabineros. La r\u00e1pida coordinaci\u00f3n permiti\u00f3 desplegar un operativo de b\u00fasqueda que, en pocos minutos, termin\u00f3 con la captura de cuatro involucrados: dos hombres y dos mujeres.<\/p>\n\n\n\n<p>Las detenidas fueron identificadas como C. M. R. W., de 27 a\u00f1os, e I. B. N. P., de 26 a\u00f1os. Los hombres aprehendidos corresponden a J. A. A. P., de 40 a\u00f1os, y W. C. A. M., de 36 a\u00f1os, este \u00faltimo se\u00f1alado como quien intent\u00f3 apu\u00f1alar al funcionario municipal.<\/p>\n\n\n\n<p>Todos los detenidos mantienen antecedentes policiales. Ser\u00e1n puestos a disposici\u00f3n del Tribunal de Garant\u00eda este mi\u00e9rcoles para el control de detenci\u00f3n y eventual formalizaci\u00f3n. De manera preliminar, podr\u00edan enfrentar cargos por lesiones leves por agresi\u00f3n, aunque ser\u00e1 la Fiscal\u00eda quien determine finalmente las figuras penales correspondientes.<\/p>\n\n\n\n<figure class=\"wp-block-image size-large\"><img loading=\"lazy\" decoding=\"async\" width=\"750\" height=\"1000\" src=\"https:\/\/temucotelevision.cl\/web\/wp-content\/uploads\/2026\/04\/WhatsApp-Image-2026-03-31-at-21.42.30-1-750x1000.jpeg\" alt=\"\" class=\"wp-image-61657\" srcset=\"https:\/\/temucotelevision.cl\/web\/wp-content\/uploads\/2026\/04\/WhatsApp-Image-2026-03-31-at-21.42.30-1-750x1000.jpeg 750w, https:\/\/temucotelevision.cl\/web\/wp-content\/uploads\/2026\/04\/WhatsApp-Image-2026-03-31-at-21.42.30-1-768x1024.jpeg 768w, https:\/\/temucotelevision.cl\/web\/wp-content\/uploads\/2026\/04\/WhatsApp-Image-2026-03-31-at-21.42.30-1-1152x1536.jpeg 1152w, https:\/\/temucotelevision.cl\/web\/wp-content\/uploads\/2026\/04\/WhatsApp-Image-2026-03-31-at-21.42.30-1.jpeg 1200w\" sizes=\"auto, (max-width: 750px) 100vw, 750px\" \/><\/figure>\n","protected":false},"excerpt":{"rendered":"<div class=\"pvc_clear\"><\/div>\n<p id=\"pvc_stats_61655\" class=\"pvc_stats total_only  \" data-element-id=\"61655\" style=\"\"><i class=\"pvc-stats-icon large\" aria-hidden=\"true\"><svg aria-hidden=\"true\" focusable=\"false\" data-prefix=\"far\" data-icon=\"chart-bar\" role=\"img\" xmlns=\"http:\/\/www.w3.org\/2000\/svg\" viewBox=\"0 0 512 512\" class=\"svg-inline--fa fa-chart-bar fa-w-16 fa-2x\"><path fill=\"currentColor\" d=\"M396.8 352h22.4c6.4 0 12.8-6.4 12.8-12.8V108.8c0-6.4-6.4-12.8-12.8-12.8h-22.4c-6.4 0-12.8 6.4-12.8 12.8v230.4c0 6.4 6.4 12.8 12.8 12.8zm-192 0h22.4c6.4 0 12.8-6.4 12.8-12.8V140.8c0-6.4-6.4-12.8-12.8-12.8h-22.4c-6.4 0-12.8 6.4-12.8 12.8v198.4c0 6.4 6.4 12.8 12.8 12.8zm96 0h22.4c6.4 0 12.8-6.4 12.8-12.8V204.8c0-6.4-6.4-12.8-12.8-12.8h-22.4c-6.4 0-12.8 6.4-12.8 12.8v134.4c0 6.4 6.4 12.8 12.8 12.8zM496 400H48V80c0-8.84-7.16-16-16-16H16C7.16 64 0 71.16 0 80v336c0 17.67 14.33 32 32 32h464c8.84 0 16-7.16 16-16v-16c0-8.84-7.16-16-16-16zm-387.2-48h22.4c6.4 0 12.8-6.4 12.8-12.8v-70.4c0-6.4-6.4-12.8-12.8-12.8h-22.4c-6.4 0-12.8 6.4-12.8 12.8v70.4c0 6.4 6.4 12.8 12.8 12.8z\" class=\"\"><\/path><\/svg><\/i> <img loading=\"lazy\" decoding=\"async\" width=\"16\" height=\"16\" alt=\"Loading\" src=\"https:\/\/temucotelevision.cl\/web\/wp-content\/plugins\/page-views-count\/ajax-loader-2x.gif\" border=0 \/><\/p>\n<div class=\"pvc_clear\"><\/div>\n<p>Un intento de hurto en el centro de Temuco termin\u00f3 con inspectores municipales agredidos con piedras y amenazas con arma<\/p>\n","protected":false},"author":1,"featured_media":61656,"comment_status":"open","ping_status":"open","sticky":false,"template":"","format":"standard","meta":{"colormag_page_container_layout":"default_layout","colormag_page_sidebar_layout":"default_layout","footnotes":""},"categories":[15,16],"tags":[133],"class_list":["post-61655","post","type-post","status-publish","format-standard","has-post-thumbnail","hentry","category-la-araucania","category-policial","tag-operativo"],"a3_pvc":{"activated":true,"total_views":4053,"today_views":0},"_links":{"self":[{"href":"https:\/\/temucotelevision.cl\/web\/wp-json\/wp\/v2\/posts\/61655","targetHints":{"allow":["GET"]}}],"collection":[{"href":"https:\/\/temucotelevision.cl\/web\/wp-json\/wp\/v2\/posts"}],"about":[{"href":"https:\/\/temucotelevision.cl\/web\/wp-json\/wp\/v2\/types\/post"}],"author":[{"embeddable":true,"href":"https:\/\/temucotelevision.cl\/web\/wp-json\/wp\/v2\/users\/1"}],"replies":[{"embeddable":true,"href":"https:\/\/temucotelevision.cl\/web\/wp-json\/wp\/v2\/comments?post=61655"}],"version-history":[{"count":1,"href":"https:\/\/temucotelevision.cl\/web\/wp-json\/wp\/v2\/posts\/61655\/revisions"}],"predecessor-version":[{"id":61658,"href":"https:\/\/temucotelevision.cl\/web\/wp-json\/wp\/v2\/posts\/61655\/revisions\/61658"}],"wp:featuredmedia":[{"embeddable":true,"href":"https:\/\/temucotelevision.cl\/web\/wp-json\/wp\/v2\/media\/61656"}],"wp:attachment":[{"href":"https:\/\/temucotelevision.cl\/web\/wp-json\/wp\/v2\/media?parent=61655"}],"wp:term":[{"taxonomy":"category","embeddable":true,"href":"https:\/\/temucotelevision.cl\/web\/wp-json\/wp\/v2\/categories?post=61655"},{"taxonomy":"post_tag","embeddable":true,"href":"https:\/\/temucotelevision.cl\/web\/wp-json\/wp\/v2\/tags?post=61655"}],"curies":[{"name":"wp","href":"https:\/\/api.w.org\/{rel}","templated":true}]}}