{"id":61634,"date":"2026-03-31T13:04:31","date_gmt":"2026-03-31T16:04:31","guid":{"rendered":"https:\/\/temucotelevision.cl\/web\/?p=61634"},"modified":"2026-03-31T13:04:32","modified_gmt":"2026-03-31T16:04:32","slug":"universidad-autonoma-de-chile-invita-a-concierto-de-semana-santa-romance-sacro-con-entrada-liberada","status":"publish","type":"post","link":"https:\/\/temucotelevision.cl\/web\/2026\/03\/31\/universidad-autonoma-de-chile-invita-a-concierto-de-semana-santa-romance-sacro-con-entrada-liberada\/","title":{"rendered":"Universidad Aut\u00f3noma de Chile invita a concierto de Semana Santa \u201cRomance Sacro\u201d con entrada liberada"},"content":{"rendered":"<div class=\"pvc_clear\"><\/div><p id=\"pvc_stats_61634\" class=\"pvc_stats total_only  \" data-element-id=\"61634\" style=\"\"><i class=\"pvc-stats-icon large\" aria-hidden=\"true\"><svg aria-hidden=\"true\" focusable=\"false\" data-prefix=\"far\" data-icon=\"chart-bar\" role=\"img\" xmlns=\"http:\/\/www.w3.org\/2000\/svg\" viewBox=\"0 0 512 512\" class=\"svg-inline--fa fa-chart-bar fa-w-16 fa-2x\"><path fill=\"currentColor\" d=\"M396.8 352h22.4c6.4 0 12.8-6.4 12.8-12.8V108.8c0-6.4-6.4-12.8-12.8-12.8h-22.4c-6.4 0-12.8 6.4-12.8 12.8v230.4c0 6.4 6.4 12.8 12.8 12.8zm-192 0h22.4c6.4 0 12.8-6.4 12.8-12.8V140.8c0-6.4-6.4-12.8-12.8-12.8h-22.4c-6.4 0-12.8 6.4-12.8 12.8v198.4c0 6.4 6.4 12.8 12.8 12.8zm96 0h22.4c6.4 0 12.8-6.4 12.8-12.8V204.8c0-6.4-6.4-12.8-12.8-12.8h-22.4c-6.4 0-12.8 6.4-12.8 12.8v134.4c0 6.4 6.4 12.8 12.8 12.8zM496 400H48V80c0-8.84-7.16-16-16-16H16C7.16 64 0 71.16 0 80v336c0 17.67 14.33 32 32 32h464c8.84 0 16-7.16 16-16v-16c0-8.84-7.16-16-16-16zm-387.2-48h22.4c6.4 0 12.8-6.4 12.8-12.8v-70.4c0-6.4-6.4-12.8-12.8-12.8h-22.4c-6.4 0-12.8 6.4-12.8 12.8v70.4c0 6.4 6.4 12.8 12.8 12.8z\" class=\"\"><\/path><\/svg><\/i> <img loading=\"lazy\" decoding=\"async\" width=\"16\" height=\"16\" alt=\"Loading\" src=\"https:\/\/temucotelevision.cl\/web\/wp-content\/plugins\/page-views-count\/ajax-loader-2x.gif\" border=0 \/><\/p><div class=\"pvc_clear\"><\/div>\n<p>La Universidad Aut\u00f3noma de Chile, a trav\u00e9s de su \u00e1rea de Extensi\u00f3n Cultural, invita a la comunidad a vivir una experiencia art\u00edstica y espiritual \u00fanica con el concierto de Semana Santa \u201cRomance Sacro\u201d, interpretado por el Coro de la casa de estudios.<\/p>\n\n\n\n<p>La propuesta, con m\u00fasica original del director Andr\u00e9s Castro, ofrece un recorrido musical por los momentos m\u00e1s significativos de la tradici\u00f3n cristiana, integrando textos de la Biblia en d\u00e9cimas y del auto sacramental espa\u00f1ol. La obra combina profundidad est\u00e9tica y sensibilidad contempor\u00e1nea, dando vida a una puesta en escena que conecta la m\u00fasica, la fe y la emoci\u00f3n.<\/p>\n\n\n\n<p>El repertorio incluye piezas como \u201cEncarnaci\u00f3n\u201d, \u201cAve Mar\u00eda\u201d, \u201cLa despedida\u201d, \u201cLa \u00daltima Cena\u201d, \u201cEcce Homo\u201d y \u201cDescendimiento\u201d, entre otras, interpretadas por coro, solistas e instrumentos en vivo, en una propuesta que busca acercar la m\u00fasica sacra a toda la comunidad.&nbsp;<\/p>\n\n\n\n<p>El concierto se presentar\u00e1 en dos funciones abiertas al p\u00fablico:<\/p>\n\n\n\n<ul class=\"wp-block-list\">\n<li>Martes 31 de marzo, 19:30 horas, en la Capilla del Sagrado Coraz\u00f3n de la Universidad Aut\u00f3noma de Chile.<\/li>\n\n\n\n<li>Mi\u00e9rcoles 1 de abril, 19:30 horas, en la Iglesia de la Divina Providencia (Av. Nueva Providencia 1619).<\/li>\n<\/ul>\n\n\n\n<p>Ambas funciones cuentan con entrada liberada, reafirmando el compromiso de la Universidad Aut\u00f3noma de Chile con el acceso a la cultura, la vinculaci\u00f3n con el medio y la generaci\u00f3n de espacios abiertos para la comunidad.<\/p>\n\n\n\n<p>El Coro de la Universidad Aut\u00f3noma de Chile se ha consolidado como un referente en el \u00e1mbito de la extensi\u00f3n cultural, promoviendo propuestas art\u00edsticas de alto nivel que dialogan con el entorno y aportan al desarrollo cultural de los territorios.<\/p>\n\n\n\n<p><\/p>\n","protected":false},"excerpt":{"rendered":"<div class=\"pvc_clear\"><\/div>\n<p id=\"pvc_stats_61634\" class=\"pvc_stats total_only  \" data-element-id=\"61634\" style=\"\"><i class=\"pvc-stats-icon large\" aria-hidden=\"true\"><svg aria-hidden=\"true\" focusable=\"false\" data-prefix=\"far\" data-icon=\"chart-bar\" role=\"img\" xmlns=\"http:\/\/www.w3.org\/2000\/svg\" viewBox=\"0 0 512 512\" class=\"svg-inline--fa fa-chart-bar fa-w-16 fa-2x\"><path fill=\"currentColor\" d=\"M396.8 352h22.4c6.4 0 12.8-6.4 12.8-12.8V108.8c0-6.4-6.4-12.8-12.8-12.8h-22.4c-6.4 0-12.8 6.4-12.8 12.8v230.4c0 6.4 6.4 12.8 12.8 12.8zm-192 0h22.4c6.4 0 12.8-6.4 12.8-12.8V140.8c0-6.4-6.4-12.8-12.8-12.8h-22.4c-6.4 0-12.8 6.4-12.8 12.8v198.4c0 6.4 6.4 12.8 12.8 12.8zm96 0h22.4c6.4 0 12.8-6.4 12.8-12.8V204.8c0-6.4-6.4-12.8-12.8-12.8h-22.4c-6.4 0-12.8 6.4-12.8 12.8v134.4c0 6.4 6.4 12.8 12.8 12.8zM496 400H48V80c0-8.84-7.16-16-16-16H16C7.16 64 0 71.16 0 80v336c0 17.67 14.33 32 32 32h464c8.84 0 16-7.16 16-16v-16c0-8.84-7.16-16-16-16zm-387.2-48h22.4c6.4 0 12.8-6.4 12.8-12.8v-70.4c0-6.4-6.4-12.8-12.8-12.8h-22.4c-6.4 0-12.8 6.4-12.8 12.8v70.4c0 6.4 6.4 12.8 12.8 12.8z\" class=\"\"><\/path><\/svg><\/i> <img loading=\"lazy\" decoding=\"async\" width=\"16\" height=\"16\" alt=\"Loading\" src=\"https:\/\/temucotelevision.cl\/web\/wp-content\/plugins\/page-views-count\/ajax-loader-2x.gif\" border=0 \/><\/p>\n<div class=\"pvc_clear\"><\/div>\n<p>La Universidad Aut\u00f3noma de Chile, a trav\u00e9s de su \u00e1rea de Extensi\u00f3n Cultural, invita a la comunidad a vivir una<\/p>\n","protected":false},"author":1,"featured_media":61635,"comment_status":"open","ping_status":"open","sticky":false,"template":"","format":"standard","meta":{"colormag_page_container_layout":"default_layout","colormag_page_sidebar_layout":"default_layout","footnotes":""},"categories":[86],"tags":[3696],"class_list":["post-61634","post","type-post","status-publish","format-standard","has-post-thumbnail","hentry","category-panoramas","tag-semana-santa"],"a3_pvc":{"activated":true,"total_views":1947,"today_views":1},"_links":{"self":[{"href":"https:\/\/temucotelevision.cl\/web\/wp-json\/wp\/v2\/posts\/61634","targetHints":{"allow":["GET"]}}],"collection":[{"href":"https:\/\/temucotelevision.cl\/web\/wp-json\/wp\/v2\/posts"}],"about":[{"href":"https:\/\/temucotelevision.cl\/web\/wp-json\/wp\/v2\/types\/post"}],"author":[{"embeddable":true,"href":"https:\/\/temucotelevision.cl\/web\/wp-json\/wp\/v2\/users\/1"}],"replies":[{"embeddable":true,"href":"https:\/\/temucotelevision.cl\/web\/wp-json\/wp\/v2\/comments?post=61634"}],"version-history":[{"count":1,"href":"https:\/\/temucotelevision.cl\/web\/wp-json\/wp\/v2\/posts\/61634\/revisions"}],"predecessor-version":[{"id":61636,"href":"https:\/\/temucotelevision.cl\/web\/wp-json\/wp\/v2\/posts\/61634\/revisions\/61636"}],"wp:featuredmedia":[{"embeddable":true,"href":"https:\/\/temucotelevision.cl\/web\/wp-json\/wp\/v2\/media\/61635"}],"wp:attachment":[{"href":"https:\/\/temucotelevision.cl\/web\/wp-json\/wp\/v2\/media?parent=61634"}],"wp:term":[{"taxonomy":"category","embeddable":true,"href":"https:\/\/temucotelevision.cl\/web\/wp-json\/wp\/v2\/categories?post=61634"},{"taxonomy":"post_tag","embeddable":true,"href":"https:\/\/temucotelevision.cl\/web\/wp-json\/wp\/v2\/tags?post=61634"}],"curies":[{"name":"wp","href":"https:\/\/api.w.org\/{rel}","templated":true}]}}