{"id":61625,"date":"2026-03-29T10:54:54","date_gmt":"2026-03-29T13:54:54","guid":{"rendered":"https:\/\/temucotelevision.cl\/web\/?p=61625"},"modified":"2026-03-29T10:54:55","modified_gmt":"2026-03-29T13:54:55","slug":"gobierno-reingresa-decreto-ambiental-clave-para-la-recuperacion-del-lago-villarrica","status":"publish","type":"post","link":"https:\/\/temucotelevision.cl\/web\/2026\/03\/29\/gobierno-reingresa-decreto-ambiental-clave-para-la-recuperacion-del-lago-villarrica\/","title":{"rendered":"Gobierno reingresa decreto ambiental clave para la recuperaci\u00f3n del Lago Villarrica"},"content":{"rendered":"<div class=\"pvc_clear\"><\/div><p id=\"pvc_stats_61625\" class=\"pvc_stats total_only  \" data-element-id=\"61625\" style=\"\"><i class=\"pvc-stats-icon large\" aria-hidden=\"true\"><svg aria-hidden=\"true\" focusable=\"false\" data-prefix=\"far\" data-icon=\"chart-bar\" role=\"img\" xmlns=\"http:\/\/www.w3.org\/2000\/svg\" viewBox=\"0 0 512 512\" class=\"svg-inline--fa fa-chart-bar fa-w-16 fa-2x\"><path fill=\"currentColor\" d=\"M396.8 352h22.4c6.4 0 12.8-6.4 12.8-12.8V108.8c0-6.4-6.4-12.8-12.8-12.8h-22.4c-6.4 0-12.8 6.4-12.8 12.8v230.4c0 6.4 6.4 12.8 12.8 12.8zm-192 0h22.4c6.4 0 12.8-6.4 12.8-12.8V140.8c0-6.4-6.4-12.8-12.8-12.8h-22.4c-6.4 0-12.8 6.4-12.8 12.8v198.4c0 6.4 6.4 12.8 12.8 12.8zm96 0h22.4c6.4 0 12.8-6.4 12.8-12.8V204.8c0-6.4-6.4-12.8-12.8-12.8h-22.4c-6.4 0-12.8 6.4-12.8 12.8v134.4c0 6.4 6.4 12.8 12.8 12.8zM496 400H48V80c0-8.84-7.16-16-16-16H16C7.16 64 0 71.16 0 80v336c0 17.67 14.33 32 32 32h464c8.84 0 16-7.16 16-16v-16c0-8.84-7.16-16-16-16zm-387.2-48h22.4c6.4 0 12.8-6.4 12.8-12.8v-70.4c0-6.4-6.4-12.8-12.8-12.8h-22.4c-6.4 0-12.8 6.4-12.8 12.8v70.4c0 6.4 6.4 12.8 12.8 12.8z\" class=\"\"><\/path><\/svg><\/i> <img loading=\"lazy\" decoding=\"async\" width=\"16\" height=\"16\" alt=\"Loading\" src=\"https:\/\/temucotelevision.cl\/web\/wp-content\/plugins\/page-views-count\/ajax-loader-2x.gif\" border=0 \/><\/p><div class=\"pvc_clear\"><\/div>\n<p><em>El instrumento mantiene sus objetivos, est\u00e1ndares ambientales y obligaciones, incorporando ajustes que fortalecen su aplicaci\u00f3n.<\/em><\/p>\n\n\n\n<p>Luego de realizar una revisi\u00f3n orientada a mejorar la claridad del texto, su coherencia jur\u00eddica y su correcta implementaci\u00f3n, el Ministerio del Medio Ambiente reingres\u00f3 este viernes a la Contralor\u00eda General de la Rep\u00fablica el decreto que aprueba el Plan de Descontaminaci\u00f3n del Lago Villarrica.<\/p>\n\n\n\n<p>El retiro y posterior reingreso del decreto respondi\u00f3 a la necesidad de introducir ajustes formales y precisiones. En este sentido, el instrumento mantiene plenamente sus objetivos ambientales, medidas y obligaciones.<\/p>\n\n\n\n<p>\u201cLuego de una revisi\u00f3n detallada, reingresamos a Contralor\u00eda el decreto del Plan de Descontaminaci\u00f3n del Lago Villarrica, incorporando ajustes que permiten una mejor comprensi\u00f3n y aplicaci\u00f3n del instrumento, sin modificar su est\u00e1ndar ambiental ni las exigencias establecidas\u201d, se\u00f1al\u00f3 la Ministra del Medio Ambiente, Francisca Toledo.<\/p>\n\n\n\n<p>La autoridad agreg\u00f3 que \u201ccomo Ministerio estamos comprometidos con contar con instrumentos ambientales s\u00f3lidos, claros y jur\u00eddicamente consistentes, que permitan avanzar de manera efectiva en la protecci\u00f3n de ecosistemas relevantes y en la mejora de la calidad ambiental para las comunidades\u201d.<\/p>\n\n\n\n<p>En tanto la Seremi del Medio Ambiente Araucan\u00eda, Paula Castillo, indic\u00f3&nbsp;\u201cCon el reingreso del Plan de Descontaminaci\u00f3n del Lago Villarrica a Contralor\u00eda, cumplimos un compromiso que demuestra nuestra voluntad de proteger y recuperar este importante Lago. Adem\u00e1s, estamos impulsando el primer instrumento en Chile enfocado en la recuperaci\u00f3n de un cuerpo de agua, cuya implementaci\u00f3n ser\u00e1 clave para el ecosistema, la comunidad y todo el pa\u00eds\u201d<\/p>\n\n\n\n<p>Entre los principales cambios realizados, se ajustaron conceptos para asegurar coherencia con la legislaci\u00f3n ambiental vigente y se modificaron ciertos plazos establecidos para la SMA en el marco de la dictaci\u00f3n de metodolog\u00edas necesarias para la aplicaci\u00f3n del Plan.<\/p>\n","protected":false},"excerpt":{"rendered":"<div class=\"pvc_clear\"><\/div>\n<p id=\"pvc_stats_61625\" class=\"pvc_stats total_only  \" data-element-id=\"61625\" style=\"\"><i class=\"pvc-stats-icon large\" aria-hidden=\"true\"><svg aria-hidden=\"true\" focusable=\"false\" data-prefix=\"far\" data-icon=\"chart-bar\" role=\"img\" xmlns=\"http:\/\/www.w3.org\/2000\/svg\" viewBox=\"0 0 512 512\" class=\"svg-inline--fa fa-chart-bar fa-w-16 fa-2x\"><path fill=\"currentColor\" d=\"M396.8 352h22.4c6.4 0 12.8-6.4 12.8-12.8V108.8c0-6.4-6.4-12.8-12.8-12.8h-22.4c-6.4 0-12.8 6.4-12.8 12.8v230.4c0 6.4 6.4 12.8 12.8 12.8zm-192 0h22.4c6.4 0 12.8-6.4 12.8-12.8V140.8c0-6.4-6.4-12.8-12.8-12.8h-22.4c-6.4 0-12.8 6.4-12.8 12.8v198.4c0 6.4 6.4 12.8 12.8 12.8zm96 0h22.4c6.4 0 12.8-6.4 12.8-12.8V204.8c0-6.4-6.4-12.8-12.8-12.8h-22.4c-6.4 0-12.8 6.4-12.8 12.8v134.4c0 6.4 6.4 12.8 12.8 12.8zM496 400H48V80c0-8.84-7.16-16-16-16H16C7.16 64 0 71.16 0 80v336c0 17.67 14.33 32 32 32h464c8.84 0 16-7.16 16-16v-16c0-8.84-7.16-16-16-16zm-387.2-48h22.4c6.4 0 12.8-6.4 12.8-12.8v-70.4c0-6.4-6.4-12.8-12.8-12.8h-22.4c-6.4 0-12.8 6.4-12.8 12.8v70.4c0 6.4 6.4 12.8 12.8 12.8z\" class=\"\"><\/path><\/svg><\/i> <img loading=\"lazy\" decoding=\"async\" width=\"16\" height=\"16\" alt=\"Loading\" src=\"https:\/\/temucotelevision.cl\/web\/wp-content\/plugins\/page-views-count\/ajax-loader-2x.gif\" border=0 \/><\/p>\n<div class=\"pvc_clear\"><\/div>\n<p>El instrumento mantiene sus objetivos, est\u00e1ndares ambientales y obligaciones, incorporando ajustes que fortalecen su aplicaci\u00f3n. Luego de realizar una revisi\u00f3n<\/p>\n","protected":false},"author":1,"featured_media":61626,"comment_status":"open","ping_status":"open","sticky":false,"template":"","format":"standard","meta":{"colormag_page_container_layout":"default_layout","colormag_page_sidebar_layout":"default_layout","footnotes":""},"categories":[15],"tags":[502],"class_list":["post-61625","post","type-post","status-publish","format-standard","has-post-thumbnail","hentry","category-la-araucania","tag-lago"],"a3_pvc":{"activated":true,"total_views":3921,"today_views":0},"_links":{"self":[{"href":"https:\/\/temucotelevision.cl\/web\/wp-json\/wp\/v2\/posts\/61625","targetHints":{"allow":["GET"]}}],"collection":[{"href":"https:\/\/temucotelevision.cl\/web\/wp-json\/wp\/v2\/posts"}],"about":[{"href":"https:\/\/temucotelevision.cl\/web\/wp-json\/wp\/v2\/types\/post"}],"author":[{"embeddable":true,"href":"https:\/\/temucotelevision.cl\/web\/wp-json\/wp\/v2\/users\/1"}],"replies":[{"embeddable":true,"href":"https:\/\/temucotelevision.cl\/web\/wp-json\/wp\/v2\/comments?post=61625"}],"version-history":[{"count":1,"href":"https:\/\/temucotelevision.cl\/web\/wp-json\/wp\/v2\/posts\/61625\/revisions"}],"predecessor-version":[{"id":61627,"href":"https:\/\/temucotelevision.cl\/web\/wp-json\/wp\/v2\/posts\/61625\/revisions\/61627"}],"wp:featuredmedia":[{"embeddable":true,"href":"https:\/\/temucotelevision.cl\/web\/wp-json\/wp\/v2\/media\/61626"}],"wp:attachment":[{"href":"https:\/\/temucotelevision.cl\/web\/wp-json\/wp\/v2\/media?parent=61625"}],"wp:term":[{"taxonomy":"category","embeddable":true,"href":"https:\/\/temucotelevision.cl\/web\/wp-json\/wp\/v2\/categories?post=61625"},{"taxonomy":"post_tag","embeddable":true,"href":"https:\/\/temucotelevision.cl\/web\/wp-json\/wp\/v2\/tags?post=61625"}],"curies":[{"name":"wp","href":"https:\/\/api.w.org\/{rel}","templated":true}]}}